{"id":442021,"date":"2022-02-22T07:22:33","date_gmt":"2022-02-22T04:22:33","guid":{"rendered":"http:\/\/arantv.az\/?p=442021"},"modified":"2022-02-22T07:22:33","modified_gmt":"2022-02-22T04:22:33","slug":"turkiy%c9%99-xin-rusiyanin-qondarma-dxr-v%c9%99-lxr-i-tanimasini-pisl%c9%99yib","status":"publish","type":"post","link":"https:\/\/arantv.az\/?p=442021","title":{"rendered":"T\u00fcrkiy\u0259 X\u0130N Rusiyan\u0131n qondarma DXR v\u0259 LXR-i tan\u0131mas\u0131n\u0131 pisl\u0259yib"},"content":{"rendered":"<p>Rusiya Federasiyas\u0131n\u0131n qondarma &#8220;Donetsk v\u0259 Luqansk respublikalar\u0131&#8221;n\u0131 tan\u0131maq q\u0259rar\u0131 Minsk raz\u0131la\u015fmalar\u0131n\u0131n pozulmas\u0131, eyni zamanda Ukraynan\u0131n suverenliyi v\u0259 \u0259razi b\u00fct\u00f6vl\u00fcy\u00fcn\u00fcn a\u00e7\u0131q \u015f\u0259kild\u0259 pozulmas\u0131d\u0131r.<\/p>\n<p><strong>ARANTV.AZ<\/strong> <a href=\"https:\/\/az.trend.az\/\" target=\"_blank\" rel=\"noopener\">Trend<\/a>-\u0259 istinad\u0259n bildirir ki,\u00a0bu bar\u0259d\u0259 T\u00fcrkiy\u0259 Xarici \u0130\u015fl\u0259r Nazirliyinin yayd\u0131\u011f\u0131 b\u0259yanatda deyilir.<\/p>\n<p>&#8220;Biz Rusiyan\u0131n bu q\u0259rar\u0131n\u0131 q\u0259buledilm\u0259z hesab edir v\u0259 r\u0259dd edirik.<\/p>\n<p>Biz Ukraynan\u0131n \u0259razi b\u00fct\u00f6vl\u00fcy\u00fcn\u00fc qorunmas\u0131na sadiqliyimizi vur\u011fulay\u0131r v\u0259 b\u00fct\u00fcn t\u0259r\u0259fl\u0259ri beyn\u0259lxalq h\u00fcquqa h\u00f6rm\u0259t etm\u0259y\u0259 \u00e7a\u011f\u0131r\u0131r\u0131q&#8221;, &#8211; b\u0259yanatda deyilir.<\/p>\n","protected":false},"excerpt":{"rendered":"<p>Rusiya Federasiyas\u0131n\u0131n qondarma &#8220;Donetsk v\u0259 Luqansk respublikalar\u0131&#8221;n\u0131 tan\u0131maq q\u0259rar\u0131 Minsk raz\u0131la\u015fmalar\u0131n\u0131n pozulmas\u0131, eyni zamanda Ukraynan\u0131n suverenliyi v\u0259 \u0259razi b\u00fct\u00f6vl\u00fcy\u00fcn\u00fcn a\u00e7\u0131q \u015f\u0259kild\u0259 pozulmas\u0131d\u0131r. ARANTV.AZ Trend-\u0259 istinad\u0259n bildirir ki,\u00a0bu bar\u0259d\u0259 T\u00fcrkiy\u0259 Xarici \u0130\u015fl\u0259r Nazirliyinin yayd\u0131\u011f\u0131 b\u0259yanatda deyilir. &#8220;Biz Rusiyan\u0131n bu q\u0259rar\u0131n\u0131 q\u0259buledilm\u0259z hesab edir v\u0259 r\u0259dd edirik. Biz Ukraynan\u0131n \u0259razi b\u00fct\u00f6vl\u00fcy\u00fcn\u00fc qorunmas\u0131na sadiqliyimizi vur\u011fulay\u0131r v\u0259 b\u00fct\u00fcn t\u0259r\u0259fl\u0259ri beyn\u0259lxalq h\u00fcquqa h\u00f6rm\u0259t etm\u0259y\u0259 \u00e7a\u011f\u0131r\u0131r\u0131q&#8221;, &#8211; b\u0259yanatda deyilir.<\/p>\n","protected":false},"author":2,"featured_media":442022,"comment_status":"closed","ping_status":"closed","sticky":false,"template":"","format":"standard","meta":{"om_disable_all_campaigns":false,"_monsterinsights_skip_tracking":false,"_monsterinsights_sitenote_active":false,"_monsterinsights_sitenote_note":"","_monsterinsights_sitenote_category":0},"categories":[7],"tags":[],"aioseo_notices":[],"gutentor_comment":0,"rttpg_featured_image_url":{"full":["https:\/\/arantv.az\/wp-content\/uploads\/2022\/02\/mid_turkey_020519.jpg",642,355,false],"landscape":["https:\/\/arantv.az\/wp-content\/uploads\/2022\/02\/mid_turkey_020519.jpg",642,355,false],"portraits":["https:\/\/arantv.az\/wp-content\/uploads\/2022\/02\/mid_turkey_020519.jpg",642,355,false],"thumbnail":["https:\/\/arantv.az\/wp-content\/uploads\/2022\/02\/mid_turkey_020519-500x280.jpg",500,280,true],"medium":["https:\/\/arantv.az\/wp-content\/uploads\/2022\/02\/mid_turkey_020519.jpg",642,355,false],"large":["https:\/\/arantv.az\/wp-content\/uploads\/2022\/02\/mid_turkey_020519.jpg",640,354,false],"1536x1536":["https:\/\/arantv.az\/wp-content\/uploads\/2022\/02\/mid_turkey_020519.jpg",642,355,false],"2048x2048":["https:\/\/arantv.az\/wp-content\/uploads\/2022\/02\/mid_turkey_020519.jpg",642,355,false],"post-thumbnail":["https:\/\/arantv.az\/wp-content\/uploads\/2022\/02\/mid_turkey_020519-240x172.jpg",240,172,true],"advps-thumb-one":["https:\/\/arantv.az\/wp-content\/uploads\/2022\/02\/mid_turkey_020519.jpg",642,355,false]},"rttpg_author":{"display_name":"V\u00fcsal Rafiqo\u011flu","author_link":"https:\/\/arantv.az\/?author=2"},"rttpg_comment":0,"rttpg_category":"<a href=\"https:\/\/arantv.az\/?cat=7\" rel=\"category\">D\u00fcnya<\/a>","rttpg_excerpt":"Rusiya Federasiyas\u0131n\u0131n qondarma &#8220;Donetsk v\u0259 Luqansk respublikalar\u0131&#8221;n\u0131 tan\u0131maq q\u0259rar\u0131 Minsk raz\u0131la\u015fmalar\u0131n\u0131n pozulmas\u0131, eyni zamanda Ukraynan\u0131n suverenliyi v\u0259 \u0259razi b\u00fct\u00f6vl\u00fcy\u00fcn\u00fcn a\u00e7\u0131q \u015f\u0259kild\u0259 pozulmas\u0131d\u0131r. ARANTV.AZ Trend-\u0259 istinad\u0259n bildirir ki,\u00a0bu bar\u0259d\u0259 T\u00fcrkiy\u0259 Xarici \u0130\u015fl\u0259r Nazirliyinin yayd\u0131\u011f\u0131 b\u0259yanatda deyilir. &#8220;Biz Rusiyan\u0131n bu q\u0259rar\u0131n\u0131 q\u0259buledilm\u0259z hesab edir v\u0259 r\u0259dd edirik. Biz Ukraynan\u0131n \u0259razi b\u00fct\u00f6vl\u00fcy\u00fcn\u00fc qorunmas\u0131na sadiqliyimizi vur\u011fulay\u0131r v\u0259 b\u00fct\u00fcn t\u0259r\u0259fl\u0259ri&hellip;","_links":{"self":[{"href":"https:\/\/arantv.az\/index.php?rest_route=\/wp\/v2\/posts\/442021"}],"collection":[{"href":"https:\/\/arantv.az\/index.php?rest_route=\/wp\/v2\/posts"}],"about":[{"href":"https:\/\/arantv.az\/index.php?rest_route=\/wp\/v2\/types\/post"}],"author":[{"embeddable":true,"href":"https:\/\/arantv.az\/index.php?rest_route=\/wp\/v2\/users\/2"}],"replies":[{"embeddable":true,"href":"https:\/\/arantv.az\/index.php?rest_route=%2Fwp%2Fv2%2Fcomments&post=442021"}],"version-history":[{"count":0,"href":"https:\/\/arantv.az\/index.php?rest_route=\/wp\/v2\/posts\/442021\/revisions"}],"wp:featuredmedia":[{"embeddable":true,"href":"https:\/\/arantv.az\/index.php?rest_route=\/wp\/v2\/media\/442022"}],"wp:attachment":[{"href":"https:\/\/arantv.az\/index.php?rest_route=%2Fwp%2Fv2%2Fmedia&parent=442021"}],"wp:term":[{"taxonomy":"category","embeddable":true,"href":"https:\/\/arantv.az\/index.php?rest_route=%2Fwp%2Fv2%2Fcategories&post=442021"},{"taxonomy":"post_tag","embeddable":true,"href":"https:\/\/arantv.az\/index.php?rest_route=%2Fwp%2Fv2%2Ftags&post=442021"}],"curies":[{"name":"wp","href":"https:\/\/api.w.org\/{rel}","templated":true}]}}