{"id":442027,"date":"2022-02-22T07:23:55","date_gmt":"2022-02-22T04:23:55","guid":{"rendered":"http:\/\/arantv.az\/?p=442027"},"modified":"2022-02-22T07:23:55","modified_gmt":"2022-02-22T04:23:55","slug":"turkiy%c9%99-xin-v%c9%99t%c9%99ndaslarini-ukraynanin-s%c9%99rq-rayonlarini-t%c9%99rk-etm%c9%99y%c9%99-cagirib","status":"publish","type":"post","link":"https:\/\/arantv.az\/?p=442027","title":{"rendered":"T\u00fcrkiy\u0259 X\u0130N v\u0259t\u0259nda\u015flar\u0131n\u0131 Ukraynan\u0131n \u015f\u0259rq rayonlar\u0131n\u0131 t\u0259rk etm\u0259y\u0259 \u00e7a\u011f\u0131r\u0131b"},"content":{"rendered":"<p>T\u00fcrkiy\u0259 Xarixi \u0130\u015fl\u0259r Nazirliyi v\u0259t\u0259nda\u015flar\u0131n\u0131 Ukraynan\u0131n \u015f\u0259rq rayonlar\u0131n\u0131 t\u0259rk etm\u0259y\u0259 \u00e7a\u011f\u0131r\u0131b.<\/p>\n<p><strong>ARANTV.AZ<\/strong> <a href=\"https:\/\/az.trend.az\/\" target=\"_blank\" rel=\"noopener\">Trend<\/a>-\u0259 istinad\u0259n bildirir ki,\u00a0bu Nazirliyin yayd\u0131\u011f\u0131 m\u0259lumatda \u00f6z \u0259ksini tap\u0131b.<\/p>\n<p>&#8220;Son hadis\u0259l\u0259rl\u0259 ba\u011fl\u0131 v\u0259t\u0259nda\u015flar\u0131m\u0131z\u0131 t\u0259kidl\u0259 Ukraynan\u0131n \u015f\u0259rq rayonlar\u0131n\u0131 t\u0259rk etm\u0259y\u0259 \u00e7a\u011f\u0131r\u0131r\u0131q. Laz\u0131m olarsa v\u0259t\u0259nda\u015flar\u0131m\u0131za Kiyevd\u0259ki s\u0259firliyimiz\u0259 m\u00fcraci\u0259t etm\u0259yi t\u00f6vsiy\u0259 edirik&#8221;, &#8211; m\u0259lumatda bildirilir.<\/p>\n","protected":false},"excerpt":{"rendered":"<p>T\u00fcrkiy\u0259 Xarixi \u0130\u015fl\u0259r Nazirliyi v\u0259t\u0259nda\u015flar\u0131n\u0131 Ukraynan\u0131n \u015f\u0259rq rayonlar\u0131n\u0131 t\u0259rk etm\u0259y\u0259 \u00e7a\u011f\u0131r\u0131b. ARANTV.AZ Trend-\u0259 istinad\u0259n bildirir ki,\u00a0bu Nazirliyin yayd\u0131\u011f\u0131 m\u0259lumatda \u00f6z \u0259ksini tap\u0131b. &#8220;Son hadis\u0259l\u0259rl\u0259 ba\u011fl\u0131 v\u0259t\u0259nda\u015flar\u0131m\u0131z\u0131 t\u0259kidl\u0259 Ukraynan\u0131n \u015f\u0259rq rayonlar\u0131n\u0131 t\u0259rk etm\u0259y\u0259 \u00e7a\u011f\u0131r\u0131r\u0131q. Laz\u0131m olarsa v\u0259t\u0259nda\u015flar\u0131m\u0131za Kiyevd\u0259ki s\u0259firliyimiz\u0259 m\u00fcraci\u0259t etm\u0259yi t\u00f6vsiy\u0259 edirik&#8221;, &#8211; m\u0259lumatda bildirilir.<\/p>\n","protected":false},"author":2,"featured_media":442028,"comment_status":"closed","ping_status":"closed","sticky":false,"template":"","format":"standard","meta":{"om_disable_all_campaigns":false,"_monsterinsights_skip_tracking":false,"_monsterinsights_sitenote_active":false,"_monsterinsights_sitenote_note":"","_monsterinsights_sitenote_category":0},"categories":[7],"tags":[],"aioseo_notices":[],"gutentor_comment":0,"rttpg_featured_image_url":{"full":["https:\/\/arantv.az\/wp-content\/uploads\/2022\/02\/mid_turkey_301014.jpg",1200,900,false],"landscape":["https:\/\/arantv.az\/wp-content\/uploads\/2022\/02\/mid_turkey_301014.jpg",1200,900,false],"portraits":["https:\/\/arantv.az\/wp-content\/uploads\/2022\/02\/mid_turkey_301014.jpg",1200,900,false],"thumbnail":["https:\/\/arantv.az\/wp-content\/uploads\/2022\/02\/mid_turkey_301014-500x280.jpg",500,280,true],"medium":["https:\/\/arantv.az\/wp-content\/uploads\/2022\/02\/mid_turkey_301014-487x365.jpg",487,365,true],"large":["https:\/\/arantv.az\/wp-content\/uploads\/2022\/02\/mid_turkey_301014-840x630.jpg",640,480,true],"1536x1536":["https:\/\/arantv.az\/wp-content\/uploads\/2022\/02\/mid_turkey_301014.jpg",1200,900,false],"2048x2048":["https:\/\/arantv.az\/wp-content\/uploads\/2022\/02\/mid_turkey_301014.jpg",1200,900,false],"post-thumbnail":["https:\/\/arantv.az\/wp-content\/uploads\/2022\/02\/mid_turkey_301014-240x172.jpg",240,172,true],"advps-thumb-one":["https:\/\/arantv.az\/wp-content\/uploads\/2022\/02\/mid_turkey_301014-1200x620.jpg",1200,620,true]},"rttpg_author":{"display_name":"V\u00fcsal Rafiqo\u011flu","author_link":"https:\/\/arantv.az\/?author=2"},"rttpg_comment":0,"rttpg_category":"<a href=\"https:\/\/arantv.az\/?cat=7\" rel=\"category\">D\u00fcnya<\/a>","rttpg_excerpt":"T\u00fcrkiy\u0259 Xarixi \u0130\u015fl\u0259r Nazirliyi v\u0259t\u0259nda\u015flar\u0131n\u0131 Ukraynan\u0131n \u015f\u0259rq rayonlar\u0131n\u0131 t\u0259rk etm\u0259y\u0259 \u00e7a\u011f\u0131r\u0131b. ARANTV.AZ Trend-\u0259 istinad\u0259n bildirir ki,\u00a0bu Nazirliyin yayd\u0131\u011f\u0131 m\u0259lumatda \u00f6z \u0259ksini tap\u0131b. &#8220;Son hadis\u0259l\u0259rl\u0259 ba\u011fl\u0131 v\u0259t\u0259nda\u015flar\u0131m\u0131z\u0131 t\u0259kidl\u0259 Ukraynan\u0131n \u015f\u0259rq rayonlar\u0131n\u0131 t\u0259rk etm\u0259y\u0259 \u00e7a\u011f\u0131r\u0131r\u0131q. Laz\u0131m olarsa v\u0259t\u0259nda\u015flar\u0131m\u0131za Kiyevd\u0259ki s\u0259firliyimiz\u0259 m\u00fcraci\u0259t etm\u0259yi t\u00f6vsiy\u0259 edirik&#8221;, &#8211; m\u0259lumatda bildirilir.","_links":{"self":[{"href":"https:\/\/arantv.az\/index.php?rest_route=\/wp\/v2\/posts\/442027"}],"collection":[{"href":"https:\/\/arantv.az\/index.php?rest_route=\/wp\/v2\/posts"}],"about":[{"href":"https:\/\/arantv.az\/index.php?rest_route=\/wp\/v2\/types\/post"}],"author":[{"embeddable":true,"href":"https:\/\/arantv.az\/index.php?rest_route=\/wp\/v2\/users\/2"}],"replies":[{"embeddable":true,"href":"https:\/\/arantv.az\/index.php?rest_route=%2Fwp%2Fv2%2Fcomments&post=442027"}],"version-history":[{"count":0,"href":"https:\/\/arantv.az\/index.php?rest_route=\/wp\/v2\/posts\/442027\/revisions"}],"wp:featuredmedia":[{"embeddable":true,"href":"https:\/\/arantv.az\/index.php?rest_route=\/wp\/v2\/media\/442028"}],"wp:attachment":[{"href":"https:\/\/arantv.az\/index.php?rest_route=%2Fwp%2Fv2%2Fmedia&parent=442027"}],"wp:term":[{"taxonomy":"category","embeddable":true,"href":"https:\/\/arantv.az\/index.php?rest_route=%2Fwp%2Fv2%2Fcategories&post=442027"},{"taxonomy":"post_tag","embeddable":true,"href":"https:\/\/arantv.az\/index.php?rest_route=%2Fwp%2Fv2%2Ftags&post=442027"}],"curies":[{"name":"wp","href":"https:\/\/api.w.org\/{rel}","templated":true}]}}