{"id":442030,"date":"2022-02-22T07:25:31","date_gmt":"2022-02-22T04:25:31","guid":{"rendered":"http:\/\/arantv.az\/?p=442030"},"modified":"2022-02-22T07:25:31","modified_gmt":"2022-02-22T04:25:31","slug":"az%c9%99rbaycan-rusiya-il%c9%99-mutt%c9%99fiqlik-sazisi-imzalayacaq-s%c9%99b%c9%99bl%c9%99r-n%c9%99tic%c9%99l%c9%99r","status":"publish","type":"post","link":"https:\/\/arantv.az\/?p=442030","title":{"rendered":"Az\u0259rbaycan Rusiya il\u0259 m\u00fctt\u0259fiqlik sazi\u015fi imzalayacaq: S\u018fB\u018fBL\u018fR, N\u018fT\u0130C\u018fL\u018fR"},"content":{"rendered":"<blockquote><p><em><strong>Az\u0259rbaycanla Rusiya Federasiyas\u0131 aras\u0131nda siyasi, iqtisadi v\u0259 h\u0259rbi m\u00fctt\u0259fiqlik m\u00fcnasib\u0259tl\u0259rini n\u0259z\u0259rd\u0259 tutan anla\u015fman\u0131n imzalanmas\u0131 n\u0259z\u0259rd\u0259 tutulur.<\/strong><\/em><\/p><\/blockquote>\n<p>\u0130lham \u018fliyevin Rusiya Federasiyas\u0131na s\u0259f\u0259ri v\u0259 h\u0259mkar\u0131 Vladimir Putinl\u0259 g\u00f6r\u00fc\u015f\u00fcb dan\u0131\u015f\u0131qlar aparmas\u0131 iki \u0259sas m\u0259qam bax\u0131m\u0131ndan \u00f6n\u0259mlidir.<\/p>\n<p>Az\u0259rbaycan\u0131n erm\u0259ni i\u015f\u011fal\u0131nda olan \u0259razil\u0259rinin azad edilm\u0259sind\u0259 Rusiyan\u0131n t\u0259bii ki, rolu var. Bunu etiraf ets\u0259k d\u0259, etm\u0259s\u0259k d\u0259, fakt faktl\u0131\u011f\u0131nda qal\u0131r: 44 g\u00fcnl\u00fck \u0130kinci Qaraba\u011f M\u00fcharib\u0259sind\u0259 Rusiya Federasiyas\u0131 Erm\u0259nistan\u0131 d\u0259st\u0259kl\u0259m\u0259k fikrin\u0259 d\u00fc\u015fs\u0259ydi, sava\u015fda q\u0259l\u0259b\u0259 \u0259ld\u0259 etm\u0259k asan olmayacaqd\u0131.<\/p>\n<p>H\u0259min d\u00f6vrd\u0259 Az\u0259rbaycan diplomatiyas\u0131 Kremld\u0259ki hakimiyy\u0259tin b\u00fct\u00fcn d\u00fc\u015f\u0259rg\u0259l\u0259ri v\u0259 sektorlar\u0131 il\u0259 anla\u015fa bildi. MDB \u00f6lk\u0259l\u0259rinin Kollektiv T\u0259hl\u00fck\u0259sizlik M\u00fcqavil\u0259si T\u0259\u015fkilat\u0131n\u0131n (KTMT) \u00fcvz\u00fc olan Erm\u0259nistan\u0131n d\u0259f\u0259l\u0259rl\u0259 bu struktura m\u00fcraci\u0259t etm\u0259sin\u0259, KTMT-ni h\u0259rbi \u0259m\u0259liyyatlar\u0131na qatmaq v\u0259 Rusiyan\u0131 t\u0259r\u0259f qismind\u0259 m\u00fcharib\u0259y\u0259 c\u0259lb etm\u0259k c\u0259hdl\u0259rin\u0259 r\u0259\u011fm\u0259n, Kreml soyuqqanl\u0131 davran\u0131q s\u0259rgil\u0259di.<\/p>\n<p>Rusiya Prezidenti Vladimir Putin is\u0259 Erm\u0259nistan\u0131n ba\u015f naziri Nikol Pa\u015finyan\u0131n bitm\u0259k bilm\u0259y\u0259n yalvar\u0131\u015flar\u0131na r\u0259\u011fm\u0259n, Az\u0259rbaycan\u0131n h\u0259rbi \u0259m\u0259liyyatlar\u0131 \u00f6z \u0259razisind\u0259 apard\u0131\u011f\u0131n\u0131 v\u0259 BMT Nizamnam\u0259sini pozmad\u0131\u011f\u0131n\u0131, Qaraba\u011f\u0131n da Az\u0259rbaycan \u0259razisi oldu\u011funu b\u0259yan etdi.<\/p>\n<p>Daha sonra KTMT b\u0259yanatlar ver\u0259r\u0259k h\u0259rbi \u0259m\u0259liyyatlar\u0131n Erm\u0259nistan yox, Az\u0259rbaycan \u0259razisind\u0259 apar\u0131ld\u0131\u011f\u0131n\u0131 v\u0259 bu s\u0259b\u0259bd\u0259n d\u0259 t\u0259\u015fkilat\u0131n Erm\u0259nistana h\u0259rbi yard\u0131m ed\u0259 bilm\u0259y\u0259c\u0259yini vur\u011fulad\u0131.<\/p>\n<p>Avropan\u0131n tutdu\u011fu m\u00f6vqey\u0259 g\u0259ldikd\u0259 is\u0259, BMT T\u0259hl\u00fck\u0259sizlik \u015euras\u0131n\u0131n 4 m\u0259lum b\u0259yannam\u0259sin\u0259 r\u0259\u011fm\u0259n, AT\u018fT i\u015f\u011fal\u0131n 30 ili \u0259rzind\u0259 m\u00fcnaqi\u015f\u0259nin dinc yolla nizamlanmas\u0131 \u00fc\u00e7\u00fcn he\u00e7 bir effektiv add\u0131m atmad\u0131. AT\u018fT-in Minsk Qrupu \u00e7oxsayl\u0131 t\u0259klifl\u0259r, variantlar, prinsipl\u0259r v\u0259 invariasiyalar\u0131 ir\u0259li s\u00fcrs\u0259 d\u0259, \u0259m\u0259ll\u0259 s\u00f6z\u00fcn aras\u0131ndak\u0131 u\u00e7urumun nec\u0259 ola bil\u0259c\u0259yini a\u015fkar g\u00f6st\u0259rdi.<\/p>\n<p><img src=\"https:\/\/img.milli.az\/2022\/02\/22\/16020588375f7d7a554a32e0.32800342.jpg\" alt=\"\" \/><\/p>\n<p>Minsk Qrupunun h\u0259ms\u0259drl\u0259ri h\u0259r d\u0259f\u0259 Xank\u0259ndiy\u0259 yollananda orada real faktara\u015fd\u0131r\u0131c\u0131 missiyan\u0131 ger\u00e7\u0259kl\u0259\u015fdirm\u0259k \u0259v\u0259zin\u0259 yerli erm\u0259nil\u0259rin t\u0259\u015fkil etdikl\u0259ri ziyaf\u0259t m\u0259clisl\u0259rind\u0259 yeyib-i\u00e7ir, \u0259yl\u0259nir, Qaraba\u011f\u0131n i\u015f\u011fal olunmu\u015f \u0259razil\u0259rind\u0259ki istirah\u0259t m\u0259rk\u0259zind\u0259 &#8220;relaksinq&#8221;l\u0259 m\u0259\u015f\u011ful olurdular.<\/p>\n<p>Avropa \u0130ttifaq\u0131n\u0131n v\u0259 \u00fcmumiyy\u0259tl\u0259, pan-Avropa t\u0259\u015fkilatlar\u0131n\u0131n 44 g\u00fcnl\u00fck V\u0259t\u0259n M\u00fcharib\u0259sind\u0259 tutduqlar\u0131 m\u00f6vqe, yum\u015faq des\u0259k, inert idi v\u0259 problemin h\u0259llind\u0259 Bak\u0131n\u0131n tutdu\u011fu q\u0259tiyy\u0259tli, amma beyn\u0259lxalq h\u00fcququn normalar\u0131 il\u0259 prinsipl\u0259rin\u0259 tam uy\u011fun m\u00f6vqeyi il\u0259 davran\u0131\u015f\u0131n\u0131n, y\u00fcr\u00fctd\u00fcy\u00fc siyas\u0259tin t\u0259qdirin\u0259 y\u00f6n\u0259lm\u0259mi\u015fdi.<\/p>\n<p>Avropa sava\u015f\u0131 anlay\u0131\u015fla qar\u015f\u0131lamad\u0131 v\u0259 h\u0259tta bir s\u0131ra Avropa \u00f6lk\u0259l\u0259ri, t\u0259\u015fkilatlar\u0131 v\u0259 siyas\u0259t\u00e7il\u0259ri i\u015f\u011fal\u00e7\u0131 Erm\u0259nistana d\u0259st\u0259k verdil\u0259r.<\/p>\n<p>Bunu bilirik, \u00e7\u00fcnki yax\u0131n tarixdir.<\/p>\n<p>\u0130lham \u018fliyevl\u0259 Vladitmir Putinin g\u00f6r\u00fc\u015f\u00fc v\u0259 dan\u0131\u015f\u0131qlar\u0131 Ukrayna il\u0259 ba\u011fl\u0131 b\u00f6hran\u0131n pik n\u00f6qt\u0259sind\u0259, r\u0259smi Moskvan\u0131n Ukraynan\u0131n \u015f\u0259rqind\u0259ki qondarma &#8220;Luqansk Xalq Respublikas\u0131&#8221;n\u0131n v\u0259 &#8220;Donetsk Xalq Respublikas\u0131&#8221;n\u0131n m\u00fcst\u0259qilliyinin tan\u0131nmas\u0131, habel\u0259 Rusiya il\u0259 bu strukturlar aras\u0131nda qar\u015f\u0131l\u0131ql\u0131 anla\u015fma, dostluq, m\u00fctt\u0259fiqlik v\u0259 h\u0259rbi yard\u0131m bar\u0259d\u0259 f\u0259rman imzalad\u0131\u011f\u0131 d\u00f6vrd\u0259 ba\u015f verir.<\/p>\n<p>Bu s\u0259b\u0259bd\u0259n he\u00e7 h\u00fcbh\u0259siz ki, iki d\u00f6vl\u0259t ba\u015f\u00e7\u0131s\u0131 aras\u0131ndak\u0131 dan\u0131\u015f\u0131qlarda Ukrayna il\u0259 ba\u011fl\u0131 situasiya \u00f6n\u0259mli m\u00fczakir\u0259 m\u00f6vzular\u0131ndan biri olacaq.<\/p>\n<p>B\u0259hs olunan s\u0259n\u0259d 2021-ci ilin iyun ay\u0131nda Az\u0259rbaycanla T\u00fcrkiy\u0259 aras\u0131nda h\u0259rbi-siyasi t\u0259r\u0259fda\u015fl\u0131q v\u0259 m\u00fctt\u0259fiqlik bar\u0259d\u0259 \u015eu\u015fada imzalanm\u0131\u015f b\u0259yannam\u0259nin m\u0259ntiqi davam\u0131 da say\u0131la bil\u0259r.<\/p>\n<p>Bak\u0131 il\u0259 Moskva aras\u0131ndak\u0131 analoji s\u0259n\u0259dl\u0259 ba\u011fl\u0131 haz\u0131rl\u0131q i\u015fl\u0259ri h\u0259l\u0259 \u00f6t\u0259n il ba\u015flanm\u0131\u015fd\u0131.<\/p>\n<p>Daha sonra, 2021-ci ilin son g\u00fcn\u00fcnd\u0259 Az\u0259rbaycan Prezidenti \u0130lham \u018fliyev xalqa m\u00fcraci\u0259tind\u0259 \u00f6lk\u0259mizin Rusiya il\u0259 \u0259laq\u0259l\u0259rinin keyfiyy\u0259tc\u0259 yeni s\u0259viyy\u0259y\u0259 y\u00fcks\u0259l\u0259c\u0259yini, miqyas\u0131n\u0131n geni\u015fl\u0259n\u0259c\u0259yini b\u0259yan etmi\u015fdi.<\/p>\n<p>Bak\u0131-Moskva m\u00fcnasib\u0259tl\u0259rinin inki\u015faf\u0131 yax\u0131n aylarda t\u0259kan alm\u0131\u015f proses olmad\u0131\u011f\u0131ndan, Kremld\u0259 apar\u0131lacaq dan\u0131\u015f\u0131qlar da nonses t\u0259siri ba\u011f\u0131\u015flamamal\u0131d\u0131r.<\/p>\n<p><img src=\"https:\/\/img.milli.az\/2022\/02\/22\/1613722673_5.jpg\" alt=\"\" \/><\/p>\n<p>Bel\u0259dirs\u0259, Rusiya v\u0259 Az\u0259rbaycan aras\u0131ndak\u0131 \u0259laq\u0259l\u0259rin inki\u015faf\u0131n\u0131 n\u0259 \u00fc\u00e7\u00fcn, hans\u0131 s\u0259b\u0259bd\u0259n v\u0259 n\u0259 kimi \u0259saslarla &#8220;Rusiya Az\u0259rbaycan\u0131 ilhaq, i\u015f\u011fal ed\u0259c\u0259k&#8221; dey\u0259nl\u0259r, ba\u015f ver\u0259nl\u0259rin V\u0259t\u0259n M\u00fcharib\u0259sinin n\u0259tic\u0259l\u0259rini az qala dezaviuasiya ed\u0259c\u0259yini iddia ed\u0259nl\u0259r hans\u0131 m\u0259ntiq\u0259 \u0259saslan\u0131r?<\/p>\n<p>\u00dcst\u0259lik, Az\u0259rbaycanla Rusiya aras\u0131nda m\u00fctt\u0259fiqlik m\u00fcnasib\u0259tl\u0259rini ehtiva ed\u0259n anla\u015fman\u0131n m\u0259tni, s\u0259n\u0259d a\u00e7\u0131qlanmad\u0131\u011f\u0131 halda onunla ba\u011fl\u0131 m\u00fchakim\u0259l\u0259r v\u0259 t\u0259hlill\u0259r etm\u0259k, m\u00f6vqe b\u0259yan etm\u0259k \u0259n az\u0131 t\u0259l\u0259sk\u0259nlikdir.<\/p>\n<p>R\u0259smi Bak\u0131n\u0131n Moskva il\u0259 imzalayaca\u011f\u0131 s\u0259n\u0259d he\u00e7 bir halda Rusiyaya bu v\u0259 dig\u0259r formatda, yaxud formada \u00fcst\u00fcnl\u00fck vermir, Az\u0259rbaycan \u0259razisind\u0259 Rusiya \u00fc\u00e7\u00fcn he\u00e7 bir imtiyazlar\u0131, g\u00fcz\u0259\u015ftl\u0259ri ehtiva etmir.<\/p>\n<p>S\u0259n\u0259d sad\u0259c\u0259, k\u0259nardan t\u0259hl\u00fck\u0259 olarsa, t\u0259r\u0259fl\u0259rin bir-birl\u0259rin\u0259 d\u0259st\u0259k ver\u0259c\u0259yini n\u0259z\u0259rd\u0259 tutur v\u0259 \u0259n ba\u015fl\u0131cas\u0131, Az\u0259rbaycanla Rusiyan\u0131n bir-birl\u0259rinin daxili i\u015fl\u0259rin\u0259 qar\u0131\u015fmayaca\u011f\u0131n\u0131 m\u00fc\u0259yy\u0259nl\u0259\u015fdirir.<\/p>\n<p>Eyni zamanda, bu m\u00fcqavil\u0259 Erm\u0259nistan \u00fc\u00e7\u00fcn \u015fok effekti yarad\u0131b, \u00e7\u00fcnki indiy\u0259d\u0259k KTMT \u00fczv\u00fc v\u0259 &#8220;Rusiyan\u0131n m\u00fctt\u0259fiqi&#8221; olmas\u0131n\u0131 bravur b\u0259yanatlar\u0131nda vur\u011fulay\u0131b bu m\u0259qamlar\u0131 h\u0259r add\u0131mda qabardan r\u0259smi \u0130r\u0259van bundan sonra qar\u015f\u0131s\u0131nda Rusiyan\u0131n strateji t\u0259r\u0259fda\u015f\u0131 statusu il\u0259 bah\u0259m, Rusiyan\u0131n m\u00fctt\u0259fiqi statutuna malik Az\u0259rbaycan\u0131 g\u00f6r\u0259c\u0259k.<\/p>\n<p>S\u0259n\u0259din Az\u0259rbaycan\u0131n &#8220;Rusiyan\u0131n t\u0259sir orbitin\u0259 d\u00fc\u015fm\u0259si, KTMT-y\u0259 qo\u015fulma\u011fa vadar edil\u0259c\u0259yi&#8221; il\u0259 ba\u011fl\u0131 iddialar da \u0259sass\u0131zd\u0131r. Az\u0259rbaycan Qo\u015fulmama H\u0259r\u0259kat\u0131n\u0131n s\u0259dri v\u0259 \u00fczv\u00fcd\u00fcr. \u00d6dk\u0259miz he\u00e7 bir h\u0259rbi blokda, t\u0259\u015fkilatda v\u0259 ya geosiyasi sindikatda t\u0259msil olunmay\u0131b, olunmaq niyy\u0259tind\u0259 d\u0259 deyil.<\/p>\n<p><img src=\"https:\/\/img.milli.az\/2022\/02\/22\/34587.jpg\" alt=\"\" \/><\/p>\n<p>Moskva il\u0259 imzalanacaq s\u0259n\u0259d Az\u0259rbaycan\u0131n t\u0259hl\u00fck\u0259sizliyinin, s\u0259rh\u0259d toxunulmazl\u0131\u011f\u0131n\u0131n v\u0259 \u0259razi b\u00fct\u00f6vl\u00fcy\u00fcn\u00fcn qorunmas\u0131na y\u00f6n\u0259lib.<\/p>\n<p>T\u00fcrkiy\u0259 il\u0259 \u015eu\u015fa b\u0259yannam\u0259si imzalayaraq ikit\u0259r\u0259fli m\u00fctt\u0259fiqlik mexanizml\u0259ri yaradan Az\u0259rbaycan Rusiya il\u0259 d\u0259 praktiki olaraq b\u0259nz\u0259r s\u0259n\u0259d imzalay\u0131r.<\/p>\n<p>Qar\u015f\u0131da is\u0259 Avropa \u0130ttifaq\u0131 il\u0259 m\u00fctt\u0259fiqliyi v\u0259 strateji, siyasi, iqtisadi t\u0259r\u0259fda\u015fl\u0131\u011f\u0131 n\u0259z\u0259rd\u0259 tutan anla\u015fman\u0131n imzalanmas\u0131 proseduru var.<\/p>\n<p>Onu da unutmayaq ki, s\u0259n\u0259din imzalanmas\u0131nda T\u00fcrkiy\u0259 d\u0259 maraql\u0131d\u0131r. Bel\u0259likl\u0259, C\u0259nubi Qafqazda \u00e7ox maraql\u0131 Az\u0259rbaycan-T\u00fcrkiy\u0259-Rusiya konfiqurasiyas\u0131 yaran\u0131r ki, bu trioya \u0130ran v\u0259 G\u00fcrc\u00fcstan t\u0259r\u0259fda\u015f qismind\u0259 qo\u015fulmaq niyy\u0259tind\u0259dir.<\/p>\n<p>Ukrayna b\u00f6hran\u0131n\u0131n da m\u0259hz \u018fliyev-\u018frdo\u011fan-Zelenski-Putin \u0259m\u0259kda\u015fl\u0131\u011f\u0131n\u0131n geosiyasi m\u0259qam vektorlar\u0131 \u00e7\u0259r\u00e7iv\u0259sind\u0259 nizamlanmas\u0131 istisna deyil.<\/p>\n<p>Az\u0259rbaycan b\u00fct\u00fcn q\u00fctbl\u0259rl\u0259 m\u00fctt\u0259fiq v\u0259 t\u0259r\u0259fda\u015f olur.<\/p>\n<p>V\u0259 bu, yax\u015f\u0131d\u0131r.<\/p>\n","protected":false},"excerpt":{"rendered":"<p>Az\u0259rbaycanla Rusiya Federasiyas\u0131 aras\u0131nda siyasi, iqtisadi v\u0259 h\u0259rbi m\u00fctt\u0259fiqlik m\u00fcnasib\u0259tl\u0259rini n\u0259z\u0259rd\u0259 tutan anla\u015fman\u0131n imzalanmas\u0131 n\u0259z\u0259rd\u0259 tutulur. \u0130lham \u018fliyevin Rusiya Federasiyas\u0131na s\u0259f\u0259ri v\u0259 h\u0259mkar\u0131 Vladimir Putinl\u0259 g\u00f6r\u00fc\u015f\u00fcb dan\u0131\u015f\u0131qlar aparmas\u0131 iki \u0259sas m\u0259qam bax\u0131m\u0131ndan \u00f6n\u0259mlidir. Az\u0259rbaycan\u0131n erm\u0259ni i\u015f\u011fal\u0131nda olan \u0259razil\u0259rinin azad edilm\u0259sind\u0259 Rusiyan\u0131n t\u0259bii ki, rolu var. Bunu etiraf ets\u0259k d\u0259, etm\u0259s\u0259k d\u0259, fakt faktl\u0131\u011f\u0131nda qal\u0131r: 44 g\u00fcnl\u00fck \u0130kinci Qaraba\u011f M\u00fcharib\u0259sind\u0259 Rusiya Federasiyas\u0131 Erm\u0259nistan\u0131 d\u0259st\u0259kl\u0259m\u0259k fikrin\u0259 d\u00fc\u015fs\u0259ydi, sava\u015fda q\u0259l\u0259b\u0259 \u0259ld\u0259 etm\u0259k asan olmayacaqd\u0131. H\u0259min d\u00f6vrd\u0259 Az\u0259rbaycan diplomatiyas\u0131 Kremld\u0259ki hakimiyy\u0259tin b\u00fct\u00fcn d\u00fc\u015f\u0259rg\u0259l\u0259ri v\u0259 sektorlar\u0131 il\u0259 anla\u015fa bildi. MDB \u00f6lk\u0259l\u0259rinin Kollektiv T\u0259hl\u00fck\u0259sizlik M\u00fcqavil\u0259si T\u0259\u015fkilat\u0131n\u0131n&hellip;<\/p>\n","protected":false},"author":2,"featured_media":442031,"comment_status":"closed","ping_status":"closed","sticky":false,"template":"","format":"standard","meta":{"om_disable_all_campaigns":false,"_monsterinsights_skip_tracking":false,"_monsterinsights_sitenote_active":false,"_monsterinsights_sitenote_note":"","_monsterinsights_sitenote_category":0},"categories":[4],"tags":[],"aioseo_notices":[],"gutentor_comment":0,"rttpg_featured_image_url":{"full":["https:\/\/arantv.az\/wp-content\/uploads\/2022\/02\/putin_aliyev_278347856.jpg",750,499,false],"landscape":["https:\/\/arantv.az\/wp-content\/uploads\/2022\/02\/putin_aliyev_278347856.jpg",750,499,false],"portraits":["https:\/\/arantv.az\/wp-content\/uploads\/2022\/02\/putin_aliyev_278347856.jpg",750,499,false],"thumbnail":["https:\/\/arantv.az\/wp-content\/uploads\/2022\/02\/putin_aliyev_278347856-500x280.jpg",500,280,true],"medium":["https:\/\/arantv.az\/wp-content\/uploads\/2022\/02\/putin_aliyev_278347856-549x365.jpg",549,365,true],"large":["https:\/\/arantv.az\/wp-content\/uploads\/2022\/02\/putin_aliyev_278347856.jpg",640,426,false],"1536x1536":["https:\/\/arantv.az\/wp-content\/uploads\/2022\/02\/putin_aliyev_278347856.jpg",750,499,false],"2048x2048":["https:\/\/arantv.az\/wp-content\/uploads\/2022\/02\/putin_aliyev_278347856.jpg",750,499,false],"post-thumbnail":["https:\/\/arantv.az\/wp-content\/uploads\/2022\/02\/putin_aliyev_278347856-240x172.jpg",240,172,true],"advps-thumb-one":["https:\/\/arantv.az\/wp-content\/uploads\/2022\/02\/putin_aliyev_278347856.jpg",750,499,false]},"rttpg_author":{"display_name":"V\u00fcsal Rafiqo\u011flu","author_link":"https:\/\/arantv.az\/?author=2"},"rttpg_comment":0,"rttpg_category":"<a href=\"https:\/\/arantv.az\/?cat=4\" rel=\"category\">Siyas\u0259t<\/a>","rttpg_excerpt":"Az\u0259rbaycanla Rusiya Federasiyas\u0131 aras\u0131nda siyasi, iqtisadi v\u0259 h\u0259rbi m\u00fctt\u0259fiqlik m\u00fcnasib\u0259tl\u0259rini n\u0259z\u0259rd\u0259 tutan anla\u015fman\u0131n imzalanmas\u0131 n\u0259z\u0259rd\u0259 tutulur. \u0130lham \u018fliyevin Rusiya Federasiyas\u0131na s\u0259f\u0259ri v\u0259 h\u0259mkar\u0131 Vladimir Putinl\u0259 g\u00f6r\u00fc\u015f\u00fcb dan\u0131\u015f\u0131qlar aparmas\u0131 iki \u0259sas m\u0259qam bax\u0131m\u0131ndan \u00f6n\u0259mlidir. Az\u0259rbaycan\u0131n erm\u0259ni i\u015f\u011fal\u0131nda olan \u0259razil\u0259rinin azad edilm\u0259sind\u0259 Rusiyan\u0131n t\u0259bii ki, rolu var. Bunu etiraf ets\u0259k d\u0259, etm\u0259s\u0259k d\u0259, fakt faktl\u0131\u011f\u0131nda qal\u0131r: 44&hellip;","_links":{"self":[{"href":"https:\/\/arantv.az\/index.php?rest_route=\/wp\/v2\/posts\/442030"}],"collection":[{"href":"https:\/\/arantv.az\/index.php?rest_route=\/wp\/v2\/posts"}],"about":[{"href":"https:\/\/arantv.az\/index.php?rest_route=\/wp\/v2\/types\/post"}],"author":[{"embeddable":true,"href":"https:\/\/arantv.az\/index.php?rest_route=\/wp\/v2\/users\/2"}],"replies":[{"embeddable":true,"href":"https:\/\/arantv.az\/index.php?rest_route=%2Fwp%2Fv2%2Fcomments&post=442030"}],"version-history":[{"count":0,"href":"https:\/\/arantv.az\/index.php?rest_route=\/wp\/v2\/posts\/442030\/revisions"}],"wp:featuredmedia":[{"embeddable":true,"href":"https:\/\/arantv.az\/index.php?rest_route=\/wp\/v2\/media\/442031"}],"wp:attachment":[{"href":"https:\/\/arantv.az\/index.php?rest_route=%2Fwp%2Fv2%2Fmedia&parent=442030"}],"wp:term":[{"taxonomy":"category","embeddable":true,"href":"https:\/\/arantv.az\/index.php?rest_route=%2Fwp%2Fv2%2Fcategories&post=442030"},{"taxonomy":"post_tag","embeddable":true,"href":"https:\/\/arantv.az\/index.php?rest_route=%2Fwp%2Fv2%2Ftags&post=442030"}],"curies":[{"name":"wp","href":"https:\/\/api.w.org\/{rel}","templated":true}]}}