{"id":442033,"date":"2022-02-22T07:30:09","date_gmt":"2022-02-22T04:30:09","guid":{"rendered":"http:\/\/arantv.az\/?p=442033"},"modified":"2022-02-22T07:30:09","modified_gmt":"2022-02-22T04:30:09","slug":"sosial-xidm%c9%99tl%c9%99r-agentliyi-bakida-saglamliq-imkanlari-m%c9%99hdud-100-d%c9%99n-cox-usaga-s%c9%99yyar-formada-reabilitasiya-xidm%c9%99tl%c9%99ri-gost%c9%99rir","status":"publish","type":"post","link":"https:\/\/arantv.az\/?p=442033","title":{"rendered":"Sosial Xidm\u0259tl\u0259r Agentliyi Bak\u0131da sa\u011flaml\u0131q imkanlar\u0131 m\u0259hdud 100-d\u0259n \u00e7ox u\u015fa\u011fa s\u0259yyar formada reabilitasiya xidm\u0259tl\u0259ri g\u00f6st\u0259rir"},"content":{"rendered":"<div class=\"post-text\">\n<p>\u018fm\u0259k v\u0259 \u018fhalinin Sosial M\u00fcdafi\u0259si Nazirliyinin tabeliyind\u0259 yarad\u0131lan Sosial Xidm\u0259tl\u0259r Agentliyinin \u00f6t\u0259n il ba\u015flad\u0131\u011f\u0131 xidm\u0259t \u00e7\u0259r\u00e7iv\u0259sind\u0259 haz\u0131rda sa\u011flaml\u0131q imkanlar\u0131 m\u0259hdud 110 u\u015faq s\u0259yyar formada (evl\u0259rind\u0259) reabilitasiya xidm\u0259tl\u0259ri il\u0259 t\u0259min olunur.<\/p>\n<p>Onlar daun sindromlu, u\u015faq serebral iflici, e\u015fitm\u0259 m\u0259hdudiyy\u0259tli, hidrosefaliya, mikrosefaliya, sa\u011f v\u0259 sol yuxar\u0131 \u0259traflar\u0131n inki\u015faf geriiliyi olan 6 ya\u015fad\u0259k u\u015faqlard\u0131r.<\/p>\n<p>Agentliyin psixoloq, pedaqoq, sosial i\u015f\u00e7i v\u0259 loqopedl\u0259rd\u0259n ibar\u0259t m\u00fct\u0259x\u0259ssis qruplar\u0131 h\u0259min u\u015faqlar\u0131n \u00fcnvanlar\u0131na ged\u0259r\u0259k, onlar\u0131 kompleks sosial-psixoloji v\u0259 sosial-pedaqoji reabilitasiya xidm\u0259tl\u0259ri il\u0259 t\u0259min edir.<\/p>\n<p>Qeyd olunan u\u015faqlarda davran\u0131\u015f pozuntular\u0131, diqq\u0259t \u00e7at\u0131\u015fmazl\u0131\u011f\u0131, hiperaktivlik, adaptasiya problemi v\u0259 s. kimi hallar\u0131n reabilitasiyas\u0131 \u00fc\u00fc\u00e7\u00fcn i\u015fl\u0259r apar\u0131l\u0131r.<\/p>\n<p>Bu m\u0259qs\u0259dl\u0259 m\u00fcxt\u0259lif proqram v\u0259 terapiyalardan, pedaqoji texnika v\u0259 pediatrik reabilitasiya \u00fcsullar\u0131ndan istifad\u0259 olunur.<\/p>\n<p>Valideynl\u0259r \u00fc\u00e7\u00fcn maarifl\u0259ndirici t\u0259lim v\u0259 seminarlar, d\u0259st\u0259k qruplar\u0131 da t\u0259\u015fkil edilir.\u00a0 Sa\u011flaml\u0131q imkanlar\u0131 m\u0259hdud 16 u\u015fa\u011f\u0131n s\u0259yyar sosial reabilitasiyas\u0131 kursu is\u0259 art\u0131q u\u011furla ba\u015fa \u00e7at\u0131b.<\/p>\n<\/div>\n<div class=\"post-image\">\n<div class=\"post-image-inner\">\n<div class=\"demo-gallery\">\n<ul id=\"lightgallery\">\n<li style=\"box-sizing: border-box; margin-bottom: 15px; width: 180px; display: inline-block; margin-right: 15px; list-style: outside none none;\" data-responsive=\"https:\/\/www.sosial.gov.az\/uploads\/images\/2022\/02\/image_1600x1066_62139d21bdf96.jpg 375, https:\/\/www.sosial.gov.az\/uploads\/images\/2022\/02\/image_1600x1066_62139d21bdf96.jpg 480, https:\/\/www.sosial.gov.az\/uploads\/images\/2022\/02\/image_1600x1066_62139d21bdf96.jpg\" data-src=\"https:\/\/www.sosial.gov.az\/uploads\/images\/2022\/02\/image_1600x1066_62139d21bdf96.jpg\" data-sub-html=\"&lt;h4&gt;Sosial.gov.az&lt;\/h4&gt;\"><a href=\"https:\/\/www.sosial.gov.az\/post_528609\"><img class=\"img-responsive\" src=\"https:\/\/www.sosial.gov.az\/uploads\/images\/2022\/02\/image_1600x1066_62139d21bdf96.jpg\" \/><\/a>\n<div class=\"demo-gallery-poster\"><\/div>\n<\/li>\n<li style=\"box-sizing: border-box; margin-bottom: 15px; width: 180px; display: inline-block; margin-right: 15px; list-style: outside none none;\" data-responsive=\"https:\/\/www.sosial.gov.az\/uploads\/images\/2022\/02\/image_1600x1066_62139d2645b07.jpg 375, https:\/\/www.sosial.gov.az\/uploads\/images\/2022\/02\/image_1600x1066_62139d2645b07.jpg 480, https:\/\/www.sosial.gov.az\/uploads\/images\/2022\/02\/image_1600x1066_62139d2645b07.jpg\" data-src=\"https:\/\/www.sosial.gov.az\/uploads\/images\/2022\/02\/image_1600x1066_62139d2645b07.jpg\" data-sub-html=\"&lt;h4&gt;Sosial.gov.az&lt;\/h4&gt;\"><a href=\"https:\/\/www.sosial.gov.az\/post_528609\"><img class=\"img-responsive\" src=\"https:\/\/www.sosial.gov.az\/uploads\/images\/2022\/02\/image_1600x1066_62139d2645b07.jpg\" \/><\/a>\n<div class=\"demo-gallery-poster\"><\/div>\n<\/li>\n<li style=\"box-sizing: border-box; margin-bottom: 15px; width: 180px; display: inline-block; margin-right: 15px; list-style: outside none none;\" data-responsive=\"https:\/\/www.sosial.gov.az\/uploads\/images\/2022\/02\/image_1600x1066_62139d2ab4d5e.jpg 375, https:\/\/www.sosial.gov.az\/uploads\/images\/2022\/02\/image_1600x1066_62139d2ab4d5e.jpg 480, https:\/\/www.sosial.gov.az\/uploads\/images\/2022\/02\/image_1600x1066_62139d2ab4d5e.jpg\" data-src=\"https:\/\/www.sosial.gov.az\/uploads\/images\/2022\/02\/image_1600x1066_62139d2ab4d5e.jpg\" data-sub-html=\"&lt;h4&gt;Sosial.gov.az&lt;\/h4&gt;\"><a href=\"https:\/\/www.sosial.gov.az\/post_528609\"><img class=\"img-responsive\" src=\"https:\/\/www.sosial.gov.az\/uploads\/images\/2022\/02\/image_1600x1066_62139d2ab4d5e.jpg\" \/><\/a>\n<div class=\"demo-gallery-poster\"><\/div>\n<\/li>\n<li style=\"box-sizing: border-box; margin-bottom: 15px; width: 180px; display: inline-block; margin-right: 15px; list-style: outside none none;\" data-responsive=\"https:\/\/www.sosial.gov.az\/uploads\/images\/2022\/02\/image_1600x1066_62139d33cc00f.jpg 375, https:\/\/www.sosial.gov.az\/uploads\/images\/2022\/02\/image_1600x1066_62139d33cc00f.jpg 480, https:\/\/www.sosial.gov.az\/uploads\/images\/2022\/02\/image_1600x1066_62139d33cc00f.jpg\" data-src=\"https:\/\/www.sosial.gov.az\/uploads\/images\/2022\/02\/image_1600x1066_62139d33cc00f.jpg\" data-sub-html=\"&lt;h4&gt;Sosial.gov.az&lt;\/h4&gt;\"><a href=\"https:\/\/www.sosial.gov.az\/post_528609\"><img class=\"img-responsive\" src=\"https:\/\/www.sosial.gov.az\/uploads\/images\/2022\/02\/image_1600x1066_62139d33cc00f.jpg\" \/><\/a>\n<div class=\"demo-gallery-poster\"><\/div>\n<\/li>\n<li style=\"box-sizing: border-box; margin-bottom: 15px; width: 180px; display: inline-block; margin-right: 15px; list-style: outside none none;\" data-responsive=\"https:\/\/www.sosial.gov.az\/uploads\/images\/2022\/02\/image_1600x1066_62139d382a5a5.jpg 375, https:\/\/www.sosial.gov.az\/uploads\/images\/2022\/02\/image_1600x1066_62139d382a5a5.jpg 480, https:\/\/www.sosial.gov.az\/uploads\/images\/2022\/02\/image_1600x1066_62139d382a5a5.jpg\" data-src=\"https:\/\/www.sosial.gov.az\/uploads\/images\/2022\/02\/image_1600x1066_62139d382a5a5.jpg\" data-sub-html=\"&lt;h4&gt;Sosial.gov.az&lt;\/h4&gt;\"><a href=\"https:\/\/www.sosial.gov.az\/post_528609\"><img class=\"img-responsive\" src=\"https:\/\/www.sosial.gov.az\/uploads\/images\/2022\/02\/image_1600x1066_62139d382a5a5.jpg\" \/><\/a>\n<div class=\"demo-gallery-poster\"><\/div>\n<\/li>\n<li style=\"box-sizing: border-box; margin-bottom: 15px; width: 180px; display: inline-block; margin-right: 15px; list-style: outside none none;\" data-responsive=\"https:\/\/www.sosial.gov.az\/uploads\/images\/2022\/02\/image_1600x1066_62139d3ca4f99.jpg 375, https:\/\/www.sosial.gov.az\/uploads\/images\/2022\/02\/image_1600x1066_62139d3ca4f99.jpg 480, https:\/\/www.sosial.gov.az\/uploads\/images\/2022\/02\/image_1600x1066_62139d3ca4f99.jpg\" data-src=\"https:\/\/www.sosial.gov.az\/uploads\/images\/2022\/02\/image_1600x1066_62139d3ca4f99.jpg\" data-sub-html=\"&lt;h4&gt;Sosial.gov.az&lt;\/h4&gt;\"><a href=\"https:\/\/www.sosial.gov.az\/post_528609\"><img class=\"img-responsive\" src=\"https:\/\/www.sosial.gov.az\/uploads\/images\/2022\/02\/image_1600x1066_62139d3ca4f99.jpg\" \/><\/a>\n<div class=\"demo-gallery-poster\"><\/div>\n<\/li>\n<\/ul>\n<\/div>\n<\/div>\n<\/div>\n","protected":false},"excerpt":{"rendered":"<p>\u018fm\u0259k v\u0259 \u018fhalinin Sosial M\u00fcdafi\u0259si Nazirliyinin tabeliyind\u0259 yarad\u0131lan Sosial Xidm\u0259tl\u0259r Agentliyinin \u00f6t\u0259n il ba\u015flad\u0131\u011f\u0131 xidm\u0259t \u00e7\u0259r\u00e7iv\u0259sind\u0259 haz\u0131rda sa\u011flaml\u0131q imkanlar\u0131 m\u0259hdud 110 u\u015faq s\u0259yyar formada (evl\u0259rind\u0259) reabilitasiya xidm\u0259tl\u0259ri il\u0259 t\u0259min olunur. Onlar daun sindromlu, u\u015faq serebral iflici, e\u015fitm\u0259 m\u0259hdudiyy\u0259tli, hidrosefaliya, mikrosefaliya, sa\u011f v\u0259 sol yuxar\u0131 \u0259traflar\u0131n inki\u015faf geriiliyi olan 6 ya\u015fad\u0259k u\u015faqlard\u0131r. Agentliyin psixoloq, pedaqoq, sosial i\u015f\u00e7i v\u0259 loqopedl\u0259rd\u0259n ibar\u0259t m\u00fct\u0259x\u0259ssis qruplar\u0131 h\u0259min u\u015faqlar\u0131n \u00fcnvanlar\u0131na ged\u0259r\u0259k, onlar\u0131 kompleks sosial-psixoloji v\u0259 sosial-pedaqoji reabilitasiya xidm\u0259tl\u0259ri il\u0259 t\u0259min edir. Qeyd olunan u\u015faqlarda davran\u0131\u015f pozuntular\u0131, diqq\u0259t \u00e7at\u0131\u015fmazl\u0131\u011f\u0131, hiperaktivlik, adaptasiya problemi v\u0259 s. kimi hallar\u0131n reabilitasiyas\u0131&hellip;<\/p>\n","protected":false},"author":2,"featured_media":287881,"comment_status":"closed","ping_status":"closed","sticky":false,"template":"","format":"standard","meta":{"om_disable_all_campaigns":false,"_monsterinsights_skip_tracking":false,"_monsterinsights_sitenote_active":false,"_monsterinsights_sitenote_note":"","_monsterinsights_sitenote_category":0},"categories":[1],"tags":[],"aioseo_notices":[],"gutentor_comment":0,"rttpg_featured_image_url":{"full":["https:\/\/arantv.az\/wp-content\/uploads\/2021\/02\/sosial.jpg",620,359,false],"landscape":["https:\/\/arantv.az\/wp-content\/uploads\/2021\/02\/sosial.jpg",620,359,false],"portraits":["https:\/\/arantv.az\/wp-content\/uploads\/2021\/02\/sosial.jpg",620,359,false],"thumbnail":["https:\/\/arantv.az\/wp-content\/uploads\/2021\/02\/sosial-150x150.jpg",150,150,true],"medium":["https:\/\/arantv.az\/wp-content\/uploads\/2021\/02\/sosial-300x174.jpg",300,174,true],"large":["https:\/\/arantv.az\/wp-content\/uploads\/2021\/02\/sosial.jpg",620,359,false],"1536x1536":["https:\/\/arantv.az\/wp-content\/uploads\/2021\/02\/sosial.jpg",620,359,false],"2048x2048":["https:\/\/arantv.az\/wp-content\/uploads\/2021\/02\/sosial.jpg",620,359,false],"post-thumbnail":["https:\/\/arantv.az\/wp-content\/uploads\/2021\/02\/sosial-240x172.jpg",240,172,true],"advps-thumb-one":["https:\/\/arantv.az\/wp-content\/uploads\/2021\/02\/sosial.jpg",620,359,false]},"rttpg_author":{"display_name":"V\u00fcsal Rafiqo\u011flu","author_link":"https:\/\/arantv.az\/?author=2"},"rttpg_comment":0,"rttpg_category":"<a href=\"https:\/\/arantv.az\/?cat=1\" rel=\"category\">C\u0259miyy\u0259t<\/a>","rttpg_excerpt":"\u018fm\u0259k v\u0259 \u018fhalinin Sosial M\u00fcdafi\u0259si Nazirliyinin tabeliyind\u0259 yarad\u0131lan Sosial Xidm\u0259tl\u0259r Agentliyinin \u00f6t\u0259n il ba\u015flad\u0131\u011f\u0131 xidm\u0259t \u00e7\u0259r\u00e7iv\u0259sind\u0259 haz\u0131rda sa\u011flaml\u0131q imkanlar\u0131 m\u0259hdud 110 u\u015faq s\u0259yyar formada (evl\u0259rind\u0259) reabilitasiya xidm\u0259tl\u0259ri il\u0259 t\u0259min olunur. Onlar daun sindromlu, u\u015faq serebral iflici, e\u015fitm\u0259 m\u0259hdudiyy\u0259tli, hidrosefaliya, mikrosefaliya, sa\u011f v\u0259 sol yuxar\u0131 \u0259traflar\u0131n inki\u015faf geriiliyi olan 6 ya\u015fad\u0259k u\u015faqlard\u0131r. Agentliyin psixoloq, pedaqoq, sosial&hellip;","_links":{"self":[{"href":"https:\/\/arantv.az\/index.php?rest_route=\/wp\/v2\/posts\/442033"}],"collection":[{"href":"https:\/\/arantv.az\/index.php?rest_route=\/wp\/v2\/posts"}],"about":[{"href":"https:\/\/arantv.az\/index.php?rest_route=\/wp\/v2\/types\/post"}],"author":[{"embeddable":true,"href":"https:\/\/arantv.az\/index.php?rest_route=\/wp\/v2\/users\/2"}],"replies":[{"embeddable":true,"href":"https:\/\/arantv.az\/index.php?rest_route=%2Fwp%2Fv2%2Fcomments&post=442033"}],"version-history":[{"count":0,"href":"https:\/\/arantv.az\/index.php?rest_route=\/wp\/v2\/posts\/442033\/revisions"}],"wp:featuredmedia":[{"embeddable":true,"href":"https:\/\/arantv.az\/index.php?rest_route=\/wp\/v2\/media\/287881"}],"wp:attachment":[{"href":"https:\/\/arantv.az\/index.php?rest_route=%2Fwp%2Fv2%2Fmedia&parent=442033"}],"wp:term":[{"taxonomy":"category","embeddable":true,"href":"https:\/\/arantv.az\/index.php?rest_route=%2Fwp%2Fv2%2Fcategories&post=442033"},{"taxonomy":"post_tag","embeddable":true,"href":"https:\/\/arantv.az\/index.php?rest_route=%2Fwp%2Fv2%2Ftags&post=442033"}],"curies":[{"name":"wp","href":"https:\/\/api.w.org\/{rel}","templated":true}]}}