{"id":442035,"date":"2022-02-22T07:32:20","date_gmt":"2022-02-22T04:32:20","guid":{"rendered":"http:\/\/arantv.az\/?p=442035"},"modified":"2022-02-22T07:32:33","modified_gmt":"2022-02-22T04:32:33","slug":"yaponiyanin-olk%c9%99mizd%c9%99ki-s%c9%99firi-dost-inkluziv-inkisaf-v%c9%99-yaradiciliq-m%c9%99rk%c9%99zi-il%c9%99-tanis-olub","status":"publish","type":"post","link":"https:\/\/arantv.az\/?p=442035","title":{"rendered":"Yaponiyan\u0131n \u00f6lk\u0259mizd\u0259ki s\u0259firi DOST \u0130nkl\u00fcziv \u0130nki\u015faf v\u0259 Yarad\u0131c\u0131l\u0131q M\u0259rk\u0259zi il\u0259 tan\u0131\u015f olub"},"content":{"rendered":"<div class=\"post-text\">\n<p>Yaponiyan\u0131n Az\u0259rbaycandak\u0131 s\u0259firi Vada C\u00fcni\u00e7i \u018fm\u0259k v\u0259 \u018fhalinin Sosial M\u00fcdafi\u0259si Nazirliyinin DOST \u0130nkl\u00fcziv \u0130nki\u015faf v\u0259 Yarad\u0131c\u0131l\u0131q M\u0259rk\u0259zind\u0259 \u0259lilliyi olan \u015f\u0259xsl\u0259rin yarad\u0131c\u0131l\u0131q potensial\u0131n\u0131n inki\u015faf\u0131 \u00fc\u00e7\u00fcn yarad\u0131lan \u015f\u0259raitl\u0259 tan\u0131\u015f olub.<\/p>\n<p>M\u0259rk\u0259zd\u0259 V.C\u00fcni\u00e7i il\u0259 ke\u00e7iril\u0259n g\u00f6r\u00fc\u015fd\u0259 \u0259m\u0259k v\u0259 \u0259halinin sosial m\u00fcdafi\u0259si nazirinin m\u00fcavini Hiday\u0259t Abdullayev \u00f6lk\u0259mizd\u0259 \u0259lilliyi olan \u015f\u0259xsl\u0259rin sosial m\u00fcdafi\u0259si v\u0259 reabilitasiyas\u0131, c\u0259miyy\u0259t\u0259 f\u0259al inteqrasiyas\u0131 sah\u0259sind\u0259 apar\u0131lan d\u00f6vl\u0259t siyas\u0259ti bar\u0259d\u0259 m\u0259lumat verib.<\/p>\n<p>Qeyd olunub ki, \u00f6t\u0259n ilin oktyabr ay\u0131nda Prezident \u0130lham \u018fliyev, birinci xan\u0131m Mehriban \u018fliyeva v\u0259 q\u0131zlar\u0131 Leyla \u018fliyevan\u0131n i\u015ftirak\u0131 il\u0259 Bak\u0131da a\u00e7\u0131l\u0131\u015f\u0131 olan DOST \u0130nkl\u00fcziv \u0130nki\u015faf v\u0259 Yarad\u0131c\u0131l\u0131q M\u0259rk\u0259zi d\u0259 \u0259lilliyi olan insanlar\u0131n istedad v\u0259 inteqrasiyas\u0131na x\u00fcsusi qay\u011f\u0131n\u0131n n\u00f6vb\u0259ti t\u0259zah\u00fcr\u00fcd\u00fcr. M\u0259rk\u0259z Birinci vitse-prezident Mehriban \u018fliyevan\u0131n t\u0259\u015f\u0259bb\u00fcs\u00fc il\u0259 yarad\u0131l\u0131b v\u0259 C\u0259nubi Qafqazda ilk d\u0259f\u0259 olaraq kifay\u0259t q\u0259d\u0259r \u00e7ox\u015fax\u0259li f\u0259aliyy\u0259t sah\u0259l\u0259rini \u0259hat\u0259 ed\u0259n \u0259n b\u00f6y\u00fck inkl\u00fcziv yarad\u0131c\u0131l\u0131q v\u0259 inki\u015faf m\u0259kan\u0131d\u0131r.<\/p>\n<p>V.C\u00fcni\u00e7i M\u0259rk\u0259zd\u0259 \u0259lilliyi olan \u015f\u0259xsl\u0259rin yarad\u0131c\u0131l\u0131q qabiliyy\u0259tl\u0259rinin inki\u015faf\u0131 il\u0259 ba\u011fl\u0131 yarad\u0131lan \u015f\u0259rait, burada apar\u0131lan i\u015fl\u0259r, d\u00f6vl\u0259timizin \u0259lilliyi olan \u015f\u0259xsl\u0259rin sosial m\u00fcdafi\u0259si v\u0259 inteqrasiyas\u0131 sah\u0259sind\u0259 siyas\u0259ti bar\u0259d\u0259 xo\u015f t\u0259\u0259ss\u00fcratlar\u0131n\u0131 qeyd edib.<\/p>\n<p>\u0130ki \u00f6lk\u0259d\u0259 apar\u0131lan sosial islahatlara v\u0259 g\u0259l\u0259c\u0259k \u0259m\u0259kda\u015fl\u0131\u011fa dair fikir m\u00fcbadil\u0259si apar\u0131l\u0131b.<\/p>\n<p>Az\u0259rbaycan v\u0259 Yaponiya aras\u0131nda diplomatik \u0259laq\u0259l\u0259rin qurulmas\u0131n\u0131n 30 illik yubileyi m\u00fcnasib\u0259ti il\u0259 Nippon Fondu, Milli Abilimpiya Federasiyas\u0131 v\u0259 \u018fm\u0259k v\u0259 \u018fhalinin Sosial M\u00fcdafi\u0259si Nazirliyinin birg\u0259 \u0259m\u0259kda\u015fl\u0131\u011f\u0131 \u00e7\u0259r\u00e7iv\u0259sind\u0259 Az\u0259rbaycanda \u201cTrue Color Festival\u201d\u0131n\u0131n ke\u00e7irilm\u0259si, Yaponiya v\u0259 Az\u0259rbaycanda olan abilimpiya h\u0259r\u0259kat\u0131 bar\u0259d\u0259 m\u00fczakir\u0259l\u0259r apar\u0131l\u0131b.<\/p>\n<p>G\u00f6r\u00fc\u015fd\u0259 s\u0259fir Az\u0259rbaycan t\u0259r\u0259fini Yaponiyadak\u0131 inkl\u00fcziv m\u00fc\u0259ssis\u0259l\u0259rl\u0259 tan\u0131\u015fl\u0131q, t\u0259cr\u00fcb\u0259 m\u00fcbadil\u0259l\u0259ri \u00fc\u00e7\u00fcn \u00f6lk\u0259sin\u0259 d\u0259v\u0259t edib.<\/p>\n<p>&nbsp;<\/p>\n<p>Qonaqlara \u0259lilliyi olan \u015f\u0259xsl\u0259rin \u0259l i\u015fl\u0259ri v\u0259 \u201c\u018flillik q\u00fcsur deyil\u201d kitab-albomu h\u0259diyy\u0259 olunub.<\/p>\n<\/div>\n<div class=\"post-image\">\n<div class=\"post-image-inner\">\n<div class=\"demo-gallery\">\n<ul id=\"lightgallery\">\n<li style=\"box-sizing: border-box; margin-bottom: 15px; width: 180px; display: inline-block; margin-right: 15px; list-style: outside none none;\" data-responsive=\"https:\/\/www.sosial.gov.az\/uploads\/images\/2022\/02\/image_1600x1066_6213ba423fff0.jpg 375, https:\/\/www.sosial.gov.az\/uploads\/images\/2022\/02\/image_1600x1066_6213ba423fff0.jpg 480, https:\/\/www.sosial.gov.az\/uploads\/images\/2022\/02\/image_1600x1066_6213ba423fff0.jpg\" data-src=\"https:\/\/www.sosial.gov.az\/uploads\/images\/2022\/02\/image_1600x1066_6213ba423fff0.jpg\" data-sub-html=\"&lt;h4&gt;Sosial.gov.az&lt;\/h4&gt;\"><a href=\"https:\/\/www.sosial.gov.az\/post_528713\"><img class=\"img-responsive\" src=\"https:\/\/www.sosial.gov.az\/uploads\/images\/2022\/02\/image_1600x1066_6213ba423fff0.jpg\" \/><\/a>\n<div class=\"demo-gallery-poster\"><\/div>\n<\/li>\n<li style=\"box-sizing: border-box; margin-bottom: 15px; width: 180px; display: inline-block; margin-right: 15px; list-style: outside none none;\" data-responsive=\"https:\/\/www.sosial.gov.az\/uploads\/images\/2022\/02\/image_1600x1066_6213ba46daaf3.jpg 375, https:\/\/www.sosial.gov.az\/uploads\/images\/2022\/02\/image_1600x1066_6213ba46daaf3.jpg 480, https:\/\/www.sosial.gov.az\/uploads\/images\/2022\/02\/image_1600x1066_6213ba46daaf3.jpg\" data-src=\"https:\/\/www.sosial.gov.az\/uploads\/images\/2022\/02\/image_1600x1066_6213ba46daaf3.jpg\" data-sub-html=\"&lt;h4&gt;Sosial.gov.az&lt;\/h4&gt;\"><a href=\"https:\/\/www.sosial.gov.az\/post_528713\"><img class=\"img-responsive\" src=\"https:\/\/www.sosial.gov.az\/uploads\/images\/2022\/02\/image_1600x1066_6213ba46daaf3.jpg\" \/><\/a>\n<div class=\"demo-gallery-poster\"><\/div>\n<\/li>\n<li style=\"box-sizing: border-box; margin-bottom: 15px; width: 180px; display: inline-block; margin-right: 15px; list-style: outside none none;\" data-responsive=\"https:\/\/www.sosial.gov.az\/uploads\/images\/2022\/02\/image_1600x1066_6213ba4b7f296.jpg 375, https:\/\/www.sosial.gov.az\/uploads\/images\/2022\/02\/image_1600x1066_6213ba4b7f296.jpg 480, https:\/\/www.sosial.gov.az\/uploads\/images\/2022\/02\/image_1600x1066_6213ba4b7f296.jpg\" data-src=\"https:\/\/www.sosial.gov.az\/uploads\/images\/2022\/02\/image_1600x1066_6213ba4b7f296.jpg\" data-sub-html=\"&lt;h4&gt;Sosial.gov.az&lt;\/h4&gt;\"><a href=\"https:\/\/www.sosial.gov.az\/post_528713\"><img class=\"img-responsive\" src=\"https:\/\/www.sosial.gov.az\/uploads\/images\/2022\/02\/image_1600x1066_6213ba4b7f296.jpg\" \/><\/a>\n<div class=\"demo-gallery-poster\"><\/div>\n<\/li>\n<li style=\"box-sizing: border-box; margin-bottom: 15px; width: 180px; display: inline-block; margin-right: 15px; list-style: outside none none;\" data-responsive=\"https:\/\/www.sosial.gov.az\/uploads\/images\/2022\/02\/image_1600x1066_6213ba50231d3.jpg 375, https:\/\/www.sosial.gov.az\/uploads\/images\/2022\/02\/image_1600x1066_6213ba50231d3.jpg 480, https:\/\/www.sosial.gov.az\/uploads\/images\/2022\/02\/image_1600x1066_6213ba50231d3.jpg\" data-src=\"https:\/\/www.sosial.gov.az\/uploads\/images\/2022\/02\/image_1600x1066_6213ba50231d3.jpg\" data-sub-html=\"&lt;h4&gt;Sosial.gov.az&lt;\/h4&gt;\"><a href=\"https:\/\/www.sosial.gov.az\/post_528713\"><img class=\"img-responsive\" src=\"https:\/\/www.sosial.gov.az\/uploads\/images\/2022\/02\/image_1600x1066_6213ba50231d3.jpg\" \/><\/a>\n<div class=\"demo-gallery-poster\"><\/div>\n<\/li>\n<li style=\"box-sizing: border-box; margin-bottom: 15px; width: 180px; display: inline-block; margin-right: 15px; list-style: outside none none;\" data-responsive=\"https:\/\/www.sosial.gov.az\/uploads\/images\/2022\/02\/image_1600x1066_6213ba5495dba.jpg 375, https:\/\/www.sosial.gov.az\/uploads\/images\/2022\/02\/image_1600x1066_6213ba5495dba.jpg 480, https:\/\/www.sosial.gov.az\/uploads\/images\/2022\/02\/image_1600x1066_6213ba5495dba.jpg\" data-src=\"https:\/\/www.sosial.gov.az\/uploads\/images\/2022\/02\/image_1600x1066_6213ba5495dba.jpg\" data-sub-html=\"&lt;h4&gt;Sosial.gov.az&lt;\/h4&gt;\"><a href=\"https:\/\/www.sosial.gov.az\/post_528713\"><img class=\"img-responsive\" src=\"https:\/\/www.sosial.gov.az\/uploads\/images\/2022\/02\/image_1600x1066_6213ba5495dba.jpg\" \/><\/a>\n<div class=\"demo-gallery-poster\"><\/div>\n<\/li>\n<li style=\"box-sizing: border-box; margin-bottom: 15px; width: 180px; display: inline-block; margin-right: 15px; list-style: outside none none;\" data-responsive=\"https:\/\/www.sosial.gov.az\/uploads\/images\/2022\/02\/image_1600x1066_6213ba590d4d8.jpg 375, https:\/\/www.sosial.gov.az\/uploads\/images\/2022\/02\/image_1600x1066_6213ba590d4d8.jpg 480, https:\/\/www.sosial.gov.az\/uploads\/images\/2022\/02\/image_1600x1066_6213ba590d4d8.jpg\" data-src=\"https:\/\/www.sosial.gov.az\/uploads\/images\/2022\/02\/image_1600x1066_6213ba590d4d8.jpg\" data-sub-html=\"&lt;h4&gt;Sosial.gov.az&lt;\/h4&gt;\"><a href=\"https:\/\/www.sosial.gov.az\/post_528713\"><img class=\"img-responsive\" src=\"https:\/\/www.sosial.gov.az\/uploads\/images\/2022\/02\/image_1600x1066_6213ba590d4d8.jpg\" \/><\/a>\n<div class=\"demo-gallery-poster\"><\/div>\n<\/li>\n<\/ul>\n<\/div>\n<\/div>\n<\/div>\n","protected":false},"excerpt":{"rendered":"<p>Yaponiyan\u0131n Az\u0259rbaycandak\u0131 s\u0259firi Vada C\u00fcni\u00e7i \u018fm\u0259k v\u0259 \u018fhalinin Sosial M\u00fcdafi\u0259si Nazirliyinin DOST \u0130nkl\u00fcziv \u0130nki\u015faf v\u0259 Yarad\u0131c\u0131l\u0131q M\u0259rk\u0259zind\u0259 \u0259lilliyi olan \u015f\u0259xsl\u0259rin yarad\u0131c\u0131l\u0131q potensial\u0131n\u0131n inki\u015faf\u0131 \u00fc\u00e7\u00fcn yarad\u0131lan \u015f\u0259raitl\u0259 tan\u0131\u015f olub. M\u0259rk\u0259zd\u0259 V.C\u00fcni\u00e7i il\u0259 ke\u00e7iril\u0259n g\u00f6r\u00fc\u015fd\u0259 \u0259m\u0259k v\u0259 \u0259halinin sosial m\u00fcdafi\u0259si nazirinin m\u00fcavini Hiday\u0259t Abdullayev \u00f6lk\u0259mizd\u0259 \u0259lilliyi olan \u015f\u0259xsl\u0259rin sosial m\u00fcdafi\u0259si v\u0259 reabilitasiyas\u0131, c\u0259miyy\u0259t\u0259 f\u0259al inteqrasiyas\u0131 sah\u0259sind\u0259 apar\u0131lan d\u00f6vl\u0259t siyas\u0259ti bar\u0259d\u0259 m\u0259lumat verib. Qeyd olunub ki, \u00f6t\u0259n ilin oktyabr ay\u0131nda Prezident \u0130lham \u018fliyev, birinci xan\u0131m Mehriban \u018fliyeva v\u0259 q\u0131zlar\u0131 Leyla \u018fliyevan\u0131n i\u015ftirak\u0131 il\u0259 Bak\u0131da a\u00e7\u0131l\u0131\u015f\u0131 olan DOST \u0130nkl\u00fcziv \u0130nki\u015faf v\u0259 Yarad\u0131c\u0131l\u0131q M\u0259rk\u0259zi d\u0259&hellip;<\/p>\n","protected":false},"author":2,"featured_media":361826,"comment_status":"closed","ping_status":"closed","sticky":false,"template":"","format":"standard","meta":{"om_disable_all_campaigns":false,"_monsterinsights_skip_tracking":false,"_monsterinsights_sitenote_active":false,"_monsterinsights_sitenote_note":"","_monsterinsights_sitenote_category":0},"categories":[1],"tags":[],"aioseo_notices":[],"gutentor_comment":0,"rttpg_featured_image_url":{"full":["https:\/\/arantv.az\/wp-content\/uploads\/2021\/07\/sosial_24757676.jpg",800,600,false],"landscape":["https:\/\/arantv.az\/wp-content\/uploads\/2021\/07\/sosial_24757676.jpg",800,600,false],"portraits":["https:\/\/arantv.az\/wp-content\/uploads\/2021\/07\/sosial_24757676.jpg",800,600,false],"thumbnail":["https:\/\/arantv.az\/wp-content\/uploads\/2021\/07\/sosial_24757676-500x280.jpg",500,280,true],"medium":["https:\/\/arantv.az\/wp-content\/uploads\/2021\/07\/sosial_24757676-487x365.jpg",487,365,true],"large":["https:\/\/arantv.az\/wp-content\/uploads\/2021\/07\/sosial_24757676.jpg",640,480,false],"1536x1536":["https:\/\/arantv.az\/wp-content\/uploads\/2021\/07\/sosial_24757676.jpg",800,600,false],"2048x2048":["https:\/\/arantv.az\/wp-content\/uploads\/2021\/07\/sosial_24757676.jpg",800,600,false],"post-thumbnail":["https:\/\/arantv.az\/wp-content\/uploads\/2021\/07\/sosial_24757676-240x172.jpg",240,172,true],"advps-thumb-one":["https:\/\/arantv.az\/wp-content\/uploads\/2021\/07\/sosial_24757676.jpg",800,600,false]},"rttpg_author":{"display_name":"V\u00fcsal Rafiqo\u011flu","author_link":"https:\/\/arantv.az\/?author=2"},"rttpg_comment":0,"rttpg_category":"<a href=\"https:\/\/arantv.az\/?cat=1\" rel=\"category\">C\u0259miyy\u0259t<\/a>","rttpg_excerpt":"Yaponiyan\u0131n Az\u0259rbaycandak\u0131 s\u0259firi Vada C\u00fcni\u00e7i \u018fm\u0259k v\u0259 \u018fhalinin Sosial M\u00fcdafi\u0259si Nazirliyinin DOST \u0130nkl\u00fcziv \u0130nki\u015faf v\u0259 Yarad\u0131c\u0131l\u0131q M\u0259rk\u0259zind\u0259 \u0259lilliyi olan \u015f\u0259xsl\u0259rin yarad\u0131c\u0131l\u0131q potensial\u0131n\u0131n inki\u015faf\u0131 \u00fc\u00e7\u00fcn yarad\u0131lan \u015f\u0259raitl\u0259 tan\u0131\u015f olub. M\u0259rk\u0259zd\u0259 V.C\u00fcni\u00e7i il\u0259 ke\u00e7iril\u0259n g\u00f6r\u00fc\u015fd\u0259 \u0259m\u0259k v\u0259 \u0259halinin sosial m\u00fcdafi\u0259si nazirinin m\u00fcavini Hiday\u0259t Abdullayev \u00f6lk\u0259mizd\u0259 \u0259lilliyi olan \u015f\u0259xsl\u0259rin sosial m\u00fcdafi\u0259si v\u0259 reabilitasiyas\u0131, c\u0259miyy\u0259t\u0259 f\u0259al inteqrasiyas\u0131 sah\u0259sind\u0259 apar\u0131lan&hellip;","_links":{"self":[{"href":"https:\/\/arantv.az\/index.php?rest_route=\/wp\/v2\/posts\/442035"}],"collection":[{"href":"https:\/\/arantv.az\/index.php?rest_route=\/wp\/v2\/posts"}],"about":[{"href":"https:\/\/arantv.az\/index.php?rest_route=\/wp\/v2\/types\/post"}],"author":[{"embeddable":true,"href":"https:\/\/arantv.az\/index.php?rest_route=\/wp\/v2\/users\/2"}],"replies":[{"embeddable":true,"href":"https:\/\/arantv.az\/index.php?rest_route=%2Fwp%2Fv2%2Fcomments&post=442035"}],"version-history":[{"count":0,"href":"https:\/\/arantv.az\/index.php?rest_route=\/wp\/v2\/posts\/442035\/revisions"}],"wp:featuredmedia":[{"embeddable":true,"href":"https:\/\/arantv.az\/index.php?rest_route=\/wp\/v2\/media\/361826"}],"wp:attachment":[{"href":"https:\/\/arantv.az\/index.php?rest_route=%2Fwp%2Fv2%2Fmedia&parent=442035"}],"wp:term":[{"taxonomy":"category","embeddable":true,"href":"https:\/\/arantv.az\/index.php?rest_route=%2Fwp%2Fv2%2Fcategories&post=442035"},{"taxonomy":"post_tag","embeddable":true,"href":"https:\/\/arantv.az\/index.php?rest_route=%2Fwp%2Fv2%2Ftags&post=442035"}],"curies":[{"name":"wp","href":"https:\/\/api.w.org\/{rel}","templated":true}]}}