{"id":442051,"date":"2022-02-22T08:08:52","date_gmt":"2022-02-22T05:08:52","guid":{"rendered":"http:\/\/arantv.az\/?p=442051"},"modified":"2022-02-22T08:08:52","modified_gmt":"2022-02-22T05:08:52","slug":"separatcilarin-taninmasi-beyn%c9%99lxalq-huquqa-ziddir-avropa-komissiyasi","status":"publish","type":"post","link":"https:\/\/arantv.az\/?p=442051","title":{"rendered":"Separat\u00e7\u0131lar\u0131n tan\u0131nmas\u0131 beyn\u0259lxalq h\u00fcquqa ziddir &#8211; Avropa Komissiyas\u0131"},"content":{"rendered":"<p>Avropa Komissiyas\u0131n\u0131n s\u0259dri Ursula von der Leyen \u00e7\u0259r\u015f\u0259nb\u0259 ax\u015fam\u0131 qondarma &#8220;DXR&#8221; v\u0259 &#8220;LXR&#8221; tan\u0131nmas\u0131n\u0131n beyn\u0259lxalq h\u00fcququn, Ukraynan\u0131n \u0259razi b\u00fct\u00f6vl\u00fcy\u00fcn\u00fcn v\u0259 Minsk raz\u0131la\u015fmalar\u0131n\u0131n kobud \u015f\u0259kild\u0259 pozulmas\u0131 oldu\u011funu bildirib.<\/p>\n<p><strong>ARANTV.AZ<\/strong>\u00a0 <a href=\"https:\/\/az.trend.az\/\" target=\"_blank\" rel=\"noopener\">Trend<\/a>-\u0259 istinad\u0259n bildirir ki,\u00a0o bu bar\u0259d\u0259 \u00f6z r\u0259smi &#8220;Twitter&#8221; s\u0259hif\u0259sind\u0259 yaz\u0131b.<\/p>\n<p>&#8220;A\u0130 v\u0259 onun t\u0259r\u0259fda\u015flar\u0131 Ukrayna il\u0259 h\u0259mr\u0259ylik g\u00f6st\u0259r\u0259r\u0259k, birlik v\u0259 q\u0259tiyy\u0259tl\u0259 cavab ver\u0259c\u0259k&#8221;, &#8211; o, bildirib.<\/p>\n","protected":false},"excerpt":{"rendered":"<p>Avropa Komissiyas\u0131n\u0131n s\u0259dri Ursula von der Leyen \u00e7\u0259r\u015f\u0259nb\u0259 ax\u015fam\u0131 qondarma &#8220;DXR&#8221; v\u0259 &#8220;LXR&#8221; tan\u0131nmas\u0131n\u0131n beyn\u0259lxalq h\u00fcququn, Ukraynan\u0131n \u0259razi b\u00fct\u00f6vl\u00fcy\u00fcn\u00fcn v\u0259 Minsk raz\u0131la\u015fmalar\u0131n\u0131n kobud \u015f\u0259kild\u0259 pozulmas\u0131 oldu\u011funu bildirib. ARANTV.AZ\u00a0 Trend-\u0259 istinad\u0259n bildirir ki,\u00a0o bu bar\u0259d\u0259 \u00f6z r\u0259smi &#8220;Twitter&#8221; s\u0259hif\u0259sind\u0259 yaz\u0131b. &#8220;A\u0130 v\u0259 onun t\u0259r\u0259fda\u015flar\u0131 Ukrayna il\u0259 h\u0259mr\u0259ylik g\u00f6st\u0259r\u0259r\u0259k, birlik v\u0259 q\u0259tiyy\u0259tl\u0259 cavab ver\u0259c\u0259k&#8221;, &#8211; o, bildirib.<\/p>\n","protected":false},"author":2,"featured_media":442052,"comment_status":"closed","ping_status":"closed","sticky":false,"template":"","format":"standard","meta":{"om_disable_all_campaigns":false,"_monsterinsights_skip_tracking":false,"_monsterinsights_sitenote_active":false,"_monsterinsights_sitenote_note":"","_monsterinsights_sitenote_category":0},"categories":[4],"tags":[],"aioseo_notices":[],"gutentor_comment":0,"rttpg_featured_image_url":{"full":["https:\/\/arantv.az\/wp-content\/uploads\/2022\/02\/ursula_von_der_leyen_100521.jpg",1280,720,false],"landscape":["https:\/\/arantv.az\/wp-content\/uploads\/2022\/02\/ursula_von_der_leyen_100521.jpg",1280,720,false],"portraits":["https:\/\/arantv.az\/wp-content\/uploads\/2022\/02\/ursula_von_der_leyen_100521.jpg",1280,720,false],"thumbnail":["https:\/\/arantv.az\/wp-content\/uploads\/2022\/02\/ursula_von_der_leyen_100521-500x280.jpg",500,280,true],"medium":["https:\/\/arantv.az\/wp-content\/uploads\/2022\/02\/ursula_von_der_leyen_100521-649x365.jpg",649,365,true],"large":["https:\/\/arantv.az\/wp-content\/uploads\/2022\/02\/ursula_von_der_leyen_100521-840x473.jpg",640,360,true],"1536x1536":["https:\/\/arantv.az\/wp-content\/uploads\/2022\/02\/ursula_von_der_leyen_100521.jpg",1280,720,false],"2048x2048":["https:\/\/arantv.az\/wp-content\/uploads\/2022\/02\/ursula_von_der_leyen_100521.jpg",1280,720,false],"post-thumbnail":["https:\/\/arantv.az\/wp-content\/uploads\/2022\/02\/ursula_von_der_leyen_100521-240x172.jpg",240,172,true],"advps-thumb-one":["https:\/\/arantv.az\/wp-content\/uploads\/2022\/02\/ursula_von_der_leyen_100521-1200x620.jpg",1200,620,true]},"rttpg_author":{"display_name":"V\u00fcsal Rafiqo\u011flu","author_link":"https:\/\/arantv.az\/?author=2"},"rttpg_comment":0,"rttpg_category":"<a href=\"https:\/\/arantv.az\/?cat=4\" rel=\"category\">Siyas\u0259t<\/a>","rttpg_excerpt":"Avropa Komissiyas\u0131n\u0131n s\u0259dri Ursula von der Leyen \u00e7\u0259r\u015f\u0259nb\u0259 ax\u015fam\u0131 qondarma &#8220;DXR&#8221; v\u0259 &#8220;LXR&#8221; tan\u0131nmas\u0131n\u0131n beyn\u0259lxalq h\u00fcququn, Ukraynan\u0131n \u0259razi b\u00fct\u00f6vl\u00fcy\u00fcn\u00fcn v\u0259 Minsk raz\u0131la\u015fmalar\u0131n\u0131n kobud \u015f\u0259kild\u0259 pozulmas\u0131 oldu\u011funu bildirib. ARANTV.AZ\u00a0 Trend-\u0259 istinad\u0259n bildirir ki,\u00a0o bu bar\u0259d\u0259 \u00f6z r\u0259smi &#8220;Twitter&#8221; s\u0259hif\u0259sind\u0259 yaz\u0131b. &#8220;A\u0130 v\u0259 onun t\u0259r\u0259fda\u015flar\u0131 Ukrayna il\u0259 h\u0259mr\u0259ylik g\u00f6st\u0259r\u0259r\u0259k, birlik v\u0259 q\u0259tiyy\u0259tl\u0259 cavab ver\u0259c\u0259k&#8221;, &#8211; o, bildirib.","_links":{"self":[{"href":"https:\/\/arantv.az\/index.php?rest_route=\/wp\/v2\/posts\/442051"}],"collection":[{"href":"https:\/\/arantv.az\/index.php?rest_route=\/wp\/v2\/posts"}],"about":[{"href":"https:\/\/arantv.az\/index.php?rest_route=\/wp\/v2\/types\/post"}],"author":[{"embeddable":true,"href":"https:\/\/arantv.az\/index.php?rest_route=\/wp\/v2\/users\/2"}],"replies":[{"embeddable":true,"href":"https:\/\/arantv.az\/index.php?rest_route=%2Fwp%2Fv2%2Fcomments&post=442051"}],"version-history":[{"count":0,"href":"https:\/\/arantv.az\/index.php?rest_route=\/wp\/v2\/posts\/442051\/revisions"}],"wp:featuredmedia":[{"embeddable":true,"href":"https:\/\/arantv.az\/index.php?rest_route=\/wp\/v2\/media\/442052"}],"wp:attachment":[{"href":"https:\/\/arantv.az\/index.php?rest_route=%2Fwp%2Fv2%2Fmedia&parent=442051"}],"wp:term":[{"taxonomy":"category","embeddable":true,"href":"https:\/\/arantv.az\/index.php?rest_route=%2Fwp%2Fv2%2Fcategories&post=442051"},{"taxonomy":"post_tag","embeddable":true,"href":"https:\/\/arantv.az\/index.php?rest_route=%2Fwp%2Fv2%2Ftags&post=442051"}],"curies":[{"name":"wp","href":"https:\/\/api.w.org\/{rel}","templated":true}]}}