{"id":442054,"date":"2022-02-22T08:09:43","date_gmt":"2022-02-22T05:09:43","guid":{"rendered":"http:\/\/arantv.az\/?p=442054"},"modified":"2022-02-22T08:09:43","modified_gmt":"2022-02-22T05:09:43","slug":"zelenski-ukrayna-xalqina-muraci%c9%99t-edib","status":"publish","type":"post","link":"https:\/\/arantv.az\/?p=442054","title":{"rendered":"Zelenski Ukrayna xalq\u0131na m\u00fcraci\u0259t edib"},"content":{"rendered":"<p>Ukrayna prezidenti Volodimir Zelenski &#8220;DXR&#8221; v\u0259 &#8220;LXR&#8221;in &#8220;m\u00fcst\u0259qilliyi&#8221;nin Rusiya t\u0259r\u0259find\u0259n tan\u0131mas\u0131ndan sonra xalqa m\u00fcraci\u0259t edib.<\/p>\n<p><strong>ARANTV.AZ\u00a0<\/strong> APA-ya istinad\u0259n x\u0259b\u0259r verir ki, Zelenski \u00f6lk\u0259sinin \u0259razi b\u00fct\u00f6vl\u00fcy\u00fc v\u0259 suverenliyinin pozuldu\u011funu bildirib.<\/p>\n<p>D\u00f6vl\u0259t ba\u015f\u00e7\u0131s\u0131 qeyd edib ki, bu tan\u0131nma il\u0259 Rusiyan\u0131n Minsk raz\u0131la\u015fmas\u0131 v\u0259 Normandiya format\u0131ndan \u00e7\u0131xd\u0131\u011f\u0131n\u0131 g\u00f6st\u0259rir v\u0259 m\u00fcnaqi\u015f\u0259nin s\u00fclh yolu il\u0259 h\u0259llin\u0259 mane olur.<\/p>\n<p>Bununla bel\u0259, d\u00f6vl\u0259t ba\u015f\u00e7\u0131s\u0131 \u00e7\u0131x\u0131\u015f\u0131na nikbin notlarla yekun vurub: &#8220;Yuxusuz gec\u0259 \u00fc\u00e7\u00fcn s\u0259b\u0259b yoxdur&#8221;, dey\u0259 Zelenski vur\u011fulay\u0131b.<\/p>\n","protected":false},"excerpt":{"rendered":"<p>Ukrayna prezidenti Volodimir Zelenski &#8220;DXR&#8221; v\u0259 &#8220;LXR&#8221;in &#8220;m\u00fcst\u0259qilliyi&#8221;nin Rusiya t\u0259r\u0259find\u0259n tan\u0131mas\u0131ndan sonra xalqa m\u00fcraci\u0259t edib. ARANTV.AZ\u00a0 APA-ya istinad\u0259n x\u0259b\u0259r verir ki, Zelenski \u00f6lk\u0259sinin \u0259razi b\u00fct\u00f6vl\u00fcy\u00fc v\u0259 suverenliyinin pozuldu\u011funu bildirib. D\u00f6vl\u0259t ba\u015f\u00e7\u0131s\u0131 qeyd edib ki, bu tan\u0131nma il\u0259 Rusiyan\u0131n Minsk raz\u0131la\u015fmas\u0131 v\u0259 Normandiya format\u0131ndan \u00e7\u0131xd\u0131\u011f\u0131n\u0131 g\u00f6st\u0259rir v\u0259 m\u00fcnaqi\u015f\u0259nin s\u00fclh yolu il\u0259 h\u0259llin\u0259 mane olur. Bununla bel\u0259, d\u00f6vl\u0259t ba\u015f\u00e7\u0131s\u0131 \u00e7\u0131x\u0131\u015f\u0131na nikbin notlarla yekun vurub: &#8220;Yuxusuz gec\u0259 \u00fc\u00e7\u00fcn s\u0259b\u0259b yoxdur&#8221;, dey\u0259 Zelenski vur\u011fulay\u0131b.<\/p>\n","protected":false},"author":2,"featured_media":442055,"comment_status":"closed","ping_status":"closed","sticky":false,"template":"","format":"standard","meta":{"om_disable_all_campaigns":false,"_monsterinsights_skip_tracking":false,"_monsterinsights_sitenote_active":false,"_monsterinsights_sitenote_note":"","_monsterinsights_sitenote_category":0},"categories":[7],"tags":[],"aioseo_notices":[],"gutentor_comment":0,"rttpg_featured_image_url":{"full":["https:\/\/arantv.az\/wp-content\/uploads\/2022\/02\/62143546ba4bb62143546ba4bc164549152662143546ba4b662143546ba4b8.jpg",1200,800,false],"landscape":["https:\/\/arantv.az\/wp-content\/uploads\/2022\/02\/62143546ba4bb62143546ba4bc164549152662143546ba4b662143546ba4b8.jpg",1200,800,false],"portraits":["https:\/\/arantv.az\/wp-content\/uploads\/2022\/02\/62143546ba4bb62143546ba4bc164549152662143546ba4b662143546ba4b8.jpg",1200,800,false],"thumbnail":["https:\/\/arantv.az\/wp-content\/uploads\/2022\/02\/62143546ba4bb62143546ba4bc164549152662143546ba4b662143546ba4b8-500x280.jpg",500,280,true],"medium":["https:\/\/arantv.az\/wp-content\/uploads\/2022\/02\/62143546ba4bb62143546ba4bc164549152662143546ba4b662143546ba4b8-548x365.jpg",548,365,true],"large":["https:\/\/arantv.az\/wp-content\/uploads\/2022\/02\/62143546ba4bb62143546ba4bc164549152662143546ba4b662143546ba4b8-840x560.jpg",640,427,true],"1536x1536":["https:\/\/arantv.az\/wp-content\/uploads\/2022\/02\/62143546ba4bb62143546ba4bc164549152662143546ba4b662143546ba4b8.jpg",1200,800,false],"2048x2048":["https:\/\/arantv.az\/wp-content\/uploads\/2022\/02\/62143546ba4bb62143546ba4bc164549152662143546ba4b662143546ba4b8.jpg",1200,800,false],"post-thumbnail":["https:\/\/arantv.az\/wp-content\/uploads\/2022\/02\/62143546ba4bb62143546ba4bc164549152662143546ba4b662143546ba4b8-240x172.jpg",240,172,true],"advps-thumb-one":["https:\/\/arantv.az\/wp-content\/uploads\/2022\/02\/62143546ba4bb62143546ba4bc164549152662143546ba4b662143546ba4b8-1200x620.jpg",1200,620,true]},"rttpg_author":{"display_name":"V\u00fcsal Rafiqo\u011flu","author_link":"https:\/\/arantv.az\/?author=2"},"rttpg_comment":0,"rttpg_category":"<a href=\"https:\/\/arantv.az\/?cat=7\" rel=\"category\">D\u00fcnya<\/a>","rttpg_excerpt":"Ukrayna prezidenti Volodimir Zelenski &#8220;DXR&#8221; v\u0259 &#8220;LXR&#8221;in &#8220;m\u00fcst\u0259qilliyi&#8221;nin Rusiya t\u0259r\u0259find\u0259n tan\u0131mas\u0131ndan sonra xalqa m\u00fcraci\u0259t edib. ARANTV.AZ\u00a0 APA-ya istinad\u0259n x\u0259b\u0259r verir ki, Zelenski \u00f6lk\u0259sinin \u0259razi b\u00fct\u00f6vl\u00fcy\u00fc v\u0259 suverenliyinin pozuldu\u011funu bildirib. D\u00f6vl\u0259t ba\u015f\u00e7\u0131s\u0131 qeyd edib ki, bu tan\u0131nma il\u0259 Rusiyan\u0131n Minsk raz\u0131la\u015fmas\u0131 v\u0259 Normandiya format\u0131ndan \u00e7\u0131xd\u0131\u011f\u0131n\u0131 g\u00f6st\u0259rir v\u0259 m\u00fcnaqi\u015f\u0259nin s\u00fclh yolu il\u0259 h\u0259llin\u0259 mane olur. Bununla bel\u0259,&hellip;","_links":{"self":[{"href":"https:\/\/arantv.az\/index.php?rest_route=\/wp\/v2\/posts\/442054"}],"collection":[{"href":"https:\/\/arantv.az\/index.php?rest_route=\/wp\/v2\/posts"}],"about":[{"href":"https:\/\/arantv.az\/index.php?rest_route=\/wp\/v2\/types\/post"}],"author":[{"embeddable":true,"href":"https:\/\/arantv.az\/index.php?rest_route=\/wp\/v2\/users\/2"}],"replies":[{"embeddable":true,"href":"https:\/\/arantv.az\/index.php?rest_route=%2Fwp%2Fv2%2Fcomments&post=442054"}],"version-history":[{"count":0,"href":"https:\/\/arantv.az\/index.php?rest_route=\/wp\/v2\/posts\/442054\/revisions"}],"wp:featuredmedia":[{"embeddable":true,"href":"https:\/\/arantv.az\/index.php?rest_route=\/wp\/v2\/media\/442055"}],"wp:attachment":[{"href":"https:\/\/arantv.az\/index.php?rest_route=%2Fwp%2Fv2%2Fmedia&parent=442054"}],"wp:term":[{"taxonomy":"category","embeddable":true,"href":"https:\/\/arantv.az\/index.php?rest_route=%2Fwp%2Fv2%2Fcategories&post=442054"},{"taxonomy":"post_tag","embeddable":true,"href":"https:\/\/arantv.az\/index.php?rest_route=%2Fwp%2Fv2%2Ftags&post=442054"}],"curies":[{"name":"wp","href":"https:\/\/api.w.org\/{rel}","templated":true}]}}