{"id":442057,"date":"2022-02-22T08:10:33","date_gmt":"2022-02-22T05:10:33","guid":{"rendered":"http:\/\/arantv.az\/?p=442057"},"modified":"2022-02-22T08:10:33","modified_gmt":"2022-02-22T05:10:33","slug":"ukraynanin-s%c9%99rh%c9%99dl%c9%99ri-d%c9%99yism%c9%99z-olaraq-qalacaq-zelenski","status":"publish","type":"post","link":"https:\/\/arantv.az\/?p=442057","title":{"rendered":"Ukraynan\u0131n s\u0259rh\u0259dl\u0259ri d\u0259yi\u015fm\u0259z olaraq qalacaq &#8211; Zelenski"},"content":{"rendered":"<p>Ukrayna prezidenti Vladimir Zelenski Rusiyan\u0131n h\u0259r hans\u0131 b\u0259yanat v\u0259 h\u0259r\u0259k\u0259tl\u0259rin\u0259 baxmayaraq, \u00f6lk\u0259sinin beyn\u0259lxalq s\u0259viyy\u0259d\u0259 tan\u0131nm\u0131\u015f s\u0259rh\u0259dl\u0259rinin d\u0259yi\u015fm\u0259z qalaca\u011f\u0131na \u0259min edib.<\/p>\n<p><strong>ARANTV.AZ<\/strong>\u00a0 <a href=\"https:\/\/az.trend.az\/\" target=\"_blank\" rel=\"noopener\">Trend<\/a>-\u0259 istinad\u0259n bildirir ki, Ukrayna d\u00f6vl\u0259t ba\u015f\u00e7\u0131s\u0131 bunu videom\u00fcraci\u0259tind\u0259 s\u00f6yl\u0259yib.<\/p>\n<p>&#8220;Bizim v\u0259 d\u00f6vl\u0259timizin tarixl\u0259 ba\u011fl\u0131 uzun-uzad\u0131 m\u00fchazir\u0259l\u0259r oxuma\u011fa vaxt\u0131m\u0131z yoxdur. Ona g\u00f6r\u0259 d\u0259 ke\u00e7mi\u015fd\u0259n dan\u0131\u015fmayaca\u011fam. M\u0259n siz\u0259 reall\u0131qlar v\u0259 g\u0259l\u0259c\u0259k haqq\u0131nda dan\u0131\u015faca\u011fam: Ukrayna Rusiya Federasiyas\u0131n\u0131n h\u0259r hans\u0131 b\u0259yanatlar\u0131na v\u0259 h\u0259r\u0259k\u0259tl\u0259rin\u0259 baxmayaraq beyn\u0259lxalq s\u0259viyy\u0259d\u0259 tan\u0131nm\u0131\u015f s\u0259rh\u0259dl\u0259ri daxilind\u0259 qalacaq&#8221;, &#8211; V.Zelenski qeyd edib.<\/p>\n<p>D\u00f6vl\u0259t ba\u015f\u00e7\u0131s\u0131 h\u0259m\u00e7inin qeyd edib ki, ukraynal\u0131lar sakitdirl\u0259r v\u0259 \u00f6z\u00fcn\u0259inam\u0131 itirm\u0259yibl\u0259r.<\/p>\n<p>&#8220;Buna g\u00f6r\u0259 b\u00fct\u00fcn v\u0259t\u0259nda\u015flara t\u0259\u015f\u0259kk\u00fcr etm\u0259k ist\u0259rdim &#8211; siz bir daha s\u00fcbut edirsiniz ki, ukraynal\u0131lar a\u011f\u0131ll\u0131 v\u0259 m\u00fcdrik xalqd\u0131rlar. V\u0259 h\u0259r \u015fey\u0259 baxmayaraq, soyuqqanl\u0131l\u0131\u011f\u0131 saxlay\u0131r, sakit, balansl\u0131 reaksiya verir&#8221;, &#8211; Ukrayna prezidenti vur\u011fulay\u0131b.<\/p>\n","protected":false},"excerpt":{"rendered":"<p>Ukrayna prezidenti Vladimir Zelenski Rusiyan\u0131n h\u0259r hans\u0131 b\u0259yanat v\u0259 h\u0259r\u0259k\u0259tl\u0259rin\u0259 baxmayaraq, \u00f6lk\u0259sinin beyn\u0259lxalq s\u0259viyy\u0259d\u0259 tan\u0131nm\u0131\u015f s\u0259rh\u0259dl\u0259rinin d\u0259yi\u015fm\u0259z qalaca\u011f\u0131na \u0259min edib. ARANTV.AZ\u00a0 Trend-\u0259 istinad\u0259n bildirir ki, Ukrayna d\u00f6vl\u0259t ba\u015f\u00e7\u0131s\u0131 bunu videom\u00fcraci\u0259tind\u0259 s\u00f6yl\u0259yib. &#8220;Bizim v\u0259 d\u00f6vl\u0259timizin tarixl\u0259 ba\u011fl\u0131 uzun-uzad\u0131 m\u00fchazir\u0259l\u0259r oxuma\u011fa vaxt\u0131m\u0131z yoxdur. Ona g\u00f6r\u0259 d\u0259 ke\u00e7mi\u015fd\u0259n dan\u0131\u015fmayaca\u011fam. M\u0259n siz\u0259 reall\u0131qlar v\u0259 g\u0259l\u0259c\u0259k haqq\u0131nda dan\u0131\u015faca\u011fam: Ukrayna Rusiya Federasiyas\u0131n\u0131n h\u0259r hans\u0131 b\u0259yanatlar\u0131na v\u0259 h\u0259r\u0259k\u0259tl\u0259rin\u0259 baxmayaraq beyn\u0259lxalq s\u0259viyy\u0259d\u0259 tan\u0131nm\u0131\u015f s\u0259rh\u0259dl\u0259ri daxilind\u0259 qalacaq&#8221;, &#8211; V.Zelenski qeyd edib. D\u00f6vl\u0259t ba\u015f\u00e7\u0131s\u0131 h\u0259m\u00e7inin qeyd edib ki, ukraynal\u0131lar sakitdirl\u0259r v\u0259 \u00f6z\u00fcn\u0259inam\u0131 itirm\u0259yibl\u0259r. &#8220;Buna g\u00f6r\u0259 b\u00fct\u00fcn v\u0259t\u0259nda\u015flara t\u0259\u015f\u0259kk\u00fcr etm\u0259k ist\u0259rdim&hellip;<\/p>\n","protected":false},"author":2,"featured_media":442058,"comment_status":"closed","ping_status":"closed","sticky":false,"template":"","format":"standard","meta":{"om_disable_all_campaigns":false,"_monsterinsights_skip_tracking":false,"_monsterinsights_sitenote_active":false,"_monsterinsights_sitenote_note":"","_monsterinsights_sitenote_category":0},"categories":[7],"tags":[],"aioseo_notices":[],"gutentor_comment":0,"rttpg_featured_image_url":{"full":["https:\/\/arantv.az\/wp-content\/uploads\/2022\/02\/vladimir_zelenski_280521.jpg",690,387,false],"landscape":["https:\/\/arantv.az\/wp-content\/uploads\/2022\/02\/vladimir_zelenski_280521.jpg",690,387,false],"portraits":["https:\/\/arantv.az\/wp-content\/uploads\/2022\/02\/vladimir_zelenski_280521.jpg",690,387,false],"thumbnail":["https:\/\/arantv.az\/wp-content\/uploads\/2022\/02\/vladimir_zelenski_280521-500x280.jpg",500,280,true],"medium":["https:\/\/arantv.az\/wp-content\/uploads\/2022\/02\/vladimir_zelenski_280521-651x365.jpg",651,365,true],"large":["https:\/\/arantv.az\/wp-content\/uploads\/2022\/02\/vladimir_zelenski_280521.jpg",640,359,false],"1536x1536":["https:\/\/arantv.az\/wp-content\/uploads\/2022\/02\/vladimir_zelenski_280521.jpg",690,387,false],"2048x2048":["https:\/\/arantv.az\/wp-content\/uploads\/2022\/02\/vladimir_zelenski_280521.jpg",690,387,false],"post-thumbnail":["https:\/\/arantv.az\/wp-content\/uploads\/2022\/02\/vladimir_zelenski_280521-240x172.jpg",240,172,true],"advps-thumb-one":["https:\/\/arantv.az\/wp-content\/uploads\/2022\/02\/vladimir_zelenski_280521.jpg",690,387,false]},"rttpg_author":{"display_name":"V\u00fcsal Rafiqo\u011flu","author_link":"https:\/\/arantv.az\/?author=2"},"rttpg_comment":0,"rttpg_category":"<a href=\"https:\/\/arantv.az\/?cat=7\" rel=\"category\">D\u00fcnya<\/a>","rttpg_excerpt":"Ukrayna prezidenti Vladimir Zelenski Rusiyan\u0131n h\u0259r hans\u0131 b\u0259yanat v\u0259 h\u0259r\u0259k\u0259tl\u0259rin\u0259 baxmayaraq, \u00f6lk\u0259sinin beyn\u0259lxalq s\u0259viyy\u0259d\u0259 tan\u0131nm\u0131\u015f s\u0259rh\u0259dl\u0259rinin d\u0259yi\u015fm\u0259z qalaca\u011f\u0131na \u0259min edib. ARANTV.AZ\u00a0 Trend-\u0259 istinad\u0259n bildirir ki, Ukrayna d\u00f6vl\u0259t ba\u015f\u00e7\u0131s\u0131 bunu videom\u00fcraci\u0259tind\u0259 s\u00f6yl\u0259yib. &#8220;Bizim v\u0259 d\u00f6vl\u0259timizin tarixl\u0259 ba\u011fl\u0131 uzun-uzad\u0131 m\u00fchazir\u0259l\u0259r oxuma\u011fa vaxt\u0131m\u0131z yoxdur. Ona g\u00f6r\u0259 d\u0259 ke\u00e7mi\u015fd\u0259n dan\u0131\u015fmayaca\u011fam. M\u0259n siz\u0259 reall\u0131qlar v\u0259 g\u0259l\u0259c\u0259k haqq\u0131nda dan\u0131\u015faca\u011fam: Ukrayna Rusiya&hellip;","_links":{"self":[{"href":"https:\/\/arantv.az\/index.php?rest_route=\/wp\/v2\/posts\/442057"}],"collection":[{"href":"https:\/\/arantv.az\/index.php?rest_route=\/wp\/v2\/posts"}],"about":[{"href":"https:\/\/arantv.az\/index.php?rest_route=\/wp\/v2\/types\/post"}],"author":[{"embeddable":true,"href":"https:\/\/arantv.az\/index.php?rest_route=\/wp\/v2\/users\/2"}],"replies":[{"embeddable":true,"href":"https:\/\/arantv.az\/index.php?rest_route=%2Fwp%2Fv2%2Fcomments&post=442057"}],"version-history":[{"count":0,"href":"https:\/\/arantv.az\/index.php?rest_route=\/wp\/v2\/posts\/442057\/revisions"}],"wp:featuredmedia":[{"embeddable":true,"href":"https:\/\/arantv.az\/index.php?rest_route=\/wp\/v2\/media\/442058"}],"wp:attachment":[{"href":"https:\/\/arantv.az\/index.php?rest_route=%2Fwp%2Fv2%2Fmedia&parent=442057"}],"wp:term":[{"taxonomy":"category","embeddable":true,"href":"https:\/\/arantv.az\/index.php?rest_route=%2Fwp%2Fv2%2Fcategories&post=442057"},{"taxonomy":"post_tag","embeddable":true,"href":"https:\/\/arantv.az\/index.php?rest_route=%2Fwp%2Fv2%2Ftags&post=442057"}],"curies":[{"name":"wp","href":"https:\/\/api.w.org\/{rel}","templated":true}]}}