{"id":442060,"date":"2022-02-22T08:12:19","date_gmt":"2022-02-22T05:12:19","guid":{"rendered":"http:\/\/arantv.az\/?p=442060"},"modified":"2022-02-22T08:12:19","modified_gmt":"2022-02-22T05:12:19","slug":"mehriban-%c9%99liyeva-fenomeni-birinci-vitse-prezidentin-5-ili-nec%c9%99-d%c9%99y%c9%99rl%c9%99ndirildi","status":"publish","type":"post","link":"https:\/\/arantv.az\/?p=442060","title":{"rendered":"Mehriban \u018fliyeva fenomeni &#8211; birinci vitse-prezidentin 5 ili nec\u0259 d\u0259y\u0259rl\u0259ndirildi?"},"content":{"rendered":"<p><strong>Fevral\u0131n 21-d\u0259 Mehriban xan\u0131m \u018fliyevan\u0131n Az\u0259rbaycan\u0131n Birinci vitse-prezidenti postuna t\u0259yin edilm\u0259sind\u0259n 5 il \u00f6td\u00fc. Mehriban \u018fliyevan\u0131n bu posta g\u0259li\u015fi \u00f6lk\u0259d\u0259 xeyli islahatlarla m\u00fc\u015fayi\u0259t olundu. Faktiki, yeni iqtidar komandas\u0131 formala\u015fd\u0131. Xaricd\u0259 t\u0259hsil alm\u0131\u015f bir ne\u00e7\u0259 dil bil\u0259n g\u0259ncl\u0259r m\u00fcxt\u0259lif sah\u0259l\u0259rd\u0259 v\u0259zif\u0259l\u0259r\u0259 ir\u0259li \u00e7\u0259kildil\u0259r. \u00d6lk\u0259 Mehdiyev-H\u0259s\u0259nov tandemind\u0259n qurtuldu.<\/strong><\/p>\n<p>Mehriban xan\u0131m\u0131n 44 g\u00fcnl\u00fck V\u0259t\u0259n m\u00fcharib\u0259si d\u00f6vr\u00fcnd\u0259ki f\u0259aliyy\u0259ti d\u0259, \u015f\u0259hid ail\u0259l\u0259rin\u0259, qazil\u0259r\u0259, m\u00fcharib\u0259d\u0259n z\u0259r\u0259r \u00e7\u0259kmi\u015f m\u00fclk\u00fc \u015f\u0259xsl\u0259r\u0259 qay\u011f\u0131s\u0131, diqq\u0259ti, h\u0259ssasl\u0131\u011f\u0131 da h\u0259r zaman \u00f6z\u00fcn\u00fc g\u00f6st\u0259rib.<\/p>\n<p>M.\u018fliyeva Heyd\u0259r \u018fliyev Fondunun r\u0259hb\u0259ri kimi \u0259n \u00e7ox humanitar f\u0259aliyy\u0259ti il\u0259 insanlar\u0131n r\u0259\u011fb\u0259tini qazan\u0131b. V\u0259t\u0259nda\u015f\u0131n \u0259li, \u00fcmidi h\u0259r yerd\u0259n \u00fcz\u00fcl\u0259nd\u0259 fonda etdiyi m\u00fcraci\u0259tl\u0259ri cavabs\u0131z qalmay\u0131b: x\u0259st\u0259si olan \u015f\u0259fa, imkan\u0131 olmayan ruzi tap\u0131b.<\/p>\n<p><strong>Deputat Vahid \u018fhm\u0259dov \u201cYeni M\u00fcsavat\u201da a\u00e7\u0131qlamas\u0131nda bildirdi ki, birinci vitse-prezident t\u0259yin olunandan indiy\u0259 q\u0259d\u0259r 5 il m\u00fcdd\u0259td\u0259 Mehriban xan\u0131m \u018fliyeva h\u0259m Az\u0259rbaycanda, h\u0259m \u00f6lk\u0259mizd\u0259n k\u0259narda kifay\u0259t q\u0259d\u0259r b\u00f6y\u00fck i\u015fl\u0259r g\u00f6r\u00fcb. M\u0259d\u0259ni, sosial sah\u0259d\u0259, t\u0259hsil sah\u0259sind\u0259 \u00e7ox m\u00fch\u00fcm i\u015fl\u0259rin m\u00fc\u0259llifi olub. \u015e\u0259hid ail\u0259l\u0259rinin, qazil\u0259rin, m\u0259cburi k\u00f6\u00e7k\u00fcnl\u0259rin sosial m\u0259s\u0259l\u0259l\u0259rinin h\u0259llind\u0259 b\u00f6y\u00fck i\u015fl\u0259r h\u0259yata ke\u00e7irib. V\u0259t\u0259n m\u00fcharib\u0259sind\u0259 sa\u011flaml\u0131\u011f\u0131n itir\u0259n qazil\u0259rimizin xaricd\u0259 m\u00fcalic\u0259 olunmas\u0131 kimi son d\u0259r\u0259c\u0259 vacib i\u015fl\u0259rin realla\u015fd\u0131r\u0131lmas\u0131nda Mehriban xan\u0131m\u0131n h\u0259yata ke\u00e7irdiyi i\u015fl\u0259rin d\u0259y\u0259ri is\u0259 \u00f6l\u00e7\u00fcy\u0259 g\u0259lm\u0259zdir:<\/strong>\u00a0\u201cMehriban \u018fliyevan\u0131n sosial, humanitar y\u00f6n\u00fcml\u00fc f\u0259aliyy\u0259ti o d\u0259r\u0259c\u0259d\u0259 geni\u015f miqyasl\u0131d\u0131r ki, saymaqla qurtaran deyil. Bir s\u0131ra xarici \u00f6lk\u0259l\u0259rd\u0259 h\u0259yata ke\u00e7irdiyi sosial, humanitar layih\u0259l\u0259r Az\u0259rbaycana h\u0259min \u00f6lk\u0259l\u0259rin m\u00fcnasib\u0259tind\u0259 \u00e7ox m\u00fch\u00fcm amil\u0259 \u00e7evrilib. Bu c\u00fcr layih\u0259l\u0259r d\u00f6vl\u0259tl\u0259r aras\u0131ndak\u0131 m\u00fcnasib\u0259tl\u0259r\u0259 \u00f6z m\u00fcsb\u0259t t\u0259sirini g\u00f6st\u0259rir. 44 g\u00fcnl\u00fck m\u00fcharib\u0259 d\u00f6vr\u00fcnd\u0259 Az\u0259rbaycan\u0131n \u0259leyhin\u0259 bir-iki d\u00f6vl\u0259t istisna olmaqla, d\u00fcnyada he\u00e7 bir d\u00f6vl\u0259t \u00e7\u0131x\u0131\u015f el\u0259m\u0259di. Burada Az\u0259rbaycan Prezidenti \u0130lham \u018fliyevin apard\u0131\u011f\u0131 u\u011furlu xarici siyas\u0259tl\u0259 yana\u015f\u0131, Mehriban xan\u0131m \u018fliyevan\u0131n qeyd etdiyim f\u0259aliyy\u0259tinin d\u0259 xidm\u0259tl\u0259ri dan\u0131lmazd\u0131r. Az\u0259rbaycan xalq\u0131n\u0131n i\u00e7\u0259risind\u0259 onun h\u0259l\u0259 birinci vitse-prezident t\u0259yin olunmazdan \u00f6nc\u0259 d\u0259 b\u00f6y\u00fck n\u00fcfuzu var idi. Birinci vitse-prezident kimi f\u0259aliyy\u0259ti d\u00f6vr\u00fcnd\u0259 is\u0259 xalq\u0131n ona m\u0259h\u0259bb\u0259ti daha da artd\u0131. \u00c7\u00fcnki Mehriban xan\u0131m daim sad\u0259 insanlar\u0131n yan\u0131ndad\u0131r.<\/p>\n<p><img src=\"https:\/\/static.report.az\/photo\/c3216eca-1ce4-38b0-88ec-6ec4a422d4f4_850.jpg\" alt=\"Vahid \u018fhm\u0259dov: \u201c\u0130dman m\u0259rc oyunlar\u0131nda \u015f\u0259ffafl\u0131q s\u0131f\u0131r s\u0259viyy\u0259d\u0259dir\u201d |  Report.az\" \/><\/p>\n<p><strong>Vahid \u018fhm\u0259dov: \u201cKadr islahatlar\u0131 kimi vacib bir i\u015fd\u0259 onun d\u0259st\u0259yi, rolu bu i\u015fin u\u011furla apar\u0131lmas\u0131nda dan\u0131lmazd\u0131r\u201d<\/strong><\/p>\n<p>Heyd\u0259r \u018fliyev Fondunun d\u0259st\u0259yi il\u0259 h\u0259yata ke\u00e7iril\u0259n quruculuq i\u015fl\u0259ri, m\u0259kt\u0259b binalar\u0131n\u0131n in\u015fas\u0131, i\u015f\u011faldan azad edil\u0259n \u0259razil\u0259rimizd\u0259 fondun h\u0259yata ke\u00e7irdiyi layih\u0259l\u0259r d\u0259 Mehriban xan\u0131m\u0131n u\u011furlu f\u0259aliyy\u0259tinin t\u0259rkib hiss\u0259l\u0259rind\u0259ndir. Az\u0259rbaycan xalq\u0131 b\u00fct\u00fcn bu i\u015fl\u0259ri y\u00fcks\u0259k qiym\u0259tl\u0259ndirir. Mehriban xan\u0131m \u018fliyeva Prezident \u0130lham \u018fliyevl\u0259 birlikd\u0259 i\u015f\u011faldan azad edil\u0259n rayonlar\u0131m\u0131za s\u0259f\u0259rl\u0259rd\u0259 i\u015ftirak edir. Birinci vitse-prezident kimi o, \u00f6z v\u0259zif\u0259sini bu istiqam\u0259td\u0259 d\u0259 m\u0259har\u0259tl\u0259 h\u0259yata ke\u00e7irir. Birinci vitse-prezident kimi iqtisadi, siyasi m\u0259s\u0259l\u0259l\u0259rd\u0259 onun r\u0259yi n\u0259z\u0259r\u0259 al\u0131n\u0131r. Kadr t\u0259yinatlar\u0131ndan da g\u00f6r\u00fcr\u0259m ki, Mehriban xan\u0131m \u018fliyevan\u0131n t\u0259klif v\u0259 fikirl\u0259ri c\u0259nab Prezident t\u0259r\u0259find\u0259n q\u0259bul olunur. \u00c7\u00fcnki u\u011furlu, vacib t\u0259klifl\u0259r ir\u0259li s\u00fcr\u00fcr. T\u0259yin olunan kadrlar da kifay\u0259t q\u0259d\u0259r m\u00fcasir t\u0259l\u0259bl\u0259r\u0259 cavab ver\u0259n kadrlard\u0131r. Kadr islahatlar\u0131 kimi vacib bir i\u015fd\u0259 Mehriban xan\u0131m\u0131n d\u0259st\u0259yi, rolu bu i\u015fin u\u011furla apar\u0131lmas\u0131nda dan\u0131lmazd\u0131r. M\u0259n Mehriban xan\u0131m \u018fliyevaya f\u0259aliyy\u0259tind\u0259 u\u011furlar arzulay\u0131ram\u201d.<\/p>\n<p><img src=\"https:\/\/xalqcebhesi.az\/\/photos\/aydin_huseynov_0145.jpg\" alt=\"Ayd\u0131n H\u00fcseynov: D\u00f6vl\u0259t t\u0259r\u0259find\u0259n g\u00f6r\u00fclm\u00fc\u015f b\u00fct\u00fcn i\u015fl\u0259r bir m\u0259qs\u0259d g\u00fcd\u00fcr ki,  biz bu a\u011f\u0131r, \u00e7\u0259tin v\u0259ziyy\u0259td\u0259n\" \/><\/p>\n<p><strong>Ayd\u0131n H\u00fcseynov: \u201cMilli d\u0259y\u0259rl\u0259r\u0259 sadiqlik f\u0259aliyy\u0259tinin prioritet istiqam\u0259ti olan Mehriban xan\u0131m \u018fliyeva d\u00f6vl\u0259t\u00e7iliyin qorunmas\u0131 v\u0259 g\u00fccl\u0259nm\u0259si istiqam\u0259tind\u0259 \u0259zmkar f\u0259aliyy\u0259t g\u00f6st\u0259rir\u201d<\/strong><\/p>\n<p><strong>Deputat Ayd\u0131n H\u00fcseynov is\u0259 bildirdi ki, 2017-ci il fevral\u0131n 21-d\u0259 Prezident \u0130lham \u018fliyevin imzalad\u0131\u011f\u0131 s\u0259r\u0259ncama \u0259sas\u0259n Mehriban xan\u0131m \u018fliyevan\u0131n birinci vitse-prezidenti t\u0259yin olunmas\u0131 idar\u0259etm\u0259d\u0259 m\u00fcasir \u00e7a\u011f\u0131r\u0131\u015flara uy\u011fun, daha \u00e7evik v\u0259 s\u0259m\u0259r\u0259li f\u0259aliyy\u0259t\u0259 \u015f\u0259rait yaratd\u0131:<\/strong>\u00a0\u201cMehriban xan\u0131m \u018fliyevan\u0131n Az\u0259rbaycan Respublikas\u0131n\u0131n Birinci vitse-prezidenti t\u0259yin olunmas\u0131 \u00f6lk\u0259nin m\u00fcasir tarixinin m\u00fch\u00fcm hadis\u0259sidir. T\u0259sad\u00fcfi deyil ki, bu g\u00fcn Birinci vitse-prezidentlik institutu funksional siyasi t\u0259sisat kimi u\u011furla f\u0259aliyy\u0259t g\u00f6st\u0259rir. M\u0259hz Mehriban xan\u0131m \u018fliyevan\u0131n birinci vitse-prezidentlik f\u0259aliyy\u0259ti d\u00f6vl\u0259t idar\u0259\u00e7ilik sistemin\u0259 m\u00fcasirlik qat\u0131b v\u0259 pe\u015f\u0259karl\u0131q amilinin aktuall\u0131\u011f\u0131n\u0131 art\u0131r\u0131b. T\u0259bii ki, burada birinci vitse-prezident Mehriban xan\u0131m \u018fliyevan\u0131n xarizmas\u0131, y\u00fcks\u0259k idar\u0259\u00e7ilik t\u0259cr\u00fcb\u0259si m\u00fch\u00fcm rol oynay\u0131b.<\/p>\n<p>Mehriban xan\u0131m \u018fliyeva uzun ill\u0259r humanist siyas\u0259ti, Az\u0259rbaycan\u0131n milli d\u0259y\u0259rl\u0259rinin, m\u0259d\u0259ni irsinin qorunmas\u0131 v\u0259 t\u0259bli\u011fat\u0131n\u0131n apar\u0131lmas\u0131ndak\u0131 xidm\u0259tl\u0259ri, eyni zamanda xeyriyy\u0259\u00e7ilik f\u0259aliyy\u0259ti il\u0259 xalq\u0131m\u0131z\u0131n d\u0259rin sevgisini qazan\u0131b. Birinci vitse-prezident kimi ilk m\u00fc\u015favir\u0259sini m\u0259cburi k\u00f6\u00e7k\u00fcnl\u0259rin probleml\u0259rin\u0259 h\u0259sr etm\u0259si Mehriban xan\u0131m \u018fliyevan\u0131n xalq\u0131m\u0131z\u0131n h\u0259ssas t\u0259b\u0259q\u0259sin\u0259 n\u0259 q\u0259d\u0259r diqq\u0259t v\u0259 qay\u011f\u0131 il\u0259 yana\u015fd\u0131\u011f\u0131n\u0131 g\u00f6st\u0259rir.<\/p>\n<p>Bundan ba\u015fqa, o, \u00e7oxsayl\u0131 u\u011furlu xarici s\u0259f\u0259rl\u0259ri il\u0259 Az\u0259rbaycan\u0131n beyn\u0259lxalq al\u0259md\u0259 n\u00fcfuzunun daha da y\u00fcks\u0259lm\u0259sin\u0259 nail olub. Bu m\u0259nada Mehriban \u018fliyeva h\u0259m d\u0259 b\u00f6y\u00fck diplomatd\u0131r.<\/p>\n<p>\u0130kinci Qaraba\u011f m\u00fcharib\u0259sind\u0259n sonra i\u015f\u011faldan azad edil\u0259n \u0259razil\u0259r\u0259 s\u0259f\u0259rl\u0259ri zaman\u0131 Ali Ba\u015f Komandan \u0130lham \u018fliyevl\u0259 birg\u0259 olan Mehriban xan\u0131m \u018fliyeva h\u0259m birinci vitse-prezident, h\u0259m d\u0259 birinci xan\u0131m kimi missiyas\u0131n\u0131 s\u0259daq\u0259tl\u0259 yerin\u0259 yetirib.<\/p>\n<p>Milli d\u0259y\u0259rl\u0259r\u0259 sadiqlik f\u0259aliyy\u0259tinin prioritet istiqam\u0259ti olan Mehriban xan\u0131m \u018fliyeva d\u00f6vl\u0259t\u00e7iliyin qorunmas\u0131 v\u0259 g\u00fccl\u0259nm\u0259si istiqam\u0259tind\u0259 \u0259zmkar f\u0259aliyy\u0259t g\u00f6st\u0259rir. Ona cansa\u011fl\u0131\u011f\u0131 v\u0259 yorulmaz f\u0259aliyy\u0259tind\u0259 u\u011furlar arzulay\u0131ram&#8221;.<\/p>\n<p><img loading=\"lazy\" src=\"https:\/\/azertag.az\/files\/galleryphoto\/2018\/1\/1000x669\/15173249153222734792_1000x669.jpg\" alt=\"Hikm\u0259t Babao\u011flu: Az\u0259rbaycan iqtisadiyyat\u0131 yeni regional m\u0259rk\u0259zl\u0259rin  yarad\u0131lmas\u0131 il\u0259 n\u00f6vb\u0259ti keyfiyy\u0259t m\u0259rh\u0259l\u0259sin\u0259 q\u0259d\u0259m qoyub - AZ\u018fRTAC \u2013  Az\u0259rbaycan D\u00f6vl\u0259t \u0130nformasiya Agentliyi\" width=\"845\" height=\"558\" \/><\/p>\n<p><strong>Hikm\u0259t Babao\u011flu: \u201cMehriban xan\u0131m \u018fliyeva idar\u0259etm\u0259 tariximizd\u0259 keyfiyy\u0259tc\u0259 tamamil\u0259 yeni bir m\u0259rh\u0259l\u0259 yaratd\u0131\u201d<\/strong><\/p>\n<p><strong>Deputat Hikm\u0259t Babao\u011flu is\u0259 bildirdi ki, Az\u0259rbaycanda vitse-prezidentlik institutunun yarad\u0131lmas\u0131 institusional bax\u0131mdan n\u0259 q\u0259d\u0259r \u0259h\u0259miyy\u0259tli bir hadis\u0259 idis\u0259, bu institutun idar\u0259etm\u0259d\u0259 yeni funksional vahid kimi f\u0259aliyy\u0259tinin t\u0259min olunmas\u0131 da bir o q\u0259d\u0259r m\u00fch\u00fcm\u00a0 \u0259h\u0259miyy\u0259tli idi. Prezident \u0130lham \u018fliyevin 2017-ci ild\u0259 imzalad\u0131\u011f\u0131 s\u0259r\u0259ncamla Mehriban xan\u0131m \u018fliyevan\u0131n\u00a0 Az\u0259rbaycan Respublikas\u0131n\u0131n Birinci vitse-prezidenti t\u0259yin olunmas\u0131 bu yeni idar\u0259etm\u0259 vahidinin s\u0259m\u0259r\u0259li f\u0259aliyy\u0259tin\u0259 z\u0259man\u0259t ver\u0259n \u0259sas faktor oldu:<\/strong>\u00a0\u201c\u00d6t\u0259n be\u015f illik idar\u0259etm\u0259 t\u0259cr\u00fcb\u0259si g\u00f6st\u0259rdi ki, c\u0259miyy\u0259td\u0259 institusional v\u0259 struktural islahatlar n\u0259 q\u0259d\u0259r d\u00fczg\u00fcn apar\u0131lsa da yeni modelin u\u011furlu olmas\u0131 b\u00f6y\u00fck \u00f6l\u00e7\u00fcd\u0259 h\u0259m d\u0259 kadrlardan as\u0131l\u0131 olur. Bu m\u0259nada Mehriban xan\u0131m \u018fliyevan\u0131n f\u0259aliyy\u0259ti h\u0259m idar\u0259etm\u0259nin yeni f\u0259ls\u0259f\u0259si, h\u0259m d\u0259 yarad\u0131lan qurumun funksionall\u0131\u011f\u0131 bax\u0131m\u0131ndan idar\u0259etm\u0259 tariximizd\u0259 keyfiyy\u0259tc\u0259 tamamil\u0259 yeni bir m\u0259rh\u0259l\u0259 yaratd\u0131. Bu keyfiyy\u0259t m\u0259rh\u0259l\u0259sinin \u0259n s\u0259ciyy\u0259vi x\u00fcsusiyy\u0259ti is\u0259 v\u0259t\u0259nda\u015flar\u0131n d\u00f6vl\u0259t\u0259 v\u0259 idar\u0259etm\u0259 institutlar\u0131na inam v\u0259 etimad\u0131n art\u0131r\u0131lmas\u0131 oldu. \u00c7\u00fcnki d\u00f6vl\u0259t\u00a0 v\u0259 v\u0259t\u0259nda\u015f aras\u0131nda inam v\u0259 etimad\u0131n olmas\u0131 t\u0259kc\u0259 v\u0259t\u0259nda\u015f m\u0259mnunlu\u011funun yaranmas\u0131 hadis\u0259si deyil, h\u0259m d\u0259 d\u00f6vl\u0259tin g\u00fccl\u0259nm\u0259si hadis\u0259sidir. G\u00fccl\u00fc d\u00f6vl\u0259t is\u0259 n\u0259tic\u0259 etibaril\u0259 ham\u0131m\u0131z\u0131n \u015fahidi oldu\u011fumuz tarixi q\u0259l\u0259b\u0259l\u0259rimizin r\u0259hnin\u0259 \u00e7evrilir. Bu m\u0259nada Mehriban xan\u0131m \u018fliyevan\u0131n birinci vitse-prezident kimi xidm\u0259tl\u0259ri, sad\u0259c\u0259, yax\u015f\u0131 idar\u0259etm\u0259 t\u0259cr\u00fcb\u0259si, yaxud n\u00fcmun\u0259si\u00a0 kimi deyil, h\u0259m d\u0259 milli d\u00f6vl\u0259t\u00e7iliyimizin inki\u015faf\u0131na v\u0259 m\u00f6hk\u0259ml\u0259nm\u0259sin\u0259\u00a0 t\u00f6hf\u0259 ver\u0259n m\u00fcst\u0259sna strateji sosial faktor kimi n\u0259z\u0259rd\u0259n ke\u00e7irilm\u0259lidir. Az\u0259rbaycan Respublikas\u0131n\u0131n Birinci vitse-prezidenti Mehriban xan\u0131m \u018fliyevan\u0131n idar\u0259etm\u0259 formas\u0131n\u0131n x\u00fcsusiyy\u0259tl\u0259rin\u0259 g\u0259ldikd\u0259 is\u0259 bu \u00e7oxvektorlu v\u0259 novator\u00e7u idar\u0259etm\u0259 kimi s\u0259ciy\u0259l\u0259ndiril\u0259 bil\u0259r. M\u0259s\u0259l\u0259n, birinci vitse-prezidentlik institutu v\u0259t\u0259nda\u015flar\u0131n probleml\u0259rinin h\u0259llind\u0259, idar\u0259etm\u0259nin operativ v\u0259 s\u0259m\u0259r\u0259li t\u0259\u015fkil edilm\u0259sind\u0259 n\u0259 q\u0259d\u0259r u\u011furludursa, Az\u0259rbaycan m\u0259d\u0259niyy\u0259tinin d\u00fcnyaya tan\u0131d\u0131lmas\u0131nda, humanitar-m\u0259d\u0259ni sah\u0259d\u0259 d\u0259y\u0259rl\u0259rimizin \u0259n m\u00fcxt\u0259lif beyn\u0259lxalq t\u0259\u015fkilatlara \u0259n ba\u015far\u0131l\u0131 \u015f\u0259kild\u0259 t\u0259qdim olunmas\u0131nda da bir o q\u0259d\u0259r u\u011furludur. \u018fn m\u00fch\u00fcm m\u0259s\u0259l\u0259l\u0259rd\u0259n biri is\u0259 hakimiyy\u0259tl\u0259 t\u0259mas\u0131n,\u00a0 yaxud v\u0259t\u0259nda\u015f\u0131n d\u00f6v\u0259tl\u0259 \u00fcnsiyy\u0259tinin\u00a0 h\u0259r bir v\u0259t\u0259nda\u015f \u00fc\u00e7\u00fcn \u0259l\u00e7atan edilm\u0259sidir. Ona g\u00f6r\u0259 d\u0259 birinci vitse-prezidentimiz Mehriban xan\u0131m \u018fliyevan\u0131n f\u0259aliyy\u0259ti Az\u0259rbaycan c\u0259miyy\u0259tinin b\u00fct\u00fcn t\u0259b\u0259q\u0259l\u0259ri t\u0259r\u0259find\u0259n b\u00f6y\u00fck r\u0259\u011fb\u0259tl\u0259 qar\u015f\u0131lan\u0131r v\u0259 y\u00fcks\u0259k qiym\u0259tl\u0259ndirilir\u201d.<\/p>\n<p><img src=\"https:\/\/sfera.az\/file\/pic\/xeber\/2021-12\/1639986184_ghhlkpoghfg.jpg\" alt=\"Siyavu\u015f Novruzov Nax\u00e7\u0131van\u0131 n\u00fcmun\u0259 g\u00f6st\u0259rdi: &amp;quot;Dig\u0259r b\u00f6lg\u0259l\u0259rimizd\u0259 d\u0259 t\u0259tbiq  edils\u0259...&amp;quot; \u00bb Sfera.az Az\u0259rbaycanda \u00f6z\u0259l x\u0259b\u0259rl\u0259r, ara\u015fd\u0131rmalar, t\u0259hlill\u0259r  v\u0259 m\u00fcsahib\u0259l\u0259rin t\u0259k \u00fcnvan\u0131\" \/><\/p>\n<p><strong>Siyavu\u015f Novruzov: \u201cMehriban xan\u0131m \u018fliyeva Prezident \u0130lham \u018fliyevin \u0259n yax\u0131n silahda\u015f\u0131 kimi Az\u0259rbaycan namin\u0259 yorulmaz f\u0259aliyy\u0259t g\u00f6st\u0259rir, b\u00f6y\u00fck i\u015fl\u0259r\u0259 v\u0259 tarixi nailiyy\u0259tl\u0259r\u0259 imza at\u0131r\u201d<\/strong><\/p>\n<p><strong>Deputat Siyavu\u015f Novruzov is\u0259 \u00f6z\u00fcn\u00fcn sosial \u015f\u0259b\u0259k\u0259d\u0259ki s\u0259hif\u0259sind\u0259 qeyd edib ki, Mehriban xan\u0131m \u018fliyeva d\u00f6vl\u0259t ba\u015f\u00e7\u0131s\u0131n\u0131n etimad\u0131n\u0131, xalq\u0131n is\u0259 inam\u0131n\u0131 do\u011fruldan parlaq \u015f\u0259xsiyy\u0259tdir:<\/strong>\u00a0\u201cM\u00fcst\u0259qil Az\u0259rbaycan\u0131n siyasi h\u0259yat\u0131 m\u00fch\u00fcm v\u0259 \u0259lam\u0259tdar hadis\u0259l\u0259rl\u0259 z\u0259ngindir. Bunlardan biri d\u0259 be\u015f il \u0259vv\u0259l &#8211; 21 fevral 2017-ci il tarixind\u0259 Mehriban xan\u0131m \u018fliyevan\u0131n Prezident \u0130lham \u018fliyevin m\u00fcvafiq s\u0259r\u0259ncam\u0131 \u0259sas\u0131nda respublikam\u0131z\u0131n birinci vitse-prezidenti t\u0259yin olunmas\u0131d\u0131r.<\/p>\n<p>Mehriban xan\u0131m \u018fliyeva \u00f6lk\u0259 ba\u015f\u00e7\u0131s\u0131n\u0131n inam v\u0259 etimad\u0131n\u0131 layiqinc\u0259 do\u011fruldaraq birinci vitse-prezident kimi \u00f6z \u00fcz\u0259rin\u0259 d\u00fc\u015f\u0259n v\u0259zif\u0259l\u0259ri \u015f\u0259r\u0259fl\u0259, l\u0259yaq\u0259tl\u0259 yerin\u0259 yetirir. Onun r\u0259hb\u0259rliyi il\u0259 g\u00f6r\u00fcl\u0259n i\u015fl\u0259r &#8211; h\u0259yata ke\u00e7iril\u0259n layih\u0259l\u0259r Az\u0259rbaycan\u0131n inki\u015faf\u0131, xalq\u0131m\u0131z\u0131n rifah\u0131n\u0131n artmas\u0131, milli h\u0259mr\u0259yliyin g\u00fccl\u0259nm\u0259si, d\u00f6vl\u0259timizin beyn\u0259lxalq imicinin m\u00f6hk\u0259ml\u0259nm\u0259si bax\u0131m\u0131ndan m\u00fch\u00fcm \u0259h\u0259miyy\u0259t\u0259 malikdir. Mehriban xan\u0131m \u018fliyevan\u0131n birinci vitse-prezident kimi u\u011furlu v\u0259 geni\u015fmiqyasl\u0131 f\u0259aliyy\u0259ti, h\u0259m\u00e7inin idar\u0259etm\u0259d\u0259 \u00e7evikliyin v\u0259 funksionall\u0131\u011f\u0131n art\u0131r\u0131lmas\u0131 bax\u0131m\u0131ndan b\u00f6y\u00fck \u00f6n\u0259m da\u015f\u0131y\u0131r.<\/p>\n<p>\u018flb\u0259tt\u0259, Mehriban xan\u0131m \u018fliyevan\u0131n birinci vitse-prezident t\u0259yin edilm\u0259si t\u0259sad\u00fcfi deyil, s\u00f6z\u00fcn \u0259sl m\u0259nas\u0131nda, ictimai sifari\u015f\u0259 \u0259saslan\u0131b. \u00c7\u00fcnki o, h\u0259min vaxta q\u0259d\u0259r m\u00fcxt\u0259lif v\u0259zif\u0259l\u0259rd\u0259 u\u011furla f\u0259aliyy\u0259t g\u00f6st\u0259r\u0259r\u0259k xalq\u0131n &#8211; milyonlar\u0131n sevgisini, r\u0259\u011fb\u0259tini qazanm\u0131\u015fd\u0131, Az\u0259rbaycan\u0131n inki\u015faf\u0131na m\u00fch\u00fcm t\u00f6hf\u0259l\u0259r vermi\u015fdi&#8221;.<\/p>\n<p><strong>Deputat bildirib ki, bu g\u00fcn Mehriban xan\u0131m \u018fliyevan\u0131n t\u0259\u015f\u0259bb\u00fcs\u00fc il\u0259 g\u00f6r\u00fcl\u0259n i\u015fl\u0259r V\u0259t\u0259n m\u00fcharib\u0259sind\u0259 qazan\u0131lm\u0131\u015f q\u0259l\u0259b\u0259nin m\u00f6hk\u0259ml\u0259ndirilm\u0259si v\u0259 milli birliyin g\u00fccl\u0259ndirilm\u0259si, i\u015f\u011faldan azad edilmi\u015f \u0259razil\u0259rd\u0259 b\u0259rpa-quruculuq i\u015fl\u0259rinin apar\u0131lmas\u0131, B\u00f6y\u00fck Qay\u0131d\u0131\u015f\u0131n &#8211; layiqli v\u0259 dayan\u0131ql\u0131 m\u0259skunla\u015fman\u0131n h\u0259yata ke\u00e7irilm\u0259si, postm\u00fcharib\u0259 reall\u0131qlar\u0131n\u0131n beyn\u0259lxalq al\u0259m\u0259 \u00e7atd\u0131r\u0131lmas\u0131 bax\u0131m\u0131ndan \u00e7ox \u00f6n\u0259mlidir:<\/strong>\u00a0\u201cMehriban xan\u0131m \u018fliyeva Prezident \u0130lham \u018fliyevin \u0259n yax\u0131n silahda\u015f\u0131 kimi Az\u0259rbaycan namin\u0259 yorulmaz f\u0259aliyy\u0259t g\u00f6st\u0259rir, b\u00f6y\u00fck i\u015fl\u0259r\u0259 v\u0259 tarixi nailiyy\u0259tl\u0259r\u0259 imza at\u0131r\u201d.<\/p>\n","protected":false},"excerpt":{"rendered":"<p>Fevral\u0131n 21-d\u0259 Mehriban xan\u0131m \u018fliyevan\u0131n Az\u0259rbaycan\u0131n Birinci vitse-prezidenti postuna t\u0259yin edilm\u0259sind\u0259n 5 il \u00f6td\u00fc. Mehriban \u018fliyevan\u0131n bu posta g\u0259li\u015fi \u00f6lk\u0259d\u0259 xeyli islahatlarla m\u00fc\u015fayi\u0259t olundu. Faktiki, yeni iqtidar komandas\u0131 formala\u015fd\u0131. Xaricd\u0259 t\u0259hsil alm\u0131\u015f bir ne\u00e7\u0259 dil bil\u0259n g\u0259ncl\u0259r m\u00fcxt\u0259lif sah\u0259l\u0259rd\u0259 v\u0259zif\u0259l\u0259r\u0259 ir\u0259li \u00e7\u0259kildil\u0259r. \u00d6lk\u0259 Mehdiyev-H\u0259s\u0259nov tandemind\u0259n qurtuldu. Mehriban xan\u0131m\u0131n 44 g\u00fcnl\u00fck V\u0259t\u0259n m\u00fcharib\u0259si d\u00f6vr\u00fcnd\u0259ki f\u0259aliyy\u0259ti d\u0259, \u015f\u0259hid ail\u0259l\u0259rin\u0259, qazil\u0259r\u0259, m\u00fcharib\u0259d\u0259n z\u0259r\u0259r \u00e7\u0259kmi\u015f m\u00fclk\u00fc \u015f\u0259xsl\u0259r\u0259 qay\u011f\u0131s\u0131, diqq\u0259ti, h\u0259ssasl\u0131\u011f\u0131 da h\u0259r zaman \u00f6z\u00fcn\u00fc g\u00f6st\u0259rib. M.\u018fliyeva Heyd\u0259r \u018fliyev Fondunun r\u0259hb\u0259ri kimi \u0259n \u00e7ox humanitar f\u0259aliyy\u0259ti il\u0259 insanlar\u0131n r\u0259\u011fb\u0259tini qazan\u0131b. V\u0259t\u0259nda\u015f\u0131n \u0259li, \u00fcmidi h\u0259r yerd\u0259n&hellip;<\/p>\n","protected":false},"author":2,"featured_media":442061,"comment_status":"closed","ping_status":"closed","sticky":false,"template":"","format":"standard","meta":{"om_disable_all_campaigns":false,"_monsterinsights_skip_tracking":false,"_monsterinsights_sitenote_active":false,"_monsterinsights_sitenote_note":"","_monsterinsights_sitenote_category":0},"categories":[19],"tags":[],"aioseo_notices":[],"gutentor_comment":0,"rttpg_featured_image_url":{"full":["https:\/\/arantv.az\/wp-content\/uploads\/2022\/02\/dd8bdfffc2948936e5a084786592633e.jpg",450,300,false],"landscape":["https:\/\/arantv.az\/wp-content\/uploads\/2022\/02\/dd8bdfffc2948936e5a084786592633e.jpg",450,300,false],"portraits":["https:\/\/arantv.az\/wp-content\/uploads\/2022\/02\/dd8bdfffc2948936e5a084786592633e.jpg",450,300,false],"thumbnail":["https:\/\/arantv.az\/wp-content\/uploads\/2022\/02\/dd8bdfffc2948936e5a084786592633e-450x280.jpg",450,280,true],"medium":["https:\/\/arantv.az\/wp-content\/uploads\/2022\/02\/dd8bdfffc2948936e5a084786592633e.jpg",450,300,false],"large":["https:\/\/arantv.az\/wp-content\/uploads\/2022\/02\/dd8bdfffc2948936e5a084786592633e.jpg",450,300,false],"1536x1536":["https:\/\/arantv.az\/wp-content\/uploads\/2022\/02\/dd8bdfffc2948936e5a084786592633e.jpg",450,300,false],"2048x2048":["https:\/\/arantv.az\/wp-content\/uploads\/2022\/02\/dd8bdfffc2948936e5a084786592633e.jpg",450,300,false],"post-thumbnail":["https:\/\/arantv.az\/wp-content\/uploads\/2022\/02\/dd8bdfffc2948936e5a084786592633e-240x172.jpg",240,172,true],"advps-thumb-one":["https:\/\/arantv.az\/wp-content\/uploads\/2022\/02\/dd8bdfffc2948936e5a084786592633e.jpg",450,300,false]},"rttpg_author":{"display_name":"V\u00fcsal Rafiqo\u011flu","author_link":"https:\/\/arantv.az\/?author=2"},"rttpg_comment":0,"rttpg_category":"<a href=\"https:\/\/arantv.az\/?cat=19\" rel=\"category\">G\u00fcnd\u0259m<\/a>","rttpg_excerpt":"Fevral\u0131n 21-d\u0259 Mehriban xan\u0131m \u018fliyevan\u0131n Az\u0259rbaycan\u0131n Birinci vitse-prezidenti postuna t\u0259yin edilm\u0259sind\u0259n 5 il \u00f6td\u00fc. Mehriban \u018fliyevan\u0131n bu posta g\u0259li\u015fi \u00f6lk\u0259d\u0259 xeyli islahatlarla m\u00fc\u015fayi\u0259t olundu. Faktiki, yeni iqtidar komandas\u0131 formala\u015fd\u0131. Xaricd\u0259 t\u0259hsil alm\u0131\u015f bir ne\u00e7\u0259 dil bil\u0259n g\u0259ncl\u0259r m\u00fcxt\u0259lif sah\u0259l\u0259rd\u0259 v\u0259zif\u0259l\u0259r\u0259 ir\u0259li \u00e7\u0259kildil\u0259r. \u00d6lk\u0259 Mehdiyev-H\u0259s\u0259nov tandemind\u0259n qurtuldu. Mehriban xan\u0131m\u0131n 44 g\u00fcnl\u00fck V\u0259t\u0259n m\u00fcharib\u0259si d\u00f6vr\u00fcnd\u0259ki f\u0259aliyy\u0259ti d\u0259,&hellip;","_links":{"self":[{"href":"https:\/\/arantv.az\/index.php?rest_route=\/wp\/v2\/posts\/442060"}],"collection":[{"href":"https:\/\/arantv.az\/index.php?rest_route=\/wp\/v2\/posts"}],"about":[{"href":"https:\/\/arantv.az\/index.php?rest_route=\/wp\/v2\/types\/post"}],"author":[{"embeddable":true,"href":"https:\/\/arantv.az\/index.php?rest_route=\/wp\/v2\/users\/2"}],"replies":[{"embeddable":true,"href":"https:\/\/arantv.az\/index.php?rest_route=%2Fwp%2Fv2%2Fcomments&post=442060"}],"version-history":[{"count":0,"href":"https:\/\/arantv.az\/index.php?rest_route=\/wp\/v2\/posts\/442060\/revisions"}],"wp:featuredmedia":[{"embeddable":true,"href":"https:\/\/arantv.az\/index.php?rest_route=\/wp\/v2\/media\/442061"}],"wp:attachment":[{"href":"https:\/\/arantv.az\/index.php?rest_route=%2Fwp%2Fv2%2Fmedia&parent=442060"}],"wp:term":[{"taxonomy":"category","embeddable":true,"href":"https:\/\/arantv.az\/index.php?rest_route=%2Fwp%2Fv2%2Fcategories&post=442060"},{"taxonomy":"post_tag","embeddable":true,"href":"https:\/\/arantv.az\/index.php?rest_route=%2Fwp%2Fv2%2Ftags&post=442060"}],"curies":[{"name":"wp","href":"https:\/\/api.w.org\/{rel}","templated":true}]}}