{"id":442063,"date":"2022-02-22T08:12:56","date_gmt":"2022-02-22T05:12:56","guid":{"rendered":"http:\/\/arantv.az\/?p=442063"},"modified":"2022-02-22T08:12:56","modified_gmt":"2022-02-22T05:12:56","slug":"%c9%99ks%c9%99r-olk%c9%99l%c9%99rd%c9%99-s%c9%99rt-karantin-rejimi-aradan-qaldirilir-b%c9%99s-az%c9%99rbaycanda","status":"publish","type":"post","link":"https:\/\/arantv.az\/?p=442063","title":{"rendered":"\u018fks\u0259r \u00f6lk\u0259l\u0259rd\u0259 s\u0259rt karantin rejimi aradan qald\u0131r\u0131l\u0131r, b\u0259s Az\u0259rbaycanda?"},"content":{"rendered":"<h3><strong>\u0130nfeksionist: \u201d\u201dOmikron&#8221; la ba\u011fl\u0131 v\u0259ziyy\u0259t onu g\u00f6st\u0259rir ki&#8230;&#8221;<\/strong><\/h3>\n<p><strong>Getdikc\u0259 daha \u00e7ox \u00f6lk\u0259 koronavirus infeksiyas\u0131n\u0131 endemik x\u0259st\u0259lik kimi tan\u0131maq niyy\u0259tini b\u0259yan edir, \u0259sas m\u0259hdudiyy\u0259tl\u0259ri, h\u0259tta maska rejimini v\u0259 COV\u0130D pasportlar\u0131n\u0131 l\u0259\u011fv edirl\u0259r. Yoluxman\u0131n y\u00fcks\u0259k s\u0259viyy\u0259d\u0259 olmas\u0131na baxmayaraq, b\u0259zi \u00f6lk\u0259l\u0259r \u201cOmikron\u201d \u015ftam\u0131n\u0131n \u0259vv\u0259lkil\u0259r\u0259 nisb\u0259t\u0259n a\u011f\u0131rla\u015fma verm\u0259m\u0259si\u00a0 v\u0259 kollektiv immunitetin y\u00fcks\u0259k s\u0259viyy\u0259d\u0259 olmas\u0131, o c\u00fcml\u0259d\u0259n peyv\u0259nd yolu il\u0259 pandemiyadan \u0259vv\u0259lki h\u0259yata t\u0259dric\u0259n qay\u0131tma\u011fa imkan verdiyini s\u00f6yl\u0259yirl\u0259r. \u00dcmumd\u00fcnya S\u0259hiyy\u0259 T\u0259\u015fkilat\u0131 (\u00dcST) is\u0259 hesab edir ki, h\u0259r bir \u00f6lk\u0259 \u00f6z epidemioloji v\u0259ziyy\u0259tini n\u0259z\u0259r\u0259 alaraq, koronavirusla m\u00fcbariz\u0259 t\u0259dbirl\u0259rini m\u00fc\u0259yy\u0259n etm\u0259lidir. Eyni zamanda d\u00fcnya ictimaiyy\u0259ti peyv\u0259nd v\u0259 qoruyucu vasit\u0259l\u0259r t\u0259dar\u00fck etm\u0259li olan d\u00f6vl\u0259tl\u0259rl\u0259 h\u0259mr\u0259ylik n\u00fcmayi\u015f etdir\u0259rs\u0259, pandemiyan\u0131n k\u0259skin m\u0259rh\u0259l\u0259sind\u0259n \u00e7\u0131x\u0131\u015f yolu h\u0259l\u0259 2022-ci ild\u0259 tap\u0131la bil\u0259r. T\u0259\u015fkilat\u0131n yax\u0131n qlobal m\u0259qs\u0259di 2022-ci ilin ortalar\u0131na q\u0259d\u0259r h\u0259r bir \u00f6lk\u0259d\u0259 \u0259halinin peyv\u0259ndl\u0259nm\u0259sinin 70%-\u0259 \u00e7atmas\u0131d\u0131r.<\/strong><\/p>\n<p>\u00dcST-in Avropa Regional Direktoru Hans Klugenin s\u00f6zl\u0259rin\u0259 g\u00f6r\u0259, Avropa indi y\u00fcks\u0259k peyv\u0259ndl\u0259m\u0259 nisb\u0259tl\u0259ri v\u0259 yaz\u0131n g\u0259li\u015fi il\u0259 \u0259laq\u0259dar \u201cm\u00f6vs\u00fcmi fasil\u0259y\u0259\u201d v\u0259 \u201cinfeksiyan\u0131n daha az \u00f6ld\u00fcr\u00fcc\u00fc olmas\u0131\u201d say\u0259sind\u0259 infeksiyan\u0131n yay\u0131lmas\u0131n\u0131 n\u0259zar\u0259t alt\u0131na almaq \u00fc\u00e7\u00fcn unikal imkana malikdir.<\/p>\n<p>Bununla bel\u0259, art\u0131q bir \u00e7ox \u00f6lk\u0259l\u0259r s\u0259rt karantin rejimind\u0259n yava\u015f-yava\u015f qurtulurlar. Avropada ilk olaraq B\u00f6y\u00fck Britaniya 2021-ci ilin yay\u0131nda \u0259sas m\u0259hdudiyy\u0259tl\u0259ri qald\u0131rma\u011fa ba\u015flad\u0131. Ba\u015f nazir Boris Consonun s\u00f6zl\u0259rin\u0259 g\u00f6r\u0259, krall\u0131\u011f\u0131n 12 ya\u015fdan yuxar\u0131 sakinl\u0259rinin 60%-d\u0259n \u00e7oxunun q\u0259bul etdiyi g\u00fccl\u0259ndirici peyv\u0259nd kampaniyas\u0131 olmadan normal h\u0259yata qay\u0131tmaq m\u00fcmk\u00fcn olmayacaq. Mart\u0131n sonuna q\u0259d\u0259r s\u0259lahiyy\u0259tlil\u0259r, koronavirus \u00fc\u00e7\u00fcn m\u00fcsb\u0259t test ed\u0259nl\u0259r \u00fc\u00e7\u00fcn m\u0259cburi \u00f6z\u00fcn\u00fct\u0259crid t\u0259l\u0259bini aradan qald\u0131rmaq niyy\u0259tind\u0259dirl\u0259r.<\/p>\n<p><strong>Fevral\u0131n 1-d\u0259 son m\u0259hdudiyy\u0259tl\u0259rin qald\u0131r\u0131ld\u0131\u011f\u0131 ilk Avropa \u00f6lk\u0259si Danimarka olub &#8211; COV\u0130D art\u0131q orada sosial t\u0259hl\u00fck\u0259li x\u0259st\u0259lik hesab edilmir. Bununla bel\u0259, ba\u015f nazir Mette Frederiksen danimarkal\u0131lar\u0131n pay\u0131z v\u0259 q\u0131\u015f aylar\u0131nda yenid\u0259n buster doza peyv\u0259nd olunaca\u011f\u0131n\u0131 istisna etm\u0259yib.<\/strong><\/p>\n<p><strong><img loading=\"lazy\" src=\"https:\/\/www.politico.eu\/cdn-cgi\/image\/width=1320,height=880,fit=crop,quality=80,format=auto,onerror=redirect\/wp-content\/uploads\/2021\/11\/04\/GettyImages-1202303308.jpg\" alt=\"Danish PM Mette Frederiksen under pressure over mink cull \u2013 POLITICO\" width=\"852\" height=\"568\" \/><\/strong><\/p>\n<p><strong>Mette Frederiksen<\/strong><\/p>\n<p>Fevral\u0131n 9-dan \u0130sve\u00e7 d\u0259 dem\u0259k olar ki, b\u00fct\u00fcn m\u0259hdudla\u015fd\u0131r\u0131c\u0131 t\u0259dbirl\u0259ri, fevral\u0131n 12-d\u0259n is\u0259 Norve\u00e7 l\u0259\u011fv edib. Bu \u00f6lk\u0259l\u0259rin s\u0259lahiyy\u0259tlil\u0259rin\u0259 g\u00f6r\u0259, infeksiyan\u0131n \u0259n a\u011f\u0131r n\u0259tic\u0259l\u0259ri arxada qal\u0131b. Fransada fevral\u0131n 28-d\u0259n etibar\u0259n COV\u0130D sertifikatlar\u0131n\u0131n yoxlan\u0131ld\u0131\u011f\u0131 otaqlarda m\u0259cburi maska tax\u0131lmas\u0131n\u0131 l\u0259\u011fv etm\u0259k niyy\u0259tind\u0259dirl\u0259r. Eyni zamanda maskalar daha k\u00fc\u00e7\u0259d\u0259, ictimai yerl\u0259rd\u0259 tax\u0131la bilm\u0259z v\u0259 Parisd\u0259 yaln\u0131z sosial m\u0259saf\u0259ni qorumaq m\u00fcmk\u00fcn olmayanda onlara taxmaq t\u00f6vsiy\u0259 olunur.<\/p>\n<p>Finlandiyada m\u0259hdudiyy\u0259tl\u0259rin g\u00f6t\u00fcr\u00fclm\u0259sinin \u0259sas m\u0259rh\u0259l\u0259si d\u0259 fevral\u0131n 14-d\u0259n ba\u015flan\u0131b &#8211; restoranlar\u0131n f\u0259aliyy\u0259tin\u0259 v\u0259 m\u00fcxt\u0259lif t\u0259dbirl\u0259rd\u0259 i\u015ftirak ed\u0259nl\u0259rin say\u0131nda m\u0259hdudiyy\u0259tl\u0259r yum\u015fald\u0131l\u0131b. Fevral\u0131n 28-d\u0259k \u00f6lk\u0259d\u0259 COV\u0130D pasportlar\u0131n\u0131n istifad\u0259si dayand\u0131r\u0131lacaq. B\u0259zi \u00f6lk\u0259l\u0259r dig\u0259r t\u0259dbirl\u0259ri yum\u015fald\u0131r &#8211; m\u0259s\u0259l\u0259n, \u0130sve\u00e7r\u0259d\u0259 fevral\u0131n 3-d\u0259n m\u0259saf\u0259d\u0259n i\u015f rejimi v\u0259 x\u0259st\u0259 il\u0259 t\u0259masda olanlar \u00fc\u00e7\u00fcn karantin l\u0259\u011fv edilib. Eyni v\u0259ziyy\u0259t Rusiyada da t\u0259tbiq edilib.<\/p>\n<p><strong>AB\u015e-da is\u0259 getdikc\u0259 daha \u00e7ox \u015ftat COV\u0130D-l\u0259 m\u00fcbariz\u0259 \u00fc\u00e7\u00fcn \u0259sas t\u0259dbirl\u0259rd\u0259n biri olan maska rejimind\u0259n imtina edir. Daha be\u015f &#8211; Nyu Cersi, Konnektikut, Oreqon, Delaver v\u0259 Kaliforniya &#8211; bu h\u0259ft\u0259 maska taxma t\u0259l\u0259bl\u0259rini y\u00fcng\u00fcll\u0259\u015fdirdikl\u0259rini a\u00e7\u0131qlay\u0131blar. Bununla bel\u0259, AB\u015e Federal X\u0259st\u0259likl\u0259r\u0259 N\u0259zar\u0259t v\u0259 Qar\u015f\u0131s\u0131n\u0131n Al\u0131nmas\u0131 m\u0259rk\u0259zl\u0259rinin r\u0259hb\u0259ri Rochelle Walensky hesab edir ki, insident v\u0259 x\u0259st\u0259xanaya yerl\u0259\u015fdirilm\u0259 nisb\u0259tl\u0259ri bu t\u0259dbird\u0259n imtina etm\u0259k \u00fc\u00e7\u00fcn h\u0259l\u0259 d\u0259 \u00e7ox y\u00fcks\u0259kdir.<\/strong><\/p>\n<p><strong><img loading=\"lazy\" src=\"https:\/\/cdn.trend.az\/2022\/01\/13\/finland_police_130122.jpg\" alt=\"Finlandiya s\u0259rh\u0259d m\u0259hdudiyy\u0259tl\u0259rini bu ay\u0131n sonunad\u0259k uzad\u0131r\" width=\"893\" height=\"595\" \/><\/strong><\/p>\n<p>Eyni zamanda 2021-ci ild\u0259 antikoronavirus m\u0259hdudiyy\u0259tl\u0259rinin geri qald\u0131r\u0131lma\u011fa ba\u015flad\u0131\u011f\u0131 Lat\u0131n Amerikas\u0131nda maskalar h\u0259l\u0259 d\u0259 l\u0259\u011fv edilm\u0259yib. Bel\u0259 ki, Kubada peyv\u0259ndin y\u00fcks\u0259k tempin\u0259 g\u00f6r\u0259 \u00f6lk\u0259 r\u0259hb\u0259rliyi art\u0131q sentyabr ay\u0131nda kafe v\u0259 restoranlara m\u00fc\u0259ssis\u0259l\u0259rd\u0259 m\u00fc\u015ft\u0259ril\u0259ri q\u0259bul etm\u0259y\u0259 icaz\u0259 verib v\u0259 \u00e7im\u0259rlikl\u0259r\u0259 giri\u015f d\u0259 a\u00e7\u0131l\u0131b. Lakin ictimai yerl\u0259rd\u0259 maskalar v\u0259 sosial m\u0259saf\u0259 h\u0259l\u0259 d\u0259 m\u0259cburidir.<\/p>\n<p>G\u00f6r\u00fcnd\u00fcy\u00fc kimi, Avropa \u00f6lk\u0259l\u0259ri\u00a0 \u0259vv\u0259lki h\u0259yata qay\u0131tmaqla ba\u011fl\u0131 c\u0259sar\u0259tli add\u0131m at\u0131blar. Tezlikl\u0259 qit\u0259nin \u0259ks\u0259r hiss\u0259sind\u0259 karantin rejimi il\u0259 vidala\u015facaqlar. Bununla bel\u0259, peyv\u0259nd t\u0259bli\u011fat\u0131 da dayanmay\u0131b. B\u0259s g\u00f6r\u0259s\u0259n, Az\u0259rbaycanda n\u0259 zaman s\u0259rt karantin rejimi l\u0259\u011fv olunacaq, \u0259hali \u0259vv\u0259lki h\u0259yat\u0131na qay\u0131dacaq?<\/p>\n<p><img loading=\"lazy\" src=\"http:\/\/qanunvehedef.az\/uploads\/posts\/2019-02\/1550346962_mg-20190216-wa0007.jpg\" alt=\"M\u0259rdan \u018fliyev h\u0259m pe\u015f\u0259kar, qay\u011f\u0131ke\u015f v\u0259 s\u0259mimi insan \u00bb Qanun v\u0259 H\u0259d\u0259f\" width=\"761\" height=\"506\" \/><\/p>\n<p><strong>M\u0259rdan \u018fliyev<\/strong><\/p>\n<p><strong>M\u00f6vzu il\u0259 ba\u011fl\u0131 \u201cYeni M\u00fcsavat\u201da infeksionist-hepatoloq M\u0259rdan \u018fliyev bunlar\u0131 \u015f\u0259rh edib:<\/strong>\u00a0\u201cB\u00f6y\u00fck ehtimalla yax\u0131n zamanda karantin qaydalar\u0131 aradan qald\u0131r\u0131lacaq. \u201dOmikron&#8221; la ba\u011fl\u0131 v\u0259ziyy\u0259t onu g\u00f6st\u0259rir ki, yoluxma say\u0131 \u00e7ox olsa da, x\u0259st\u0259xana \u015f\u0259raiti t\u0259l\u0259b olunan x\u0259st\u0259l\u0259rin say\u0131 \u00e7ox olmur, \u00f6l\u00fcm g\u00f6st\u0259ricil\u0259ri d\u0259 azd\u0131r. Y\u0259ni s\u0259hiyy\u0259 sistemi y\u00fckl\u0259nmir. Buna g\u00f6r\u0259 art\u0131q m\u0259hdudiyy\u0259tl\u0259ri g\u00f6t\u00fcrm\u0259k olar. H\u0259m d\u0259 \u00fcz\u00fc yaya do\u011fru gedirik, f\u0259sil d\u0259 yoluxman\u0131n \u0259leyhin\u0259dir. Yoluxma say\u0131 yaz-yay aylar\u0131nda daha \u00e7ox olur. Q\u0131\u015f aylar\u0131nda yoluxma daha \u00e7ox olur. \u018fks\u0259r hallarda \u201cOmikron\u201da yoluxmu\u015f \u015f\u0259xsl\u0259r ev \u015f\u0259raitind\u0259 m\u00fcalic\u0259 al\u0131rlar. B\u00fct\u00fcn bunlar\u0131 n\u0259z\u0259r\u0259 alaraq karantin qaydalar\u0131 aradan qald\u0131r\u0131lacaq&#8221;.<\/p>\n<p>Yeri g\u0259lmi\u015fk\u0259n, \u00f6lk\u0259mizd\u0259 koronavirusa yoluxma say\u0131 a\u015fa\u011f\u0131 d\u00fc\u015f\u00fcb. \u00d6t\u0259n g\u00fcn COVID-19-a 1 038 yeni yoluxma fakt\u0131 qeyd\u0259 al\u0131n\u0131b, 3 324 n\u0259f\u0259r m\u00fcalic\u0259 olunaraq sa\u011fal\u0131b. Nazirl\u0259r Kabineti yan\u0131nda Operativ Q\u0259rargahdan Musavat.com-a veril\u0259n m\u0259lumata g\u00f6r\u0259, analiz n\u00fcmun\u0259l\u0259ri m\u00fcsb\u0259t \u00e7\u0131xan 26 n\u0259f\u0259r v\u0259fat edib. \u0130ndiy\u0259d\u0259k \u00f6lk\u0259d\u0259 \u00fcmumilikd\u0259 775 432 n\u0259f\u0259rin koronavirus infeksiyas\u0131na yoluxmas\u0131 fakt\u0131 m\u00fc\u0259yy\u0259n edilib, onlardan 737 710 n\u0259f\u0259r m\u00fcalic\u0259 olunaraq sa\u011fal\u0131b, 9 261 n\u0259f\u0259r v\u0259fat edib. 28 461 n\u0259f\u0259r aktiv x\u0259st\u0259 say\u0131n\u0131 t\u0259\u015fkil edib. Son sutka \u0259rzind\u0259 yeni yoluxma hallar\u0131n\u0131n m\u00fc\u0259yy\u0259nl\u0259\u015fdirilm\u0259si il\u0259 \u0259laq\u0259dar 5 683, bu g\u00fcn\u0259 q\u0259d\u0259r is\u0259 \u00fcmumilikd\u0259 6 491 040 test icra olunub.<\/p>\n","protected":false},"excerpt":{"rendered":"<p>\u0130nfeksionist: \u201d\u201dOmikron&#8221; la ba\u011fl\u0131 v\u0259ziyy\u0259t onu g\u00f6st\u0259rir ki&#8230;&#8221; Getdikc\u0259 daha \u00e7ox \u00f6lk\u0259 koronavirus infeksiyas\u0131n\u0131 endemik x\u0259st\u0259lik kimi tan\u0131maq niyy\u0259tini b\u0259yan edir, \u0259sas m\u0259hdudiyy\u0259tl\u0259ri, h\u0259tta maska rejimini v\u0259 COV\u0130D pasportlar\u0131n\u0131 l\u0259\u011fv edirl\u0259r. Yoluxman\u0131n y\u00fcks\u0259k s\u0259viyy\u0259d\u0259 olmas\u0131na baxmayaraq, b\u0259zi \u00f6lk\u0259l\u0259r \u201cOmikron\u201d \u015ftam\u0131n\u0131n \u0259vv\u0259lkil\u0259r\u0259 nisb\u0259t\u0259n a\u011f\u0131rla\u015fma verm\u0259m\u0259si\u00a0 v\u0259 kollektiv immunitetin y\u00fcks\u0259k s\u0259viyy\u0259d\u0259 olmas\u0131, o c\u00fcml\u0259d\u0259n peyv\u0259nd yolu il\u0259 pandemiyadan \u0259vv\u0259lki h\u0259yata t\u0259dric\u0259n qay\u0131tma\u011fa imkan verdiyini s\u00f6yl\u0259yirl\u0259r. \u00dcmumd\u00fcnya S\u0259hiyy\u0259 T\u0259\u015fkilat\u0131 (\u00dcST) is\u0259 hesab edir ki, h\u0259r bir \u00f6lk\u0259 \u00f6z epidemioloji v\u0259ziyy\u0259tini n\u0259z\u0259r\u0259 alaraq, koronavirusla m\u00fcbariz\u0259 t\u0259dbirl\u0259rini m\u00fc\u0259yy\u0259n etm\u0259lidir. Eyni zamanda d\u00fcnya ictimaiyy\u0259ti peyv\u0259nd v\u0259&hellip;<\/p>\n","protected":false},"author":2,"featured_media":442064,"comment_status":"closed","ping_status":"closed","sticky":false,"template":"","format":"standard","meta":{"om_disable_all_campaigns":false,"_monsterinsights_skip_tracking":false,"_monsterinsights_sitenote_active":false,"_monsterinsights_sitenote_note":"","_monsterinsights_sitenote_category":0},"categories":[19],"tags":[],"aioseo_notices":[],"gutentor_comment":0,"rttpg_featured_image_url":{"full":["https:\/\/arantv.az\/wp-content\/uploads\/2022\/02\/fc9cf149be6d9dbae8aa440721261a24.jpg",450,300,false],"landscape":["https:\/\/arantv.az\/wp-content\/uploads\/2022\/02\/fc9cf149be6d9dbae8aa440721261a24.jpg",450,300,false],"portraits":["https:\/\/arantv.az\/wp-content\/uploads\/2022\/02\/fc9cf149be6d9dbae8aa440721261a24.jpg",450,300,false],"thumbnail":["https:\/\/arantv.az\/wp-content\/uploads\/2022\/02\/fc9cf149be6d9dbae8aa440721261a24-450x280.jpg",450,280,true],"medium":["https:\/\/arantv.az\/wp-content\/uploads\/2022\/02\/fc9cf149be6d9dbae8aa440721261a24.jpg",450,300,false],"large":["https:\/\/arantv.az\/wp-content\/uploads\/2022\/02\/fc9cf149be6d9dbae8aa440721261a24.jpg",450,300,false],"1536x1536":["https:\/\/arantv.az\/wp-content\/uploads\/2022\/02\/fc9cf149be6d9dbae8aa440721261a24.jpg",450,300,false],"2048x2048":["https:\/\/arantv.az\/wp-content\/uploads\/2022\/02\/fc9cf149be6d9dbae8aa440721261a24.jpg",450,300,false],"post-thumbnail":["https:\/\/arantv.az\/wp-content\/uploads\/2022\/02\/fc9cf149be6d9dbae8aa440721261a24-240x172.jpg",240,172,true],"advps-thumb-one":["https:\/\/arantv.az\/wp-content\/uploads\/2022\/02\/fc9cf149be6d9dbae8aa440721261a24.jpg",450,300,false]},"rttpg_author":{"display_name":"V\u00fcsal Rafiqo\u011flu","author_link":"https:\/\/arantv.az\/?author=2"},"rttpg_comment":0,"rttpg_category":"<a href=\"https:\/\/arantv.az\/?cat=19\" rel=\"category\">G\u00fcnd\u0259m<\/a>","rttpg_excerpt":"\u0130nfeksionist: \u201d\u201dOmikron&#8221; la ba\u011fl\u0131 v\u0259ziyy\u0259t onu g\u00f6st\u0259rir ki&#8230;&#8221; Getdikc\u0259 daha \u00e7ox \u00f6lk\u0259 koronavirus infeksiyas\u0131n\u0131 endemik x\u0259st\u0259lik kimi tan\u0131maq niyy\u0259tini b\u0259yan edir, \u0259sas m\u0259hdudiyy\u0259tl\u0259ri, h\u0259tta maska rejimini v\u0259 COV\u0130D pasportlar\u0131n\u0131 l\u0259\u011fv edirl\u0259r. Yoluxman\u0131n y\u00fcks\u0259k s\u0259viyy\u0259d\u0259 olmas\u0131na baxmayaraq, b\u0259zi \u00f6lk\u0259l\u0259r \u201cOmikron\u201d \u015ftam\u0131n\u0131n \u0259vv\u0259lkil\u0259r\u0259 nisb\u0259t\u0259n a\u011f\u0131rla\u015fma verm\u0259m\u0259si\u00a0 v\u0259 kollektiv immunitetin y\u00fcks\u0259k s\u0259viyy\u0259d\u0259 olmas\u0131, o c\u00fcml\u0259d\u0259n peyv\u0259nd yolu il\u0259&hellip;","_links":{"self":[{"href":"https:\/\/arantv.az\/index.php?rest_route=\/wp\/v2\/posts\/442063"}],"collection":[{"href":"https:\/\/arantv.az\/index.php?rest_route=\/wp\/v2\/posts"}],"about":[{"href":"https:\/\/arantv.az\/index.php?rest_route=\/wp\/v2\/types\/post"}],"author":[{"embeddable":true,"href":"https:\/\/arantv.az\/index.php?rest_route=\/wp\/v2\/users\/2"}],"replies":[{"embeddable":true,"href":"https:\/\/arantv.az\/index.php?rest_route=%2Fwp%2Fv2%2Fcomments&post=442063"}],"version-history":[{"count":0,"href":"https:\/\/arantv.az\/index.php?rest_route=\/wp\/v2\/posts\/442063\/revisions"}],"wp:featuredmedia":[{"embeddable":true,"href":"https:\/\/arantv.az\/index.php?rest_route=\/wp\/v2\/media\/442064"}],"wp:attachment":[{"href":"https:\/\/arantv.az\/index.php?rest_route=%2Fwp%2Fv2%2Fmedia&parent=442063"}],"wp:term":[{"taxonomy":"category","embeddable":true,"href":"https:\/\/arantv.az\/index.php?rest_route=%2Fwp%2Fv2%2Fcategories&post=442063"},{"taxonomy":"post_tag","embeddable":true,"href":"https:\/\/arantv.az\/index.php?rest_route=%2Fwp%2Fv2%2Ftags&post=442063"}],"curies":[{"name":"wp","href":"https:\/\/api.w.org\/{rel}","templated":true}]}}