{"id":442066,"date":"2022-02-22T08:13:41","date_gmt":"2022-02-22T05:13:41","guid":{"rendered":"http:\/\/arantv.az\/?p=442066"},"modified":"2022-02-22T08:13:41","modified_gmt":"2022-02-22T05:13:41","slug":"rusiya-qarabagdan-cixacaq-moskva-gunun-birind%c9%99-erm%c9%99nil%c9%99r%c9%99-dey%c9%99c%c9%99k-ki","status":"publish","type":"post","link":"https:\/\/arantv.az\/?p=442066","title":{"rendered":"Rusiya Qaraba\u011fdan \u00e7\u0131xacaq &#8211; \u201cMoskva g\u00fcn\u00fcn birind\u0259 erm\u0259nil\u0259r\u0259 dey\u0259c\u0259k ki&#8230;\u201d"},"content":{"rendered":"<h3><strong>Bak\u0131 v\u0259 Moskva ortaq m\u0259xr\u0259c axtar\u0131\u015f\u0131nda; Kremld\u0259 bu g\u00fcn realla\u015facaq kritik g\u00f6r\u00fc\u015fd\u0259n m\u00fch\u00fcm g\u00f6zl\u0259nti; Az\u0259rbaycan \u201cmiatsum\u201d ideyas\u0131n\u0131n \u201cikinci n\u0259f\u0259s\u201d qazanmas\u0131na imkan verm\u0259y\u0259c\u0259k!..<\/strong><\/h3>\n<p><strong>Fevral\u0131n 20-d\u0259 Qaraba\u011fda erm\u0259ni radikal separatizminin ba\u015f qald\u0131rmas\u0131ndan 34 il ke\u00e7di. Bununla ba\u011fl\u0131 \u201c\u015eeytan yuvas\u0131\u201d Xank\u0259ndind\u0259n tutmu\u015f, Erm\u0259nistan\u0131n iqtidar\u0131 v\u0259 m\u00fcxalif\u0259tin\u0259d\u0259k veril\u0259n b\u0259yanatlar mahiyy\u0259t etibaril\u0259 a\u015fa\u011f\u0131-yuxar\u0131 ciddi f\u0259rql\u0259nm\u0259di. Bir daha ayd\u0131n oldu ki, \u00f6z\u00fcn\u00fc arada \u201cs\u00fclh g\u00f6y\u0259r\u00e7ini\u201d kimi g\u00f6st\u0259rm\u0259y\u0259 \u00e7al\u0131\u015fan Nikol Pa\u015finyan h\u00f6kum\u0259ti v\u0259 onun X\u0130N-i d\u0259 daxil olmaqla, erm\u0259ni siyasi k\u0259simi 44 g\u00fcnl\u00fck m\u00fcharib\u0259d\u0259ki r\u00fcsvay\u00e7\u0131 m\u0259\u011flubiyy\u0259td\u0259n, kapitulyasiyadan h\u0259l\u0259 d\u0259 d\u0259rs g\u00f6t\u00fcrm\u0259yib.\u00a0<\/strong><\/p>\n<p>X\u00fcsusi diqq\u0259t \u00e7\u0259k\u0259n m\u0259qam separat\u00e7\u0131 h\u0259r\u0259kat\u0131 \u201cdir\u00e7\u0259li\u015f\u201d kimi qiym\u0259tl\u0259ndir\u0259n r\u0259smi \u0130r\u0259van\u0131n q\u0131z\u0131\u015fd\u0131r\u0131c\u0131 m\u00f6vqeyidir. M\u0259s\u0259l\u0259n, Pa\u015finyan\u0131n m\u00fcraci\u0259tind\u0259 deyilir: \u201cBu g\u00fcn \u201dartsax&#8221; yaralansa da, s\u0131nmay\u0131b. Bizim i\u015fimiz \u201cartsax\u201d erm\u0259nil\u0259rinin h\u00fcquqlar\u0131n\u0131 qorumaq v\u0259 onlar\u0131n beyn\u0259lxalq s\u0259viyy\u0259d\u0259 tan\u0131nmas\u0131na y\u00f6n\u0259lib&#8221;.<\/p>\n<p>Erm\u0259nistan X\u0130N d\u0259 \u00fczd\u0259niraq \u201cdir\u00e7\u0259li\u015f h\u0259r\u0259kat\u0131\u201dn\u0131n ild\u00f6n\u00fcm\u00fc il\u0259 ba\u011fl\u0131 ox\u015far m\u00f6vqe s\u0259rgil\u0259yib: \u201c34 il sonra, Az\u0259rbaycan SSR-in amans\u0131z q\u0131r\u011f\u0131nlar\u0131, iki d\u0259f\u0259 qanl\u0131 m\u00fcharib\u0259 olmas\u0131na baxmayaraq, Erm\u0259nistan v\u0259 \u201dartsax&#8221; milli h\u0259d\u0259fl\u0259r, d\u00f6vl\u0259t\u00e7ilik, suverenlik, erm\u0259ni haqlar\u0131 v\u0259 beyn\u0259lxalq tan\u0131nma istiqam\u0259tind\u0259 birg\u0259 olma\u011fa davam edir&#8221;.<\/p>\n<p><em>Az\u0259rbaycan X\u0130N-in b\u00fct\u00fcn bu s\u0259rs\u0259ml\u0259m\u0259l\u0259r\u0259 reaksiyas\u0131 t\u0259bii ki, gecikm\u0259yib. Sitat: \u201cErm\u0259nistan X\u0130N-in \u201ddir\u00e7\u0259li\u015f&#8221; kimi qiym\u0259tl\u0259ndirdiyi aqressiv separat\u00e7\u0131l\u0131q b\u00f6lg\u0259d\u0259 onillikl\u0259r \u0259rzind\u0259 davam ed\u0259n geni\u015fmiqyasl\u0131 f\u0259lak\u0259t\u0259 g\u0259tirib \u00e7\u0131xar\u0131b. Bu v\u0259ziyy\u0259t b\u00f6lg\u0259nin uzun ill\u0259r \u0259rzind\u0259 s\u00fclh v\u0259 t\u0259hl\u00fck\u0259sizlik \u015f\u0259raitind\u0259 inki\u015faf\u0131na ciddi \u0259ng\u0259l t\u00f6r\u0259dib. Haz\u0131rda regionda beyn\u0259lxalq h\u00fcququn b\u0259rq\u0259rar oldu\u011fu v\u0259 iki d\u00f6vl\u0259t aras\u0131nda m\u00fcnasib\u0259tl\u0259rin normalla\u015fmas\u0131 istiqam\u0259tind\u0259 c\u0259hdl\u0259rin edildiyi bir vaxtda Erm\u0259nistan X\u0130N-in xalqlararas\u0131 nifaq\u0131 t\u0259\u015fviq ed\u0259n b\u0259yanatla \u00e7\u0131x\u0131\u015f etm\u0259si bir yandan bu \u00f6lk\u0259nin m\u0259suliyy\u0259tsiz davran\u0131\u015f\u0131n\u0131, dig\u0259r yandan is\u0259 ba\u015f ver\u0259n son hadis\u0259l\u0259rd\u0259n h\u0259l\u0259 d\u0259 d\u0259rs \u00e7\u0131xarmad\u0131\u011f\u0131n\u0131 g\u00f6st\u0259rir. Erm\u0259nistan X\u0130N-in n\u0259z\u0259rin\u0259 \u00e7atd\u0131r\u0131r\u0131q ki, bel\u0259 bir destruktiv yana\u015fman\u0131n he\u00e7 bir g\u0259l\u0259c\u0259yi yoxdur&#8221;.<\/em><\/p>\n<p>Paradoks ondad\u0131r ki, beyn\u0259lxalq h\u00fcquqa a\u00e7\u0131q saymazl\u0131q g\u00f6st\u0259rm\u0259y\u0259 davam ed\u0259n r\u0259smi \u0130r\u0259van haz\u0131rk\u0131 destruktiv yana\u015fma fonunda riyakarcas\u0131na \u0259dal\u0259tli s\u00fclh\u00fcn t\u0259r\u0259fdar\u0131 oldu\u011funu s\u00f6yl\u0259yir, \u201cd\u0259v\u0259qu\u015fu siyas\u0259ti\u201d apar\u0131r. Bu da n\u00f6vb\u0259ti fakt.<\/p>\n<p>D\u00fcn\u0259n m\u0259lum olub ki, Erm\u0259nistan parlamentind\u0259ki hakim \u00e7oxluq (Pa\u015finyan\u0131n fraksiyas\u0131) radikal m\u00fcxalif\u0259tin \u015eu\u015fa B\u0259yannam\u0259si il\u0259 ba\u011fl\u0131 fitn\u0259kar q\u0259tnam\u0259 layih\u0259sinin g\u00fcnd\u0259liy\u0259 sal\u0131nmas\u0131na imkan verm\u0259y\u0259c\u0259yini b\u0259yan edib. Bunu da onunla izah edib ki, \u201cErm\u0259nistan X\u0130N art\u0131q iki d\u0259f\u0259 \u015eu\u015fa B\u0259yannam\u0259si il\u0259 ba\u011fl\u0131 m\u00f6vqe bildirib v\u0259 oradak\u0131 tezisl\u0259r m\u00fcxalif\u0259tin s\u0259n\u0259d layih\u0259sind\u0259ki tezisl\u0259rd\u0259n f\u0259rql\u0259nmir\u201d.<\/p>\n<p><img loading=\"lazy\" src=\"https:\/\/cdn.azerforum.com\/2021\/07\/21\/2722990.jpg\" alt=\"\u0130lham \u018fliyev v\u0259 Vladimir Putin Moskvadan \u0130r\u0259vana mesaj verdi: Prioritet  Z\u0259ng\u0259zur d\u0259hlizidir!\" width=\"795\" height=\"514\" \/><\/p>\n<p><strong>\u0130lk bax\u0131\u015fda s\u00fclhp\u0259rv\u0259rliy\u0259 ox\u015fay\u0131r. Reall\u0131qda is\u0259&#8230;<\/strong><\/p>\n<p>Yada salaq: Erm\u0259nistan X\u0130N o vaxt T\u00fcrkiy\u0259 lideri R\u0259c\u0259b Tayyib \u018frdo\u011fan\u0131n az\u0259rbaycanl\u0131 h\u0259mkar\u0131 \u0130lham \u018fliyevl\u0259 birg\u0259 \u201cq\u0259dim artsax \u015f\u0259h\u0259ri \u015eu\u015fiy\u0259\u201d s\u0259f\u0259rini pisl\u0259mi\u015f, imzalanan s\u0259n\u0259di is\u0259 \u201cregionda s\u00fclh\u0259 z\u0259rb\u0259 kimi\u201d qiym\u0259tl\u0259ndirmi\u015fdi. Az qala, bel\u0259 \u00e7\u0131xm\u0131\u015fd\u0131 ki,\u00a0 \u018frdo\u011fan \u015eu\u015faya getm\u0259k \u00fc\u00e7\u00fcn \u0130r\u0259vandan icaz\u0259 almal\u0131 imi\u015f!..<\/p>\n<p>\u015e\u00fcbh\u0259siz, Erm\u0259nistan h\u00f6kum\u0259tinin g\u00fcn\u00fc bu g\u00fcn d\u0259 separatizm\u0259 davam ed\u0259n bu c\u00fcr a\u00e7\u0131q d\u0259st\u0259yinin, \u00f6lk\u0259miz\u0259 qar\u015f\u0131 \u0259razi iddias\u0131n\u0131n n\u0259tic\u0259sidir ki, Qaraba\u011f anklav\u0131nda separat\u00e7\u0131 kriminal elementl\u0259r yenid\u0259n ba\u015f qald\u0131rma\u011fa ba\u015flay\u0131blar. Art\u0131q m\u0259lumdur ki, orada \u201c\u0130\u015f\u011fal alt\u0131ndak\u0131 \u0259razil\u0259r\u201d haqda \u00f6lk\u0259miz\u0259 qar\u015f\u0131 terror\u00e7ulu\u011fu t\u0259\u015fviq ed\u0259n \u201cqanun\u201d q\u0259bul edilib. Bu h\u0259ft\u0259d\u0259n etibar\u0259n is\u0259 anklavda \u201ch\u0259rbi t\u0259liml\u0259r\u201d planla\u015fd\u0131r\u0131l\u0131r.<\/p>\n<p>Az\u0259rbaycana qar\u015f\u0131 bu q\u0259bild\u0259n demar\u015flar \u0259lb\u0259tt\u0259 ki, cavabs\u0131z qalmayacaq, Bak\u0131 s\u0259birl\u0259 \u00f6z kontr-t\u0259dbirl\u0259rini g\u00f6r\u0259c\u0259k. B\u00f6y\u00fck ehtimalla, separat\u00e7\u0131lar\u0131n \u0259sas himay\u0259dar\u0131 Rusiyan\u0131 x\u0259b\u0259rdar el\u0259m\u0259k v\u0259 ya onu fakt qar\u015f\u0131s\u0131nda qoymaqla.<\/p>\n<p><img loading=\"lazy\" src=\"https:\/\/ichef.bbci.co.uk\/news\/640\/cpsprodpb\/4A45\/production\/_113931091_gettyimages-1041597742-594x594.jpg\" alt=\"\u0130lham \u018fliyevin Putin\u0259 z\u0259ngi: &amp;quot;\u0130lk d\u0259f\u0259dir ki, bu c\u00fcr naraz\u0131 ton hiss  olunur&amp;quot; - BBC News Az\u0259rbaycanca\" width=\"747\" height=\"420\" \/><\/p>\n<p><strong>S\u00f6z d\u00fc\u015fm\u00fc\u015fk\u0259n, bu g\u00fcn Az\u0259rbaycan Prezidenti \u0130lham \u018fliyevin Moskvada rusiyal\u0131 h\u0259mkar\u0131 Vladimir Putinl\u0259 g\u00f6r\u00fc\u015f\u00fc g\u00f6zl\u0259nilir. Bu bar\u0259d\u0259 \u201cRossiya 1&#8243; kanal\u0131nda \u201dMoskva. Kreml. Putin&#8221; verili\u015find\u0259 bildirilib. M\u0259lumatda deyilir ki, h\u0259ft\u0259 \u0259rzind\u0259 xarici liderl\u0259rin Rusiyaya m\u00fch\u00fcm s\u0259f\u0259rl\u0259ri davam ed\u0259c\u0259k v\u0259 onlardan biri d\u0259 Az\u0259rbaycan\u0131n d\u00f6vl\u0259t ba\u015f\u00e7\u0131s\u0131d\u0131r.<\/strong><\/p>\n<p>\u0130ki prezident Ukrayna m\u00f6vzusunun m\u00fczakir\u0259si il\u0259 yana\u015f\u0131, s\u00f6zs\u00fcz ki, ikit\u0259r\u0259fli m\u00fcnasib\u0259tl\u0259rd\u0259ki aktual m\u00f6vzulara da toxunacaqlar. \u00dcmid ed\u0259k ki, Bak\u0131 v\u0259 Moskva bir daha saat \u0259qr\u0259bl\u0259rini tutu\u015fdurucaq v\u0259 n\u0259tic\u0259 etibaril\u0259 b\u00f6lg\u0259d\u0259 Rusiyan\u0131n s\u00fclhm\u0259raml\u0131 missiyas\u0131ndan sui-istifad\u0259 ed\u0259r\u0259k t\u0259z\u0259d\u0259n ba\u015f qald\u0131rmaqda olan separat\u00e7\u0131 \u00fcns\u00fcrl\u0259rl\u0259 ba\u011fl\u0131 ortaq m\u0259xr\u0259c\u0259 g\u0259lin\u0259c\u0259k; 10 noyabr kapitulyasiya akt\u0131n\u0131n 4-c\u00fc b\u0259ndi n\u0259hay\u0259t i\u015f\u0259 d\u00fc\u015f\u0259c\u0259k. Hans\u0131 s\u0259n\u0259dd\u0259 ki, V.Putinin d\u0259 imzas\u0131 durur v\u0259 anla\u015fmaya g\u00f6r\u0259 (4-c\u00fc b\u0259nd), erm\u0259ni qanunsuz silahl\u0131 d\u0259st\u0259l\u0259ri Qaraba\u011f\u0131 \u00e7oxdan t\u0259rk el\u0259m\u0259li v\u0259 ya t\u0259rk-silah olunmal\u0131 idil\u0259r.<\/p>\n<p><strong>\u018fks t\u0259qdird\u0259, Az\u0259rbaycan n\u0259 ed\u0259c\u0259yini bilir. Biz imkan ver\u0259 bilm\u0259rik ki, 34 il \u00f6nc\u0259 b\u00fct\u00fcn regiona f\u0259lak\u0259t g\u0259tirmi\u015f da\u011f\u0131d\u0131c\u0131 h\u0259r\u0259kat yen\u0259 b\u0259nz\u0259r qiyaf\u0259d\u0259 boy g\u00f6st\u0259rsin. Qaraba\u011fda erm\u0259ni aqressiv separat\u00e7\u0131l\u0131\u011f\u0131n\u0131n v\u0259 silahl\u0131 birl\u0259\u015fm\u0259l\u0259rinin k\u00f6k\u00fc bird\u0259f\u0259lik k\u0259silm\u0259lidir. Az\u0259rbaycan xalq\u0131 v\u0259 d\u00f6vl\u0259ti imkan ver\u0259 bilm\u0259z ki, \u201cmiatsum\u201d ideyas\u0131 \u201cikinci n\u0259f\u0259s\u201d qazans\u0131n.<\/strong><\/p>\n<p>Bundan \u00f6tr\u00fc is\u0259 oradak\u0131 qanunsuz silahl\u0131 d\u0259st\u0259l\u0259r tezlikl\u0259 neytral hala g\u0259tirilm\u0259lidir. Rusiya bunu qans\u0131z-qadas\u0131z ed\u0259 bil\u0259r. \u00c7\u00fcnki separat\u00e7\u0131 \u00fcns\u00fcrl\u0259r, b\u00fct\u00f6vl\u00fckd\u0259 erm\u0259ni t\u0259r\u0259fi indi he\u00e7 vaxt olmad\u0131\u011f\u0131 q\u0259d\u0259r Moskvadan, onun irad\u0259sind\u0259n as\u0131l\u0131 v\u0259ziyy\u0259td\u0259dir&#8230;<\/p>\n<p>\u201cErm\u0259ni separat\u00e7\u0131lar\u0131n\u0131n Rusiya s\u00fclhm\u0259raml\u0131lar\u0131n\u0131n Qaraba\u011fdak\u0131 m\u0259suliyy\u0259t zonas\u0131nda elan etdiyi ist\u0259nil\u0259n t\u0259lim 10 noyabr 2020-ci il tarixli sazi\u015fl\u0259rin kobud \u015f\u0259kild\u0259 pozulmas\u0131d\u0131r, hans\u0131 ki, regionun h\u0259rbsizl\u0259\u015fdirilm\u0259sini n\u0259z\u0259rd\u0259 tutur\u201d.<\/p>\n<p><img src=\"https:\/\/1news.az\/images\/2020\/10\/23\/20201023091544218\/1.jpg?2021-02-17+09%3A23%3A27\" alt=\"\u0421\u0435\u0440\u0433\u0435\u0439 \u041c\u0430\u0440\u043a\u043e\u0432: \u00ab\u041f\u0443\u0442\u0438\u043d \u044f\u0441\u043d\u043e \u0437\u0430\u044f\u0432\u0438\u043b, \u0447\u0442\u043e \u0420\u043e\u0441\u0441\u0438\u044f \u043d\u0435 \u043d\u0430 \u0441\u0442\u043e\u0440\u043e\u043d\u0435 \u0410\u0440\u043c\u0435\u043d\u0438\u0438\u00bb |  1news.az | \u041d\u043e\u0432\u043e\u0441\u0442\u0438\" \/><\/p>\n<p><strong>\u201cYeni M\u00fcsavat\u201d\u0131n m\u0259lumat\u0131na g\u00f6r\u0259, bunu Minval.az-a m\u00fcsahib\u0259sind\u0259 Moskvadak\u0131 Siyasi Ara\u015fd\u0131rmalar \u0130nstitutunun direktoru, tan\u0131nm\u0131\u015f politoloq Sergey Markov deyib.<\/strong><\/p>\n<p>Onun q\u0259na\u0259tinc\u0259, Erm\u0259nistan v\u0259 separat\u00e7\u0131lar\u0131n h\u0259r\u0259k\u0259tl\u0259ri ona g\u0259tir\u0259 bil\u0259r ki, Rusiya 2-3 ild\u0259n sonra Az\u0259rbaycan\u0131n erm\u0259ni t\u0259r\u0259finin qeyri-konstruktiv davran\u0131\u015f\u0131 \u00fcz\u00fcnd\u0259n s\u00fclhm\u0259raml\u0131lar\u0131n m\u00fcdd\u0259tini n\u00f6vb\u0259ti d\u0259f\u0259 uzatmayaca\u011f\u0131n\u0131 anlayacaq: \u201cBu, o dem\u0259kdir ki, Rusiya s\u00fclhm\u0259raml\u0131lar\u0131, sad\u0259c\u0259 olaraq, regionu t\u0259rk etm\u0259li olacaqlar. Amma Az\u0259rbaycan v\u0259 Erm\u0259nistan ordular\u0131n\u0131n q\u00fcvv\u0259l\u0259r nisb\u0259ti n\u0259z\u0259r\u0259 al\u0131narsa, o zaman erm\u0259ni \u0259halisinin Qaraba\u011fdan k\u00fctl\u0259vi k\u00f6\u00e7\u00fc ba\u015f ver\u0259c\u0259k v\u0259 Az\u0259rbaycan Ordusu sakitc\u0259 bo\u015f \u0259razil\u0259ri tutacaq. Erm\u0259nistan t\u0259r\u0259finin raz\u0131la\u015fmalar\u0131 yerin\u0259 yetirm\u0259m\u0259sinin \u0259n bariz n\u0259tic\u0259si bu olacaq\u201d.<\/p>\n<p>Politoloqun s\u00f6zl\u0259rin\u0259 g\u00f6r\u0259, Rusiya g\u00fcn\u00fcn birind\u0259 \u0130r\u0259vana, sad\u0259c\u0259, \u015f\u0259rtl\u0259ri g\u00f6st\u0259r\u0259c\u0259k v\u0259 dey\u0259c\u0259k: \u201cZ\u0259hm\u0259t \u00e7\u0259kin, bunlara \u0259m\u0259l edin, \u0259g\u0259r etm\u0259k ist\u0259mirsinizs\u0259, \u00f6z i\u015finizdir, onda Az\u0259rbaycan m\u00fcqavil\u0259ni uzatmayacaq v\u0259 Rusiya regionu t\u0259rk ed\u0259c\u0259k. T\u0259xmin\u0259n bel\u0259 bir s\u00f6hb\u0259t olacaq\u201d, &#8211; dey\u0259 Markov vur\u011fulay\u0131b.<\/p>\n<p>Ekspertin fikrinc\u0259, bel\u0259 perspektiv\u0259 yaln\u0131z Rusiyada \u201cerm\u0259nil\u0259rin m\u00fcdafi\u0259si\u201d y\u00f6n\u00fcnd\u0259 ba\u015flanacaq hans\u0131sa h\u0259r\u0259kat v\u0259 ya Ankara il\u0259 Moskvan\u0131n m\u00f6vqel\u0259rinin f\u0259rql\u0259ndiyi b\u00f6lg\u0259l\u0259rd\u0259 Rusiya il\u0259 T\u00fcrkiy\u0259 aras\u0131nda q\u0259fil m\u00fcnaqi\u015f\u0259 t\u0259sir ed\u0259 bil\u0259r. \u201cLakin Az\u0259rbaycan r\u0259hb\u0259rliyi b\u00fct\u00fcn bunlar\u0131 \u00e7ox g\u00f6z\u0259l anlay\u0131r. Ona g\u00f6r\u0259 d\u0259 m\u0259nim qeyri-konstruktiv Erm\u0259nistan t\u0259r\u0259fi il\u0259 ba\u011fl\u0131 proqnozum d\u0259yi\u015fm\u0259z qal\u0131r\u201d, &#8211; Markov \u0259lav\u0259 edib.<\/p>\n<p><strong>K\u00f6hn\u0259 \u201chavaya\u201d gir\u0259n erm\u0259ni t\u0259r\u0259fi is\u0259 yen\u0259 odla oynay\u0131r&#8230;\u00a0<\/strong><\/p>\n<p>P.S. Yaz\u0131 \u0130lham \u018fliyevin Rusiyaya r\u0259smi s\u0259f\u0259r proqram\u0131n\u0131n a\u00e7\u0131qlamas\u0131ndan \u00f6nc\u0259 haz\u0131rlan\u0131b.<\/p>\n","protected":false},"excerpt":{"rendered":"<p>Bak\u0131 v\u0259 Moskva ortaq m\u0259xr\u0259c axtar\u0131\u015f\u0131nda; Kremld\u0259 bu g\u00fcn realla\u015facaq kritik g\u00f6r\u00fc\u015fd\u0259n m\u00fch\u00fcm g\u00f6zl\u0259nti; Az\u0259rbaycan \u201cmiatsum\u201d ideyas\u0131n\u0131n \u201cikinci n\u0259f\u0259s\u201d qazanmas\u0131na imkan verm\u0259y\u0259c\u0259k!.. Fevral\u0131n 20-d\u0259 Qaraba\u011fda erm\u0259ni radikal separatizminin ba\u015f qald\u0131rmas\u0131ndan 34 il ke\u00e7di. Bununla ba\u011fl\u0131 \u201c\u015eeytan yuvas\u0131\u201d Xank\u0259ndind\u0259n tutmu\u015f, Erm\u0259nistan\u0131n iqtidar\u0131 v\u0259 m\u00fcxalif\u0259tin\u0259d\u0259k veril\u0259n b\u0259yanatlar mahiyy\u0259t etibaril\u0259 a\u015fa\u011f\u0131-yuxar\u0131 ciddi f\u0259rql\u0259nm\u0259di. Bir daha ayd\u0131n oldu ki, \u00f6z\u00fcn\u00fc arada \u201cs\u00fclh g\u00f6y\u0259r\u00e7ini\u201d kimi g\u00f6st\u0259rm\u0259y\u0259 \u00e7al\u0131\u015fan Nikol Pa\u015finyan h\u00f6kum\u0259ti v\u0259 onun X\u0130N-i d\u0259 daxil olmaqla, erm\u0259ni siyasi k\u0259simi 44 g\u00fcnl\u00fck m\u00fcharib\u0259d\u0259ki r\u00fcsvay\u00e7\u0131 m\u0259\u011flubiyy\u0259td\u0259n, kapitulyasiyadan h\u0259l\u0259 d\u0259 d\u0259rs g\u00f6t\u00fcrm\u0259yib.\u00a0 X\u00fcsusi diqq\u0259t \u00e7\u0259k\u0259n m\u0259qam separat\u00e7\u0131 h\u0259r\u0259kat\u0131&hellip;<\/p>\n","protected":false},"author":2,"featured_media":442067,"comment_status":"closed","ping_status":"closed","sticky":false,"template":"","format":"standard","meta":{"om_disable_all_campaigns":false,"_monsterinsights_skip_tracking":false,"_monsterinsights_sitenote_active":false,"_monsterinsights_sitenote_note":"","_monsterinsights_sitenote_category":0},"categories":[4],"tags":[],"aioseo_notices":[],"gutentor_comment":0,"rttpg_featured_image_url":{"full":["https:\/\/arantv.az\/wp-content\/uploads\/2022\/02\/7a227c3e428f9cf79ed05e97f250b48e.jpg",450,300,false],"landscape":["https:\/\/arantv.az\/wp-content\/uploads\/2022\/02\/7a227c3e428f9cf79ed05e97f250b48e.jpg",450,300,false],"portraits":["https:\/\/arantv.az\/wp-content\/uploads\/2022\/02\/7a227c3e428f9cf79ed05e97f250b48e.jpg",450,300,false],"thumbnail":["https:\/\/arantv.az\/wp-content\/uploads\/2022\/02\/7a227c3e428f9cf79ed05e97f250b48e-450x280.jpg",450,280,true],"medium":["https:\/\/arantv.az\/wp-content\/uploads\/2022\/02\/7a227c3e428f9cf79ed05e97f250b48e.jpg",450,300,false],"large":["https:\/\/arantv.az\/wp-content\/uploads\/2022\/02\/7a227c3e428f9cf79ed05e97f250b48e.jpg",450,300,false],"1536x1536":["https:\/\/arantv.az\/wp-content\/uploads\/2022\/02\/7a227c3e428f9cf79ed05e97f250b48e.jpg",450,300,false],"2048x2048":["https:\/\/arantv.az\/wp-content\/uploads\/2022\/02\/7a227c3e428f9cf79ed05e97f250b48e.jpg",450,300,false],"post-thumbnail":["https:\/\/arantv.az\/wp-content\/uploads\/2022\/02\/7a227c3e428f9cf79ed05e97f250b48e-240x172.jpg",240,172,true],"advps-thumb-one":["https:\/\/arantv.az\/wp-content\/uploads\/2022\/02\/7a227c3e428f9cf79ed05e97f250b48e.jpg",450,300,false]},"rttpg_author":{"display_name":"V\u00fcsal Rafiqo\u011flu","author_link":"https:\/\/arantv.az\/?author=2"},"rttpg_comment":0,"rttpg_category":"<a href=\"https:\/\/arantv.az\/?cat=4\" rel=\"category\">Siyas\u0259t<\/a>","rttpg_excerpt":"Bak\u0131 v\u0259 Moskva ortaq m\u0259xr\u0259c axtar\u0131\u015f\u0131nda; Kremld\u0259 bu g\u00fcn realla\u015facaq kritik g\u00f6r\u00fc\u015fd\u0259n m\u00fch\u00fcm g\u00f6zl\u0259nti; Az\u0259rbaycan \u201cmiatsum\u201d ideyas\u0131n\u0131n \u201cikinci n\u0259f\u0259s\u201d qazanmas\u0131na imkan verm\u0259y\u0259c\u0259k!.. Fevral\u0131n 20-d\u0259 Qaraba\u011fda erm\u0259ni radikal separatizminin ba\u015f qald\u0131rmas\u0131ndan 34 il ke\u00e7di. Bununla ba\u011fl\u0131 \u201c\u015eeytan yuvas\u0131\u201d Xank\u0259ndind\u0259n tutmu\u015f, Erm\u0259nistan\u0131n iqtidar\u0131 v\u0259 m\u00fcxalif\u0259tin\u0259d\u0259k veril\u0259n b\u0259yanatlar mahiyy\u0259t etibaril\u0259 a\u015fa\u011f\u0131-yuxar\u0131 ciddi f\u0259rql\u0259nm\u0259di. Bir daha ayd\u0131n oldu ki,&hellip;","_links":{"self":[{"href":"https:\/\/arantv.az\/index.php?rest_route=\/wp\/v2\/posts\/442066"}],"collection":[{"href":"https:\/\/arantv.az\/index.php?rest_route=\/wp\/v2\/posts"}],"about":[{"href":"https:\/\/arantv.az\/index.php?rest_route=\/wp\/v2\/types\/post"}],"author":[{"embeddable":true,"href":"https:\/\/arantv.az\/index.php?rest_route=\/wp\/v2\/users\/2"}],"replies":[{"embeddable":true,"href":"https:\/\/arantv.az\/index.php?rest_route=%2Fwp%2Fv2%2Fcomments&post=442066"}],"version-history":[{"count":0,"href":"https:\/\/arantv.az\/index.php?rest_route=\/wp\/v2\/posts\/442066\/revisions"}],"wp:featuredmedia":[{"embeddable":true,"href":"https:\/\/arantv.az\/index.php?rest_route=\/wp\/v2\/media\/442067"}],"wp:attachment":[{"href":"https:\/\/arantv.az\/index.php?rest_route=%2Fwp%2Fv2%2Fmedia&parent=442066"}],"wp:term":[{"taxonomy":"category","embeddable":true,"href":"https:\/\/arantv.az\/index.php?rest_route=%2Fwp%2Fv2%2Fcategories&post=442066"},{"taxonomy":"post_tag","embeddable":true,"href":"https:\/\/arantv.az\/index.php?rest_route=%2Fwp%2Fv2%2Ftags&post=442066"}],"curies":[{"name":"wp","href":"https:\/\/api.w.org\/{rel}","templated":true}]}}