{"id":442069,"date":"2022-02-22T08:14:20","date_gmt":"2022-02-22T05:14:20","guid":{"rendered":"http:\/\/arantv.az\/?p=442069"},"modified":"2022-02-22T08:14:20","modified_gmt":"2022-02-22T05:14:20","slug":"xocali-h%c9%99ft%c9%99si-basladi-soyqiriminin-30-cu-ili-xususi-qeyd-olunacaq","status":"publish","type":"post","link":"https:\/\/arantv.az\/?p=442069","title":{"rendered":"Xocal\u0131 h\u0259ft\u0259si ba\u015flad\u0131 &#8211; soyq\u0131r\u0131m\u0131n\u0131n 30-cu ili x\u00fcsusi qeyd olunacaq"},"content":{"rendered":"<h3><strong>AB\u015e-da Xocal\u0131 il\u0259 ba\u011fl\u0131 mitinq planla\u015fd\u0131r\u0131l\u0131b<\/strong><\/h3>\n<p><em>Xocal\u0131 soyq\u0131r\u0131m\u0131n\u0131n 30-cu ili d\u00f6vl\u0259t s\u0259viyy\u0259sind\u0259 bir s\u0131ra t\u0259dbirl\u0259rin ke\u00e7irilm\u0259si il\u0259 qeyd olunacaq. Prezident \u0130lham \u018fliyevin\u00a0 Xocal\u0131 soyq\u0131r\u0131m\u0131n\u0131n otuzuncu ild\u00f6n\u00fcm\u00fc il\u0259 \u0259laq\u0259dar t\u0259dbirl\u0259rin ke\u00e7irilm\u0259si haqq\u0131nda imzalad\u0131\u011f\u0131 s\u0259r\u0259ncama \u0259sas\u0259n Az\u0259rbaycan Respublikas\u0131 Prezidentinin Administrasiyas\u0131na Xocal\u0131 soyq\u0131r\u0131m\u0131n\u0131n otuzuncu ild\u00f6n\u00fcm\u00fc il\u0259 \u0259laq\u0259dar t\u0259dbirl\u0259r plan\u0131 haz\u0131rlay\u0131b onun h\u0259yata ke\u00e7irilm\u0259sini t\u0259min etm\u0259k tap\u015f\u0131r\u0131l\u0131b.<\/em><\/p>\n<p>\u201cYeni M\u00fcsavat\u201d\u0131n \u0259ld\u0259 etdiyi m\u0259lumata g\u00f6r\u0259, PA s\u0259r\u0259ncamdan ir\u0259li g\u0259l\u0259n m\u0259s\u0259l\u0259l\u0259rin h\u0259yata ke\u00e7irilm\u0259si istiqam\u0259tind\u0259 i\u015fl\u0259ri intensiv \u015f\u0259kild\u0259 h\u0259yata ke\u00e7irir. Bu h\u0259ft\u0259 \u201cXocal\u0131 h\u0259ft\u0259si\u201d oldu\u011fu \u00fc\u00e7\u00fcn rayonlarda, t\u0259hsil m\u00fc\u0259ssis\u0259l\u0259rind\u0259 Xocal\u0131 soyq\u0131r\u0131m\u0131na h\u0259sr olunan konfranslar, m\u00fcxt\u0259lif m\u0259zmunlu t\u0259dbirl\u0259r ke\u00e7iril\u0259c\u0259k. Realla\u015fd\u0131r\u0131lan b\u00fct\u00fcn t\u0259dbirl\u0259rd\u0259 d\u00fcnya birliyin\u0259, beyn\u0259lxalq t\u0259\u015fkilatlara Xocal\u0131 soyq\u0131r\u0131m\u0131na \u0259dal\u0259tli yana\u015fma \u00fc\u00e7\u00fcn m\u00fcraci\u0259tl\u0259r q\u0259bul olunacaq. M\u00fcraci\u0259tl\u0259rin bir qismi beyn\u0259lxalq t\u0259\u015fkilatlar\u0131n v\u0259 b\u0259zi d\u00f6vl\u0259tl\u0259rin Bak\u0131dak\u0131 n\u00fcmay\u0259nd\u0259likl\u0259rin\u0259, s\u0259firlikl\u0259rin\u0259 g\u00f6nd\u0259ril\u0259c\u0259k.<\/p>\n<p>Yerli televiziya kanallar\u0131nda is\u0259 Xocal\u0131 soyq\u0131r\u0131m\u0131 il\u0259 ba\u011fl\u0131 proqramlar, filml\u0259r efir\u0259 veril\u0259c\u0259k.<\/p>\n<p>Fevral\u0131n 26-da d\u00f6vl\u0259t r\u0259hb\u0259rliyinin d\u0259 i\u015ftirak\u0131 il\u0259 Bak\u0131dak\u0131 Xocal\u0131 soyq\u0131r\u0131m\u0131 abid\u0259sinin \u00f6n\u00fcnd\u0259 an\u0131m m\u0259rasimi t\u0259\u015fkil olunacaq.<\/p>\n<p><strong>Xaricd\u0259 d\u0259 Xocal\u0131 soyqr\u0131m\u0131n\u0131n 30-cu ild\u00f6n\u00fcm\u00fc t\u0259dbirl\u0259ri ke\u00e7iril\u0259c\u0259k. Xarici \u00f6lk\u0259l\u0259rd\u0259ki Az\u0259rbaycan s\u0259firlikl\u0259ri v\u0259 \u00f6lk\u0259mizd\u0259n k\u0259narda f\u0259aliyy\u0259t g\u00f6st\u0259r\u0259n diaspor t\u0259\u015fkilatlar\u0131m\u0131z Xocal\u0131 q\u0259tliam\u0131n\u0131n an\u0131m g\u00fcn\u00fc il\u0259 ba\u011fl\u0131 m\u00fcxt\u0259lif t\u0259dbirl\u0259r planla\u015fd\u0131r\u0131b. Niderlandda, Almaniyada, Pol\u015fada, Moldovada, Misird\u0259, T\u00fcrkiy\u0259d\u0259, G\u00fcrc\u00fcstanda, \u0130taliyada v\u0259 dig\u0259r \u00f6lk\u0259l\u0259rd\u0259 diaspor t\u0259\u015fkilatlar\u0131m\u0131z\u0131n Xocal\u0131 soyq\u0131r\u0131m\u0131n\u0131n 30-cu ild\u00f6n\u00fcm\u00fc il\u0259 ba\u011fl\u0131 t\u0259dbirl\u0259ri n\u0259z\u0259rd\u0259 tutulub.<\/strong><\/p>\n<p>AB\u015e-\u0131n paytaxt\u0131 Va\u015finqton \u015f\u0259h\u0259rind\u0259 is\u0259 Xocal\u0131 faci\u0259sinin 30 illiyi il\u0259 \u0259laq\u0259dar \u00dcmumamerika Qaraba\u011f mitinqi ke\u00e7iril\u0259c\u0259k. Mitinqd\u0259 AB\u015e-\u0131n b\u00fct\u00fcn \u015ftat v\u0259 \u015f\u0259h\u0259rl\u0259rind\u0259 ya\u015fayan az\u0259rbaycanl\u0131lar\u0131n i\u015ftirak\u0131 planla\u015fd\u0131r\u0131l\u0131r. Bunun \u00fc\u00e7\u00fcn paytaxt Va\u015finqtona m\u00fcxt\u0259lif mar\u015frutlar \u00fczr\u0259 avtobuslar t\u0259\u015fkil olunacaq. Dinc mitinq ke\u00e7irm\u0259kd\u0259 m\u0259qs\u0259d d\u00fcnya ictimaiyy\u0259tinin diqq\u0259tini erm\u0259nil\u0259rin Xocal\u0131da t\u00f6r\u0259tdiyi qanl\u0131 cinay\u0259t\u0259 y\u00f6n\u0259ltm\u0259kdir.<\/p>\n<p>Qeyd ed\u0259k ki, Xocal\u0131 soyq\u0131r\u0131m\u0131 Az\u0259rbaycan tarixinin \u0259n faci\u0259vi hadis\u0259l\u0259rind\u0259n biridir. 1992-ci il fevral\u0131n 25-d\u0259n 26-na ke\u00e7\u0259n gec\u0259 erm\u0259ni silahl\u0131 birl\u0259\u015fm\u0259l\u0259ri ke\u00e7mi\u015f SSR\u0130-nin Xank\u0259ndi \u015f\u0259h\u0259rind\u0259 yerl\u0259\u015fdirilmi\u015f 366-c\u0131 motoat\u0131c\u0131 alay\u0131n\u0131n a\u011f\u0131r texnika v\u0259 \u015f\u0259xsi hey\u0259tinin d\u0259st\u0259yi il\u0259 Xocal\u0131 \u015f\u0259h\u0259rini i\u015f\u011fal edibl\u0259r. \u0130ndiy\u0259d\u0259k g\u00f6r\u00fcnm\u0259mi\u015f q\u0259ddarl\u0131q n\u0259tic\u0259sind\u0259 613 n\u0259f\u0259r q\u0259tl\u0259 yetirilib, onlardan 106 n\u0259f\u0259ri qad\u0131n, 63-\u00fc azya\u015fl\u0131 u\u015faq, 70-i qocalard\u0131r, 8 ail\u0259 tamamil\u0259 m\u0259hv edilib, 487 n\u0259f\u0259r \u0259lil olub, 1275 n\u0259f\u0259r \u0259sir g\u00f6t\u00fcr\u00fcl\u00fcb, 150 n\u0259f\u0259r is\u0259 itkin d\u00fc\u015f\u00fcb.<\/p>\n<p><strong>Erm\u0259nistan silahl\u0131 q\u00fcvv\u0259l\u0259ri t\u0259r\u0259find\u0259n Xocal\u0131 \u015f\u0259h\u0259rinin i\u015f\u011fal edilm\u0259si n\u0259tic\u0259sind\u0259 Az\u0259rbaycana d\u0259ymi\u015f maddi ziyan is\u0259 170 milyon dollardan art\u0131q m\u0259bl\u0259\u011fd\u0259 qiym\u0259tl\u0259ndirilir.<\/strong><\/p>\n<p>Az\u0259rbaycan\u0131n tarixi\u00a0 torpaqlar\u0131nda m\u0259skunla\u015fd\u0131r\u0131lan erm\u0259nil\u0259r d\u0259f\u0259l\u0259rl\u0259 xalq\u0131m\u0131za qar\u015f\u0131 x\u0259yan\u0259tl\u0259r\u0259 \u0259l at\u0131blar. Bel\u0259 ki, \u201cb\u00f6y\u00fck Erm\u0259nistan\u201d x\u00fclyas\u0131 il\u0259 ya\u015fayan erm\u0259nil\u0259r \u00f6z \u00e7irkin m\u0259qs\u0259dl\u0259rin\u0259 \u00e7atmaq \u00fc\u00e7\u00fcn xarici himay\u0259darlar\u0131n\u0131n k\u00f6m\u0259yi il\u0259 m\u00fcxt\u0259lif vaxtlarda az\u0259rbaycanl\u0131lara qar\u015f\u0131 terror v\u0259 soyq\u0131r\u0131m\u0131 h\u0259yata ke\u00e7irm\u0259kl\u0259 etnik t\u0259mizl\u0259m\u0259 siyas\u0259ti apar\u0131blar. Xocal\u0131 soyq\u0131r\u0131m\u0131 is\u0259 \u00f6t\u0259n \u0259srin sonlar\u0131nda Erm\u0259nistan\u0131n Az\u0259rbaycana qar\u015f\u0131 y\u00fcr\u00fctd\u00fcy\u00fc i\u015f\u011fal\u00e7\u0131l\u0131q v\u0259 terror siyas\u0259tinin \u0259n q\u0259ddar, \u0259n qandondurucu s\u0259hif\u0259sidir.<\/p>\n<p>Erm\u0259nil\u0259rin az\u0259rbaycanl\u0131lara qar\u015f\u0131 h\u0259yata ke\u00e7irdikl\u0259ri Xocal\u0131 soyq\u0131r\u0131m\u0131 t\u0259kc\u0259 Az\u0259rbaycan xalq\u0131na deyil, b\u00fct\u00fcn insanl\u0131\u011fa, b\u0259\u015f\u0259riyy\u0259t\u0259 qar\u015f\u0131 y\u00f6n\u0259lmi\u015f \u0259n a\u011f\u0131r cinay\u0259tl\u0259rd\u0259n biridir. Xocal\u0131ya h\u00fccum \u00e7\u0259k\u0259n erm\u0259nil\u0259r bir gec\u0259nin i\u00e7ind\u0259 b\u00fct\u00fcn \u015f\u0259h\u0259ri yerl\u0259-yeksan etdil\u0259r. Xocal\u0131 faci\u0259si d\u00fcnya tarixind\u0259 dinc \u0259halinin k\u00fctl\u0259vi q\u0259tliam\u0131 kimi d\u0259rin iz qoymu\u015f Xat\u0131n, Holokost, Ruanda v\u0259 Serebrenitsa kimi soyq\u0131r\u0131mlar\u0131 il\u0259 bir s\u0131rada dayan\u0131r. Ona g\u00f6r\u0259 d\u0259 Xocal\u0131 q\u0259tliam\u0131 b\u00fct\u00fcn d\u00fcnya t\u0259r\u0259find\u0259n genosid kimi tan\u0131nmal\u0131d\u0131r. Az\u0259rbaycan d\u00f6vl\u0259ti buna nail olmaq f\u0259aliyy\u0259tini davam etdirir. B\u00fct\u00f6vl\u00fckd\u0259 bundan sonra da h\u0259r birimiz Xocal\u0131 faci\u0259sinin tan\u0131d\u0131lmas\u0131 v\u0259 onu t\u00f6r\u0259d\u0259nl\u0259rin layiqli c\u0259zalar\u0131n\u0131 almalar\u0131 \u00fc\u00e7\u00fcn var q\u00fcvv\u0259mizl\u0259 \u00e7al\u0131\u015fmal\u0131y\u0131q. Bu m\u0259s\u0259l\u0259d\u0259 diasporumuzun da \u00fcz\u0259rin\u0259 b\u00f6y\u00fck v\u0259zif\u0259l\u0259r d\u00fc\u015f\u00fcr. Xocal\u0131 soyq\u0131m\u0131n\u0131n d\u00fcnyada tan\u0131nmas\u0131 \u00fc\u00e7\u00fcn ham\u0131m\u0131z s\u0259f\u0259rb\u0259r olmal\u0131y\u0131q.<\/p>\n<p>Eyni zamanda Az\u0259rbaycan d\u00f6vl\u0259tinin qar\u015f\u0131s\u0131nda duran \u0259n vacib i\u015fl\u0259rd\u0259n biri h\u0259l\u0259 d\u0259 separat\u00e7\u0131 erm\u0259nil\u0259rin n\u0259zar\u0259tind\u0259 olan Xocal\u0131da Az\u0259rbaycan\u0131n idar\u0259\u00e7iliyinin realla\u015fmas\u0131na nail olmaqd\u0131r.<\/p>\n","protected":false},"excerpt":{"rendered":"<p>AB\u015e-da Xocal\u0131 il\u0259 ba\u011fl\u0131 mitinq planla\u015fd\u0131r\u0131l\u0131b Xocal\u0131 soyq\u0131r\u0131m\u0131n\u0131n 30-cu ili d\u00f6vl\u0259t s\u0259viyy\u0259sind\u0259 bir s\u0131ra t\u0259dbirl\u0259rin ke\u00e7irilm\u0259si il\u0259 qeyd olunacaq. Prezident \u0130lham \u018fliyevin\u00a0 Xocal\u0131 soyq\u0131r\u0131m\u0131n\u0131n otuzuncu ild\u00f6n\u00fcm\u00fc il\u0259 \u0259laq\u0259dar t\u0259dbirl\u0259rin ke\u00e7irilm\u0259si haqq\u0131nda imzalad\u0131\u011f\u0131 s\u0259r\u0259ncama \u0259sas\u0259n Az\u0259rbaycan Respublikas\u0131 Prezidentinin Administrasiyas\u0131na Xocal\u0131 soyq\u0131r\u0131m\u0131n\u0131n otuzuncu ild\u00f6n\u00fcm\u00fc il\u0259 \u0259laq\u0259dar t\u0259dbirl\u0259r plan\u0131 haz\u0131rlay\u0131b onun h\u0259yata ke\u00e7irilm\u0259sini t\u0259min etm\u0259k tap\u015f\u0131r\u0131l\u0131b. \u201cYeni M\u00fcsavat\u201d\u0131n \u0259ld\u0259 etdiyi m\u0259lumata g\u00f6r\u0259, PA s\u0259r\u0259ncamdan ir\u0259li g\u0259l\u0259n m\u0259s\u0259l\u0259l\u0259rin h\u0259yata ke\u00e7irilm\u0259si istiqam\u0259tind\u0259 i\u015fl\u0259ri intensiv \u015f\u0259kild\u0259 h\u0259yata ke\u00e7irir. Bu h\u0259ft\u0259 \u201cXocal\u0131 h\u0259ft\u0259si\u201d oldu\u011fu \u00fc\u00e7\u00fcn rayonlarda, t\u0259hsil m\u00fc\u0259ssis\u0259l\u0259rind\u0259 Xocal\u0131 soyq\u0131r\u0131m\u0131na h\u0259sr olunan konfranslar, m\u00fcxt\u0259lif m\u0259zmunlu t\u0259dbirl\u0259r ke\u00e7iril\u0259c\u0259k.&hellip;<\/p>\n","protected":false},"author":2,"featured_media":442070,"comment_status":"closed","ping_status":"closed","sticky":false,"template":"","format":"standard","meta":{"om_disable_all_campaigns":false,"_monsterinsights_skip_tracking":false,"_monsterinsights_sitenote_active":false,"_monsterinsights_sitenote_note":"","_monsterinsights_sitenote_category":0},"categories":[1],"tags":[],"aioseo_notices":[],"gutentor_comment":0,"rttpg_featured_image_url":{"full":["https:\/\/arantv.az\/wp-content\/uploads\/2022\/02\/7420e4e0b1bc830e663fe14042ca09ec.jpg",450,300,false],"landscape":["https:\/\/arantv.az\/wp-content\/uploads\/2022\/02\/7420e4e0b1bc830e663fe14042ca09ec.jpg",450,300,false],"portraits":["https:\/\/arantv.az\/wp-content\/uploads\/2022\/02\/7420e4e0b1bc830e663fe14042ca09ec.jpg",450,300,false],"thumbnail":["https:\/\/arantv.az\/wp-content\/uploads\/2022\/02\/7420e4e0b1bc830e663fe14042ca09ec-450x280.jpg",450,280,true],"medium":["https:\/\/arantv.az\/wp-content\/uploads\/2022\/02\/7420e4e0b1bc830e663fe14042ca09ec.jpg",450,300,false],"large":["https:\/\/arantv.az\/wp-content\/uploads\/2022\/02\/7420e4e0b1bc830e663fe14042ca09ec.jpg",450,300,false],"1536x1536":["https:\/\/arantv.az\/wp-content\/uploads\/2022\/02\/7420e4e0b1bc830e663fe14042ca09ec.jpg",450,300,false],"2048x2048":["https:\/\/arantv.az\/wp-content\/uploads\/2022\/02\/7420e4e0b1bc830e663fe14042ca09ec.jpg",450,300,false],"post-thumbnail":["https:\/\/arantv.az\/wp-content\/uploads\/2022\/02\/7420e4e0b1bc830e663fe14042ca09ec-240x172.jpg",240,172,true],"advps-thumb-one":["https:\/\/arantv.az\/wp-content\/uploads\/2022\/02\/7420e4e0b1bc830e663fe14042ca09ec.jpg",450,300,false]},"rttpg_author":{"display_name":"V\u00fcsal Rafiqo\u011flu","author_link":"https:\/\/arantv.az\/?author=2"},"rttpg_comment":0,"rttpg_category":"<a href=\"https:\/\/arantv.az\/?cat=1\" rel=\"category\">C\u0259miyy\u0259t<\/a>","rttpg_excerpt":"AB\u015e-da Xocal\u0131 il\u0259 ba\u011fl\u0131 mitinq planla\u015fd\u0131r\u0131l\u0131b Xocal\u0131 soyq\u0131r\u0131m\u0131n\u0131n 30-cu ili d\u00f6vl\u0259t s\u0259viyy\u0259sind\u0259 bir s\u0131ra t\u0259dbirl\u0259rin ke\u00e7irilm\u0259si il\u0259 qeyd olunacaq. Prezident \u0130lham \u018fliyevin\u00a0 Xocal\u0131 soyq\u0131r\u0131m\u0131n\u0131n otuzuncu ild\u00f6n\u00fcm\u00fc il\u0259 \u0259laq\u0259dar t\u0259dbirl\u0259rin ke\u00e7irilm\u0259si haqq\u0131nda imzalad\u0131\u011f\u0131 s\u0259r\u0259ncama \u0259sas\u0259n Az\u0259rbaycan Respublikas\u0131 Prezidentinin Administrasiyas\u0131na Xocal\u0131 soyq\u0131r\u0131m\u0131n\u0131n otuzuncu ild\u00f6n\u00fcm\u00fc il\u0259 \u0259laq\u0259dar t\u0259dbirl\u0259r plan\u0131 haz\u0131rlay\u0131b onun h\u0259yata ke\u00e7irilm\u0259sini t\u0259min etm\u0259k tap\u015f\u0131r\u0131l\u0131b. \u201cYeni M\u00fcsavat\u201d\u0131n&hellip;","_links":{"self":[{"href":"https:\/\/arantv.az\/index.php?rest_route=\/wp\/v2\/posts\/442069"}],"collection":[{"href":"https:\/\/arantv.az\/index.php?rest_route=\/wp\/v2\/posts"}],"about":[{"href":"https:\/\/arantv.az\/index.php?rest_route=\/wp\/v2\/types\/post"}],"author":[{"embeddable":true,"href":"https:\/\/arantv.az\/index.php?rest_route=\/wp\/v2\/users\/2"}],"replies":[{"embeddable":true,"href":"https:\/\/arantv.az\/index.php?rest_route=%2Fwp%2Fv2%2Fcomments&post=442069"}],"version-history":[{"count":0,"href":"https:\/\/arantv.az\/index.php?rest_route=\/wp\/v2\/posts\/442069\/revisions"}],"wp:featuredmedia":[{"embeddable":true,"href":"https:\/\/arantv.az\/index.php?rest_route=\/wp\/v2\/media\/442070"}],"wp:attachment":[{"href":"https:\/\/arantv.az\/index.php?rest_route=%2Fwp%2Fv2%2Fmedia&parent=442069"}],"wp:term":[{"taxonomy":"category","embeddable":true,"href":"https:\/\/arantv.az\/index.php?rest_route=%2Fwp%2Fv2%2Fcategories&post=442069"},{"taxonomy":"post_tag","embeddable":true,"href":"https:\/\/arantv.az\/index.php?rest_route=%2Fwp%2Fv2%2Ftags&post=442069"}],"curies":[{"name":"wp","href":"https:\/\/api.w.org\/{rel}","templated":true}]}}