{"id":442076,"date":"2022-02-22T08:15:49","date_gmt":"2022-02-22T05:15:49","guid":{"rendered":"http:\/\/arantv.az\/?p=442076"},"modified":"2022-02-22T08:15:49","modified_gmt":"2022-02-22T05:15:49","slug":"ramiz-mehdiyevin-siyas%c9%99t%c9%99-qayitmaq-resurs-v%c9%99-imkanlari-varmi-r%c9%99y","status":"publish","type":"post","link":"https:\/\/arantv.az\/?p=442076","title":{"rendered":"Ramiz Mehdiyevin siyas\u0259t\u0259 qay\u0131tmaq resurs v\u0259 imkanlar\u0131 varm\u0131 &#8211; r\u0259y"},"content":{"rendered":"<h3><strong>El\u00e7in Mirz\u0259b\u0259yli: \u201cOnu Az\u0259rbaycanda \u00f6z \u0259traf\u0131ndak\u0131 bir ne\u00e7\u0259 n\u0259f\u0259rd\u0259n ba\u015fqa he\u00e7 kim sevm\u0259yib\u201d<\/strong><\/h3>\n<p>Fevral\u0131n 19-da Az\u0259rbaycan Milli Elml\u0259r Akademiyas\u0131n\u0131n R\u0259yas\u0259t Hey\u0259tinin y\u0131\u011f\u0131nca\u011f\u0131 ke\u00e7irilib. Y\u0131\u011f\u0131ncaqda Ramiz Mehdiyevin AMEA Prezidenti v\u0259zif\u0259sind\u0259n istefa \u0259riz\u0259sin\u0259 bax\u0131l\u0131b v\u0259 istefa q\u0259bul edilib. AMEA prezidenti v\u0259zif\u0259sinin icras\u0131 m\u00fcv\u0259qq\u0259ti olaraq akademik Arif H\u0259\u015fimova h\u0259val\u0259 edilib. Bel\u0259likl\u0259, Ramiz Mehdiyev eras\u0131 AMEA-da da \u00f6z\u00fcn\u00fcn sonlu\u011funa \u00e7atm\u0131\u015f oldu. M\u0259\u015fhur filmd\u0259 deyildiyi kimi, Ramiz Mehdiyev \u201celm al\u0259mi\u201dnd\u0259n d\u0259 getdi.<\/p>\n<p>B\u0259s uzun ill\u0259r \u00f6lk\u0259nin \u0259n m\u00fch\u00fcm siyasi postlar\u0131ndan birin\u0259 r\u0259hb\u0259rlik etmi\u015f Ramiz Mehdiyev bundan sonra tamamil\u0259 sakit dayanacaqm\u0131? Onun bundan sonra nec\u0259 dey\u0259rl\u0259r, dinc dayanaca\u011f\u0131na qarantiya varm\u0131? \u00d6lk\u0259ni, siyas\u0259ti qar\u0131\u015fd\u0131rmaq resursu, imkanlar\u0131 qal\u0131rm\u0131? Mehdiyevin y\u00fcks\u0259k v\u0259zif\u0259l\u0259rd\u0259 xeyli qohum-\u0259qr\u0259bas\u0131 var. D\u00f6vl\u0259t onlarla yollar\u0131n\u0131 ay\u0131racaqm\u0131? Mehdiyev uduzdumu, yoxsa qalibmi getdi? Onun sabah-birig\u00fcn, m\u0259s\u0259l\u0259n, deputat se\u00e7kil\u0259rin\u0259 qat\u0131lmayaca\u011f\u0131na kim z\u0259man\u0259t verir?<\/p>\n<p><strong>Politoloq El\u00e7in Mirz\u0259b\u0259yli \u201cYeni M\u00fcsavat\u201da bildirdi ki, Ramiz Mehdiyevin, s\u00f6z\u00fcn b\u00fct\u00fcn m\u0259nalar\u0131nda anlams\u0131z m\u00fcqavim\u0259ti t\u0259kc\u0259 \u00f6lk\u0259d\u0259 elmin inki\u015faf\u0131n\u0131 arzulayan \u015f\u0259xsl\u0259r\u0259, Az\u0259rbaycan xalq\u0131n\u0131n m\u00fctl\u0259q \u0259ks\u0259riyy\u0259tinin m\u00f6vqeyin\u0259 qar\u015f\u0131 deyildi, h\u0259m d\u0259 Tanr\u0131ya qar\u015f\u0131 idi:<\/strong>\u00a0\u201cAllah h\u0259r k\u0259s\u0259 b\u0259lli bir potensial, b\u0259lli bir imkanlar verir. Ramiz Mehdiyevin 83 ya\u015f\u0131 var. Ona uzun \u00f6m\u00fcr dil\u0259yir\u0259m, amma Mehdiyevin t\u0259qa\u00fcd ya\u015f\u0131ndan 18 il ke\u00e7ib. Biz h\u0259l\u0259 65 ya\u015f\u0131 t\u0259qa\u00fcd\u0259 \u00e7\u0131xmaq \u00fc\u00e7\u00fcn y\u00fcks\u0259k h\u0259dd hesab edirik. Bu bax\u0131mdan, h\u0259tta o ist\u0259s\u0259ydi d\u0259 bel\u0259, bu ya\u015fda AMEA kimi m\u00fcr\u0259kk\u0259b bir sistemi idar\u0259 ed\u0259, elmin inki\u015faf\u0131na t\u00f6hf\u0259 ver\u0259 bilm\u0259zdi. Baxmayaraq ki, Ramiz Mehdiyev h\u0259tta 50 ya\u015f\u0131nda olsayd\u0131 da bel\u0259, onun haqq\u0131nda eyni fikirl\u0259ri s\u00f6yl\u0259y\u0259c\u0259kdim. \u00c7\u00fcnki onun statik, gerilik\u00e7i d\u00fc\u015f\u00fcnc\u0259si il\u0259 daim yenilik, inki\u015faf ed\u0259n elm aras\u0131nda b\u00f6y\u00fck bir u\u00e7urum var.<\/p>\n<p><img src=\"https:\/\/sia.az\/storage\/2017\/11\/16\/411861599.jpg\" alt=\"El\u00e7in Mirz\u0259b\u0259yli: \u201cV\u0259t\u0259nda\u015flar reket\u00e7iliy\u0259 qar\u015f\u0131 m\u00fcbariz\u0259d\u0259 f\u0259al  olmal\u0131d\u0131rlar\u201d\" \/><\/p>\n<p><strong>El\u00e7in Mirz\u0259b\u0259yli<\/strong><\/p>\n<p>Mehdiyevi Az\u0259rbaycanda \u00f6z \u0259traf\u0131ndak\u0131 bir ne\u00e7\u0259 n\u0259f\u0259rd\u0259n ba\u015fqa he\u00e7 kim sevm\u0259yib. Bu obraz Az\u0259rbaycan xalq\u0131n\u0131n mental d\u0259y\u0259rl\u0259rin\u0259, d\u00fcnyag\u00f6r\u00fc\u015f\u00fcn\u0259 tamamil\u0259 zidd, sovet nomenkluaturas\u0131n\u0131n a\u015fa\u011f\u0131 pill\u0259l\u0259rind\u0259 \u00e7al\u0131\u015fan tipik partokrat obraz\u0131d\u0131r. \u0130ntriqalar\u0131, p\u0259rd\u0259arxas\u0131 oyunlar\u0131 yax\u015f\u0131 bilir. B\u0259z\u0259n yax\u015f\u0131 t\u0259\u015fkilat\u00e7\u0131 t\u0259siri ba\u011f\u0131\u015flasa da, m\u00fc\u0259yy\u0259n bir zaman k\u0259siyind\u0259n sonra yeni \u00e7a\u011f\u0131r\u0131\u015flara \u00e7evik cavab ver\u0259 bil\u0259c\u0259k t\u0259f\u0259kk\u00fcr\u00fc olmad\u0131\u011f\u0131 \u00fc\u00e7\u00fcn h\u0259r \u015feyi oldu\u011fu kimi qoruyub saxlama\u011fa\u00a0 \u00e7al\u0131\u015f\u0131r, \u0259yl\u0259c funksiyas\u0131n\u0131 yerin\u0259 yetirir. Ramiz Mehdiyev m\u00fchafiz\u0259kard\u0131r, amma d\u0259y\u0259rl\u0259rin deyil, streotipl\u0259rin m\u00fchafiz\u0259kar\u0131d\u0131r. O, bir zamanlar m\u0259nims\u0259diyi v\u0259 sonradan is\u0259 rekanstruksiya etm\u0259y\u0259 \u00e7al\u0131\u015fd\u0131\u011f\u0131 \u015fablonlardan k\u0259nara \u00e7\u0131xa bilmir. Onun \u00fc\u00e7\u00fcn h\u0259r \u015fey \u015fablondur, v\u0259zif\u0259 d\u0259, d\u00f6vl\u0259t idar\u0259\u00e7iliyi d\u0259, h\u0259tta elm d\u0259&#8230;&#8221;<\/p>\n<p><strong>Politoloq qeyd etdi ki, Mehdiyev n\u0259 qalibdir, n\u0259 d\u0259 m\u0259\u011flub. Sad\u0259c\u0259, d\u00f6vl\u0259t idar\u0259\u00e7ilik sistemind\u0259 \u00f6t\u0259n \u0259srin 50, 60-c\u0131 ill\u0259rinin havas\u0131n\u0131 t\u0259tbiq etm\u0259y\u0259 \u00e7al\u0131\u015fan v\u0259 son n\u0259tic\u0259d\u0259 yenilikl\u0259 ayaqla\u015fa bilm\u0259diyini h\u0259r add\u0131m\u0131nda b\u00fcruz\u0259 ver\u0259n, sistemin, c\u0259miyy\u0259tin immun sisteminin vurub k\u0259nara atd\u0131\u011f\u0131 premodern k\u00f6hn\u0259likdir:<\/strong>\u00a0\u201cOnun siyasi m\u00f6vcudlu\u011fu tutdu\u011fu v\u0259zif\u0259nin k\u00fcrs\u00fcs\u00fcnd\u0259 ke\u00e7irdiyi zaman q\u0259d\u0259rdir. Reablitasiyas\u0131 m\u00fcmk\u00fcn olmad\u0131\u011f\u0131 v\u0259 t\u0259bii ki, s\u00f6z\u00fcn b\u00fct\u00fcn m\u0259nalar\u0131nda potensial\u0131 cavab verm\u0259diyi \u00fc\u00e7\u00fcn, Mehdiyevin bundan sonra yenid\u0259n \u00f6lk\u0259nin siyasi arenas\u0131na g\u0259tirilm\u0259sin\u0259 c\u0259hdl\u0259rin edil\u0259c\u0259yini g\u00f6zl\u0259mir\u0259m.<\/p>\n<p>Ramiz Mehdiyevin y\u00fcks\u0259k d\u00f6vl\u0259t v\u0259zif\u0259l\u0259rind\u0259 \u00e7al\u0131\u015fan qohum-\u0259qr\u0259bas\u0131na g\u0259ldikd\u0259 is\u0259 \u0259g\u0259r onlardan kiml\u0259rs\u0259 V\u0259t\u0259nin\u0259, d\u00f6vl\u0259tin\u0259 s\u0259daq\u0259tlidirl\u0259rs\u0259, \u00f6z i\u015fl\u0259rinin \u00f6hd\u0259sind\u0259n layiqinc\u0259 g\u0259lirl\u0259rs\u0259, \u00e7irkli oyunlar\u0131n i\u015ftirak\u00e7\u0131s\u0131 olmay\u0131blarsa, o zaman bu \u015f\u0259xsl\u0259r\u0259 qar\u015f\u0131 Mehdiyevl\u0259 qohumluq \u0259laq\u0259l\u0259rin\u0259 g\u00f6r\u0259 neqativ m\u00fcnasib\u0259t\u0259 \u0259sas g\u00f6rm\u00fcr\u0259m. F\u0259rdi yana\u015fa bilm\u0259y\u0259c\u0259y\u0259m. \u00c7\u00fcnki Ramiz Mehdiyevin v\u0259zif\u0259d\u0259 olan qohum-\u0259qrabas\u0131n\u0131 tan\u0131m\u0131ram. \u0130nsanlar\u0131 qohumluq \u0259laq\u0259l\u0259rin\u0259 g\u00f6r\u0259 tan\u0131maq m\u0259nim d\u00fc\u015f\u00fcnc\u0259 t\u0259rzim\u0259 uy\u011fun deyil. Z\u0259nnimc\u0259, bel\u0259 m\u0259s\u0259l\u0259l\u0259rd\u0259 f\u0259rdi keyfiyy\u0259tl\u0259r \u0259sas g\u00f6t\u00fcr\u00fclm\u0259lidir v\u0259 bildiyim q\u0259d\u0259r g\u00f6t\u00fcr\u00fcl\u00fcr d\u0259&#8221;.<\/p>\n<p>Ekspertin s\u00f6zl\u0259rin\u0259 g\u00f6r\u0259, Ramiz Mehdiyevin deputat se\u00e7kil\u0259rind\u0259 i\u015ftirak\u0131 da inand\u0131r\u0131c\u0131 deyil.<\/p>\n","protected":false},"excerpt":{"rendered":"<p>El\u00e7in Mirz\u0259b\u0259yli: \u201cOnu Az\u0259rbaycanda \u00f6z \u0259traf\u0131ndak\u0131 bir ne\u00e7\u0259 n\u0259f\u0259rd\u0259n ba\u015fqa he\u00e7 kim sevm\u0259yib\u201d Fevral\u0131n 19-da Az\u0259rbaycan Milli Elml\u0259r Akademiyas\u0131n\u0131n R\u0259yas\u0259t Hey\u0259tinin y\u0131\u011f\u0131nca\u011f\u0131 ke\u00e7irilib. Y\u0131\u011f\u0131ncaqda Ramiz Mehdiyevin AMEA Prezidenti v\u0259zif\u0259sind\u0259n istefa \u0259riz\u0259sin\u0259 bax\u0131l\u0131b v\u0259 istefa q\u0259bul edilib. AMEA prezidenti v\u0259zif\u0259sinin icras\u0131 m\u00fcv\u0259qq\u0259ti olaraq akademik Arif H\u0259\u015fimova h\u0259val\u0259 edilib. Bel\u0259likl\u0259, Ramiz Mehdiyev eras\u0131 AMEA-da da \u00f6z\u00fcn\u00fcn sonlu\u011funa \u00e7atm\u0131\u015f oldu. M\u0259\u015fhur filmd\u0259 deyildiyi kimi, Ramiz Mehdiyev \u201celm al\u0259mi\u201dnd\u0259n d\u0259 getdi. B\u0259s uzun ill\u0259r \u00f6lk\u0259nin \u0259n m\u00fch\u00fcm siyasi postlar\u0131ndan birin\u0259 r\u0259hb\u0259rlik etmi\u015f Ramiz Mehdiyev bundan sonra tamamil\u0259 sakit dayanacaqm\u0131? Onun bundan sonra nec\u0259 dey\u0259rl\u0259r,&hellip;<\/p>\n","protected":false},"author":2,"featured_media":442077,"comment_status":"closed","ping_status":"closed","sticky":false,"template":"","format":"standard","meta":{"om_disable_all_campaigns":false,"_monsterinsights_skip_tracking":false,"_monsterinsights_sitenote_active":false,"_monsterinsights_sitenote_note":"","_monsterinsights_sitenote_category":0},"categories":[1],"tags":[],"aioseo_notices":[],"gutentor_comment":0,"rttpg_featured_image_url":{"full":["https:\/\/arantv.az\/wp-content\/uploads\/2022\/02\/7a2d33756dc1102e5934913454e2c18f.jpg",450,300,false],"landscape":["https:\/\/arantv.az\/wp-content\/uploads\/2022\/02\/7a2d33756dc1102e5934913454e2c18f.jpg",450,300,false],"portraits":["https:\/\/arantv.az\/wp-content\/uploads\/2022\/02\/7a2d33756dc1102e5934913454e2c18f.jpg",450,300,false],"thumbnail":["https:\/\/arantv.az\/wp-content\/uploads\/2022\/02\/7a2d33756dc1102e5934913454e2c18f-450x280.jpg",450,280,true],"medium":["https:\/\/arantv.az\/wp-content\/uploads\/2022\/02\/7a2d33756dc1102e5934913454e2c18f.jpg",450,300,false],"large":["https:\/\/arantv.az\/wp-content\/uploads\/2022\/02\/7a2d33756dc1102e5934913454e2c18f.jpg",450,300,false],"1536x1536":["https:\/\/arantv.az\/wp-content\/uploads\/2022\/02\/7a2d33756dc1102e5934913454e2c18f.jpg",450,300,false],"2048x2048":["https:\/\/arantv.az\/wp-content\/uploads\/2022\/02\/7a2d33756dc1102e5934913454e2c18f.jpg",450,300,false],"post-thumbnail":["https:\/\/arantv.az\/wp-content\/uploads\/2022\/02\/7a2d33756dc1102e5934913454e2c18f-240x172.jpg",240,172,true],"advps-thumb-one":["https:\/\/arantv.az\/wp-content\/uploads\/2022\/02\/7a2d33756dc1102e5934913454e2c18f.jpg",450,300,false]},"rttpg_author":{"display_name":"V\u00fcsal Rafiqo\u011flu","author_link":"https:\/\/arantv.az\/?author=2"},"rttpg_comment":0,"rttpg_category":"<a href=\"https:\/\/arantv.az\/?cat=1\" rel=\"category\">C\u0259miyy\u0259t<\/a>","rttpg_excerpt":"El\u00e7in Mirz\u0259b\u0259yli: \u201cOnu Az\u0259rbaycanda \u00f6z \u0259traf\u0131ndak\u0131 bir ne\u00e7\u0259 n\u0259f\u0259rd\u0259n ba\u015fqa he\u00e7 kim sevm\u0259yib\u201d Fevral\u0131n 19-da Az\u0259rbaycan Milli Elml\u0259r Akademiyas\u0131n\u0131n R\u0259yas\u0259t Hey\u0259tinin y\u0131\u011f\u0131nca\u011f\u0131 ke\u00e7irilib. Y\u0131\u011f\u0131ncaqda Ramiz Mehdiyevin AMEA Prezidenti v\u0259zif\u0259sind\u0259n istefa \u0259riz\u0259sin\u0259 bax\u0131l\u0131b v\u0259 istefa q\u0259bul edilib. AMEA prezidenti v\u0259zif\u0259sinin icras\u0131 m\u00fcv\u0259qq\u0259ti olaraq akademik Arif H\u0259\u015fimova h\u0259val\u0259 edilib. Bel\u0259likl\u0259, Ramiz Mehdiyev eras\u0131 AMEA-da da \u00f6z\u00fcn\u00fcn sonlu\u011funa&hellip;","_links":{"self":[{"href":"https:\/\/arantv.az\/index.php?rest_route=\/wp\/v2\/posts\/442076"}],"collection":[{"href":"https:\/\/arantv.az\/index.php?rest_route=\/wp\/v2\/posts"}],"about":[{"href":"https:\/\/arantv.az\/index.php?rest_route=\/wp\/v2\/types\/post"}],"author":[{"embeddable":true,"href":"https:\/\/arantv.az\/index.php?rest_route=\/wp\/v2\/users\/2"}],"replies":[{"embeddable":true,"href":"https:\/\/arantv.az\/index.php?rest_route=%2Fwp%2Fv2%2Fcomments&post=442076"}],"version-history":[{"count":0,"href":"https:\/\/arantv.az\/index.php?rest_route=\/wp\/v2\/posts\/442076\/revisions"}],"wp:featuredmedia":[{"embeddable":true,"href":"https:\/\/arantv.az\/index.php?rest_route=\/wp\/v2\/media\/442077"}],"wp:attachment":[{"href":"https:\/\/arantv.az\/index.php?rest_route=%2Fwp%2Fv2%2Fmedia&parent=442076"}],"wp:term":[{"taxonomy":"category","embeddable":true,"href":"https:\/\/arantv.az\/index.php?rest_route=%2Fwp%2Fv2%2Fcategories&post=442076"},{"taxonomy":"post_tag","embeddable":true,"href":"https:\/\/arantv.az\/index.php?rest_route=%2Fwp%2Fv2%2Ftags&post=442076"}],"curies":[{"name":"wp","href":"https:\/\/api.w.org\/{rel}","templated":true}]}}