{"id":442243,"date":"2022-02-22T12:30:06","date_gmt":"2022-02-22T09:30:06","guid":{"rendered":"http:\/\/arantv.az\/?p=442243"},"modified":"2022-02-22T12:30:06","modified_gmt":"2022-02-22T09:30:06","slug":"israilli-huquqsunas-butun-dunya-xocali-soyqirimi-haqqinda-bilm%c9%99lidir","status":"publish","type":"post","link":"https:\/\/arantv.az\/?p=442243","title":{"rendered":"\u0130srailli h\u00fcquq\u015f\u00fcnas: \u201cB\u00fct\u00fcn d\u00fcnya Xocal\u0131 soyq\u0131r\u0131m\u0131 haqq\u0131nda bilm\u0259lidir\u201d"},"content":{"rendered":"<p>\u201cM\u00fcmk\u00fcn h\u0259r \u015feyi etm\u0259k laz\u0131md\u0131r ki, b\u00fct\u00fcn d\u00fcnya Xocal\u0131 soyq\u0131r\u0131m\u0131 haqq\u0131nda bilsin\u201d.<\/p>\n<p>Bunu \u201cReport\u201da israilli h\u00fcquq\u015f\u00fcnas, beyn\u0259lxalq h\u00fcquq v\u0259 beyn\u0259lxalq siyas\u0259t \u00fczr\u0259 ekspert Mixail Finkel bildirib.<\/p>\n<div class=\"AdviadNativeVideo\"><\/div>\n<p>\u201cXocal\u0131 faci\u0259si kimi d\u0259h\u015f\u0259tli hadis\u0259nin 30-cu ild\u00f6n\u00fcm\u00fc yax\u0131nla\u015f\u0131r. H\u0259min vaxt erm\u0259nil\u0259r xeyli sayda insan\u0131 q\u0259tl\u0259 yetiribl\u0259r. T\u0259xmini hesablamalara g\u00f6r\u0259, bu say 600 n\u0259f\u0259rd\u0259n \u00e7oxdur. H\u0259min vaxt bir \u00e7oxlar\u0131 ilin soyuq vaxt\u0131nda h\u0259r \u015feyl\u0259rini at\u0131b qa\u00e7\u0131rd\u0131. Terror\u00e7ular qocalar\u0131, qad\u0131nlar\u0131 v\u0259 u\u015faqlar\u0131 amans\u0131zl\u0131qla q\u0259tl\u0259 yetirir, g\u00f6zl\u0259rind\u0259 siqaret s\u00f6nd\u00fcr\u00fcrd\u00fcl\u0259r\u201d, &#8211; M.Finkel qeyd edib.<\/p>\n<p>\u201cHam\u0131n\u0131n Az\u0259rbaycan xalq\u0131na qar\u015f\u0131 bu soyq\u0131r\u0131m\u0131ndan, bu cinay\u0259td\u0259n x\u0259b\u0259rdar olmas\u0131 \u00fc\u00e7\u00fcn maksimum \u00e7al\u0131\u015fmaq laz\u0131md\u0131r\u201d, &#8211; ekspert deyib.<\/p>\n<p>\u201cBel\u0259 bir sual do\u011fur: Niy\u0259 d\u00fcnya ictimaiyy\u0259ti bu bar\u0259d\u0259 he\u00e7 bir add\u0131m atm\u0131r? Cavab g\u00f6z qaba\u011f\u0131ndad\u0131r: Psixologiyada \u201cm\u00fcsb\u0259t q\u0259r\u0259z\u201d adlanan anlay\u0131\u015f var. Unutmayaq ki, Erm\u0259nistan xristian d\u00f6vl\u0259tidir v\u0259 d\u00fcnya ictimaiyy\u0259ti ona qar\u015f\u0131 \u201cm\u00fcsb\u0259t q\u0259r\u0259z\u201d n\u00fcmayi\u015f etdirir\u201d, &#8211; h\u00fcquq\u015f\u00fcnas s\u00f6yl\u0259yib.<\/p>\n<p>O, Avropada b\u00f6y\u00fck erm\u0259ni icmas\u0131n\u0131n oldu\u011funu \u0259lav\u0259 edib: \u201cBu icman\u0131n n\u00fcmay\u0259nd\u0259l\u0259ri h\u00fcquq sistemind\u0259, biznes sah\u0259sind\u0259, siyas\u0259td\u0259, jurnalistikada \u00f6n s\u0131ralarda yer al\u0131r v\u0259 d\u00fcnya ictimaiyy\u0259tinin diqq\u0259tini Xocal\u0131 faci\u0259sind\u0259n yay\u0131nd\u0131rmaq \u00fc\u00e7\u00fcn h\u0259r \u015fey edirl\u0259r. M\u00fcmk\u00fcn h\u0259r \u015feyi etm\u0259k laz\u0131md\u0131r ki, b\u00fct\u00fcn d\u00fcnya Xocal\u0131 soyq\u0131r\u0131m\u0131 haqq\u0131nda bilsin. El\u0259 bir t\u0259\u0259ss\u00fcrat yaranmamal\u0131d\u0131r ki, \u00f6z qondarma soyq\u0131r\u0131m\u0131 haqq\u0131nda al\u0259m\u0259 car \u00e7\u0259k\u0259n Erm\u0259nistan \u201cdaimi qurban\u201d m\u00f6vqeyind\u0259 olub. Erm\u0259nil\u0259r d\u0259f\u0259l\u0259rl\u0259\u00a0amans\u0131z cinay\u0259tl\u0259r t\u00f6r\u0259dibl\u0259r\u201d.<\/p>\n","protected":false},"excerpt":{"rendered":"<p>\u201cM\u00fcmk\u00fcn h\u0259r \u015feyi etm\u0259k laz\u0131md\u0131r ki, b\u00fct\u00fcn d\u00fcnya Xocal\u0131 soyq\u0131r\u0131m\u0131 haqq\u0131nda bilsin\u201d. Bunu \u201cReport\u201da israilli h\u00fcquq\u015f\u00fcnas, beyn\u0259lxalq h\u00fcquq v\u0259 beyn\u0259lxalq siyas\u0259t \u00fczr\u0259 ekspert Mixail Finkel bildirib. \u201cXocal\u0131 faci\u0259si kimi d\u0259h\u015f\u0259tli hadis\u0259nin 30-cu ild\u00f6n\u00fcm\u00fc yax\u0131nla\u015f\u0131r. H\u0259min vaxt erm\u0259nil\u0259r xeyli sayda insan\u0131 q\u0259tl\u0259 yetiribl\u0259r. T\u0259xmini hesablamalara g\u00f6r\u0259, bu say 600 n\u0259f\u0259rd\u0259n \u00e7oxdur. H\u0259min vaxt bir \u00e7oxlar\u0131 ilin soyuq vaxt\u0131nda h\u0259r \u015feyl\u0259rini at\u0131b qa\u00e7\u0131rd\u0131. Terror\u00e7ular qocalar\u0131, qad\u0131nlar\u0131 v\u0259 u\u015faqlar\u0131 amans\u0131zl\u0131qla q\u0259tl\u0259 yetirir, g\u00f6zl\u0259rind\u0259 siqaret s\u00f6nd\u00fcr\u00fcrd\u00fcl\u0259r\u201d, &#8211; M.Finkel qeyd edib. \u201cHam\u0131n\u0131n Az\u0259rbaycan xalq\u0131na qar\u015f\u0131 bu soyq\u0131r\u0131m\u0131ndan, bu cinay\u0259td\u0259n x\u0259b\u0259rdar olmas\u0131 \u00fc\u00e7\u00fcn maksimum \u00e7al\u0131\u015fmaq laz\u0131md\u0131r\u201d,&hellip;<\/p>\n","protected":false},"author":2,"featured_media":442244,"comment_status":"closed","ping_status":"closed","sticky":false,"template":"","format":"standard","meta":{"om_disable_all_campaigns":false,"_monsterinsights_skip_tracking":false,"_monsterinsights_sitenote_active":false,"_monsterinsights_sitenote_note":"","_monsterinsights_sitenote_category":0},"categories":[19],"tags":[],"aioseo_notices":[],"gutentor_comment":0,"rttpg_featured_image_url":{"full":["https:\/\/arantv.az\/wp-content\/uploads\/2022\/02\/90c2b6e6-f09e-4dc8-9bcc-1301001a93b3.jpg",620,432,false],"landscape":["https:\/\/arantv.az\/wp-content\/uploads\/2022\/02\/90c2b6e6-f09e-4dc8-9bcc-1301001a93b3.jpg",620,432,false],"portraits":["https:\/\/arantv.az\/wp-content\/uploads\/2022\/02\/90c2b6e6-f09e-4dc8-9bcc-1301001a93b3.jpg",620,432,false],"thumbnail":["https:\/\/arantv.az\/wp-content\/uploads\/2022\/02\/90c2b6e6-f09e-4dc8-9bcc-1301001a93b3-500x280.jpg",500,280,true],"medium":["https:\/\/arantv.az\/wp-content\/uploads\/2022\/02\/90c2b6e6-f09e-4dc8-9bcc-1301001a93b3-524x365.jpg",524,365,true],"large":["https:\/\/arantv.az\/wp-content\/uploads\/2022\/02\/90c2b6e6-f09e-4dc8-9bcc-1301001a93b3.jpg",620,432,false],"1536x1536":["https:\/\/arantv.az\/wp-content\/uploads\/2022\/02\/90c2b6e6-f09e-4dc8-9bcc-1301001a93b3.jpg",620,432,false],"2048x2048":["https:\/\/arantv.az\/wp-content\/uploads\/2022\/02\/90c2b6e6-f09e-4dc8-9bcc-1301001a93b3.jpg",620,432,false],"post-thumbnail":["https:\/\/arantv.az\/wp-content\/uploads\/2022\/02\/90c2b6e6-f09e-4dc8-9bcc-1301001a93b3-240x172.jpg",240,172,true],"advps-thumb-one":["https:\/\/arantv.az\/wp-content\/uploads\/2022\/02\/90c2b6e6-f09e-4dc8-9bcc-1301001a93b3.jpg",620,432,false]},"rttpg_author":{"display_name":"V\u00fcsal Rafiqo\u011flu","author_link":"https:\/\/arantv.az\/?author=2"},"rttpg_comment":0,"rttpg_category":"<a href=\"https:\/\/arantv.az\/?cat=19\" rel=\"category\">G\u00fcnd\u0259m<\/a>","rttpg_excerpt":"\u201cM\u00fcmk\u00fcn h\u0259r \u015feyi etm\u0259k laz\u0131md\u0131r ki, b\u00fct\u00fcn d\u00fcnya Xocal\u0131 soyq\u0131r\u0131m\u0131 haqq\u0131nda bilsin\u201d. Bunu \u201cReport\u201da israilli h\u00fcquq\u015f\u00fcnas, beyn\u0259lxalq h\u00fcquq v\u0259 beyn\u0259lxalq siyas\u0259t \u00fczr\u0259 ekspert Mixail Finkel bildirib. \u201cXocal\u0131 faci\u0259si kimi d\u0259h\u015f\u0259tli hadis\u0259nin 30-cu ild\u00f6n\u00fcm\u00fc yax\u0131nla\u015f\u0131r. H\u0259min vaxt erm\u0259nil\u0259r xeyli sayda insan\u0131 q\u0259tl\u0259 yetiribl\u0259r. T\u0259xmini hesablamalara g\u00f6r\u0259, bu say 600 n\u0259f\u0259rd\u0259n \u00e7oxdur. H\u0259min vaxt bir \u00e7oxlar\u0131 ilin&hellip;","_links":{"self":[{"href":"https:\/\/arantv.az\/index.php?rest_route=\/wp\/v2\/posts\/442243"}],"collection":[{"href":"https:\/\/arantv.az\/index.php?rest_route=\/wp\/v2\/posts"}],"about":[{"href":"https:\/\/arantv.az\/index.php?rest_route=\/wp\/v2\/types\/post"}],"author":[{"embeddable":true,"href":"https:\/\/arantv.az\/index.php?rest_route=\/wp\/v2\/users\/2"}],"replies":[{"embeddable":true,"href":"https:\/\/arantv.az\/index.php?rest_route=%2Fwp%2Fv2%2Fcomments&post=442243"}],"version-history":[{"count":0,"href":"https:\/\/arantv.az\/index.php?rest_route=\/wp\/v2\/posts\/442243\/revisions"}],"wp:featuredmedia":[{"embeddable":true,"href":"https:\/\/arantv.az\/index.php?rest_route=\/wp\/v2\/media\/442244"}],"wp:attachment":[{"href":"https:\/\/arantv.az\/index.php?rest_route=%2Fwp%2Fv2%2Fmedia&parent=442243"}],"wp:term":[{"taxonomy":"category","embeddable":true,"href":"https:\/\/arantv.az\/index.php?rest_route=%2Fwp%2Fv2%2Fcategories&post=442243"},{"taxonomy":"post_tag","embeddable":true,"href":"https:\/\/arantv.az\/index.php?rest_route=%2Fwp%2Fv2%2Ftags&post=442243"}],"curies":[{"name":"wp","href":"https:\/\/api.w.org\/{rel}","templated":true}]}}