{"id":442255,"date":"2022-02-22T12:35:05","date_gmt":"2022-02-22T09:35:05","guid":{"rendered":"http:\/\/arantv.az\/?p=442255"},"modified":"2022-02-22T12:35:05","modified_gmt":"2022-02-22T09:35:05","slug":"moldova-parlamentinin-s%c9%99dri-f%c9%99xri-v%c9%99-s%c9%99hidl%c9%99r-xiyabanlarini-ziyar%c9%99t-edib","status":"publish","type":"post","link":"https:\/\/arantv.az\/?p=442255","title":{"rendered":"Moldova parlamentinin s\u0259dri F\u0259xri v\u0259 \u015e\u0259hidl\u0259r xiyabanlar\u0131n\u0131 ziyar\u0259t edib"},"content":{"rendered":"<p>\u00d6lk\u0259mizd\u0259 s\u0259f\u0259rd\u0259 olan Moldova parlamentinin s\u0259dri \u0130qor Qrosunun r\u0259hb\u0259rlik etdiyi n\u00fcmay\u0259nd\u0259 hey\u0259ti bu g\u00fcn \u00fcmummilli lider Heyd\u0259r \u018fliyevin\u00a0m\u0259zar\u0131n\u0131 v\u0259 \u015e\u0259hidl\u0259r xiyaban\u0131n\u0131 ziyar\u0259t edib.<\/p>\n<p><strong>ARANTV.AZ\u00a0 x\u0259b\u0259r verir ki,<\/strong>\u00a0Moldova parlamentinin s\u0259dri \u0130qor Qrosunun r\u0259hb\u0259rlik etdiyi n\u00fcmay\u0259nd\u0259 hey\u0259ti F\u0259xri xiyabana g\u0259l\u0259r\u0259k \u00fcmummilli lider, m\u00fcasir m\u00fcst\u0259qil Az\u0259rbaycan d\u00f6vl\u0259tinin memar\u0131 v\u0259 qurucusu Heyd\u0259r \u018fliyevin xatir\u0259sini d\u0259rin ehtiramla yad edib, m\u0259zar\u0131 \u00f6n\u00fcn\u0259 t\u0259r \u00e7i\u00e7\u0259kl\u0259r d\u00fcz\u00fcb, \u0259klil qoyub.<\/p>\n<p>N\u00fcmay\u0259nd\u0259 hey\u0259ti, h\u0259m\u00e7inin, \u015e\u0259hidl\u0259r xiyaban\u0131n\u0131 ziyar\u0259t ed\u0259r\u0259k, \u00f6lk\u0259mizin azadl\u0131\u011f\u0131 v\u0259 suverenliyi u\u011frunda m\u00fcbariz\u0259d\u0259 canlar\u0131ndan ke\u00e7mi\u015f q\u0259hr\u0259man V\u0259t\u0259n \u00f6vladlar\u0131n\u0131n xatir\u0259sini h\u00f6rm\u0259tl\u0259 an\u0131b, m\u0259zarlar\u0131 \u00fcz\u0259rin\u0259 t\u0259r g\u00fcll\u0259r d\u00fcz\u00fcbl\u0259r. N\u00fcmay\u0259nd\u0259 hey\u0259ti ad\u0131ndan \u201c\u018fb\u0259di m\u0259\u015f\u0259l\u201d abid\u0259sinin \u00f6n\u00fcn\u0259 \u0259klil qoyulub.<\/p>\n<p>Sonda Bak\u0131n\u0131n \u0259n h\u00fcnd\u00fcr n\u00f6qt\u0259sind\u0259n Az\u0259rbaycan paytaxt\u0131n\u0131n m\u0259nz\u0259r\u0259sini seyr ed\u0259n qonaqlara \u015e\u0259hidl\u0259r xiyaban\u0131n\u0131n tarixi v\u0259 paytaxt\u0131m\u0131zda apar\u0131lan abadl\u0131q-quruculuq i\u015fl\u0259ri bar\u0259d\u0259 m\u0259lumat verilib.<\/p>\n","protected":false},"excerpt":{"rendered":"<p>\u00d6lk\u0259mizd\u0259 s\u0259f\u0259rd\u0259 olan Moldova parlamentinin s\u0259dri \u0130qor Qrosunun r\u0259hb\u0259rlik etdiyi n\u00fcmay\u0259nd\u0259 hey\u0259ti bu g\u00fcn \u00fcmummilli lider Heyd\u0259r \u018fliyevin\u00a0m\u0259zar\u0131n\u0131 v\u0259 \u015e\u0259hidl\u0259r xiyaban\u0131n\u0131 ziyar\u0259t edib. ARANTV.AZ\u00a0 x\u0259b\u0259r verir ki,\u00a0Moldova parlamentinin s\u0259dri \u0130qor Qrosunun r\u0259hb\u0259rlik etdiyi n\u00fcmay\u0259nd\u0259 hey\u0259ti F\u0259xri xiyabana g\u0259l\u0259r\u0259k \u00fcmummilli lider, m\u00fcasir m\u00fcst\u0259qil Az\u0259rbaycan d\u00f6vl\u0259tinin memar\u0131 v\u0259 qurucusu Heyd\u0259r \u018fliyevin xatir\u0259sini d\u0259rin ehtiramla yad edib, m\u0259zar\u0131 \u00f6n\u00fcn\u0259 t\u0259r \u00e7i\u00e7\u0259kl\u0259r d\u00fcz\u00fcb, \u0259klil qoyub. N\u00fcmay\u0259nd\u0259 hey\u0259ti, h\u0259m\u00e7inin, \u015e\u0259hidl\u0259r xiyaban\u0131n\u0131 ziyar\u0259t ed\u0259r\u0259k, \u00f6lk\u0259mizin azadl\u0131\u011f\u0131 v\u0259 suverenliyi u\u011frunda m\u00fcbariz\u0259d\u0259 canlar\u0131ndan ke\u00e7mi\u015f q\u0259hr\u0259man V\u0259t\u0259n \u00f6vladlar\u0131n\u0131n xatir\u0259sini h\u00f6rm\u0259tl\u0259 an\u0131b, m\u0259zarlar\u0131 \u00fcz\u0259rin\u0259 t\u0259r g\u00fcll\u0259r d\u00fcz\u00fcbl\u0259r. N\u00fcmay\u0259nd\u0259 hey\u0259ti ad\u0131ndan&hellip;<\/p>\n","protected":false},"author":2,"featured_media":442256,"comment_status":"closed","ping_status":"closed","sticky":false,"template":"","format":"standard","meta":{"om_disable_all_campaigns":false,"_monsterinsights_skip_tracking":false,"_monsterinsights_sitenote_active":false,"_monsterinsights_sitenote_note":"","_monsterinsights_sitenote_category":0},"categories":[4],"tags":[],"aioseo_notices":[],"gutentor_comment":0,"rttpg_featured_image_url":{"full":["https:\/\/arantv.az\/wp-content\/uploads\/2022\/02\/f58c9875164551828994483213010361686.jpg",975,540,false],"landscape":["https:\/\/arantv.az\/wp-content\/uploads\/2022\/02\/f58c9875164551828994483213010361686.jpg",975,540,false],"portraits":["https:\/\/arantv.az\/wp-content\/uploads\/2022\/02\/f58c9875164551828994483213010361686.jpg",975,540,false],"thumbnail":["https:\/\/arantv.az\/wp-content\/uploads\/2022\/02\/f58c9875164551828994483213010361686-500x280.jpg",500,280,true],"medium":["https:\/\/arantv.az\/wp-content\/uploads\/2022\/02\/f58c9875164551828994483213010361686-660x365.jpg",660,365,true],"large":["https:\/\/arantv.az\/wp-content\/uploads\/2022\/02\/f58c9875164551828994483213010361686-840x465.jpg",640,354,true],"1536x1536":["https:\/\/arantv.az\/wp-content\/uploads\/2022\/02\/f58c9875164551828994483213010361686.jpg",975,540,false],"2048x2048":["https:\/\/arantv.az\/wp-content\/uploads\/2022\/02\/f58c9875164551828994483213010361686.jpg",975,540,false],"post-thumbnail":["https:\/\/arantv.az\/wp-content\/uploads\/2022\/02\/f58c9875164551828994483213010361686-240x172.jpg",240,172,true],"advps-thumb-one":["https:\/\/arantv.az\/wp-content\/uploads\/2022\/02\/f58c9875164551828994483213010361686.jpg",975,540,false]},"rttpg_author":{"display_name":"V\u00fcsal Rafiqo\u011flu","author_link":"https:\/\/arantv.az\/?author=2"},"rttpg_comment":0,"rttpg_category":"<a href=\"https:\/\/arantv.az\/?cat=4\" rel=\"category\">Siyas\u0259t<\/a>","rttpg_excerpt":"\u00d6lk\u0259mizd\u0259 s\u0259f\u0259rd\u0259 olan Moldova parlamentinin s\u0259dri \u0130qor Qrosunun r\u0259hb\u0259rlik etdiyi n\u00fcmay\u0259nd\u0259 hey\u0259ti bu g\u00fcn \u00fcmummilli lider Heyd\u0259r \u018fliyevin\u00a0m\u0259zar\u0131n\u0131 v\u0259 \u015e\u0259hidl\u0259r xiyaban\u0131n\u0131 ziyar\u0259t edib. ARANTV.AZ\u00a0 x\u0259b\u0259r verir ki,\u00a0Moldova parlamentinin s\u0259dri \u0130qor Qrosunun r\u0259hb\u0259rlik etdiyi n\u00fcmay\u0259nd\u0259 hey\u0259ti F\u0259xri xiyabana g\u0259l\u0259r\u0259k \u00fcmummilli lider, m\u00fcasir m\u00fcst\u0259qil Az\u0259rbaycan d\u00f6vl\u0259tinin memar\u0131 v\u0259 qurucusu Heyd\u0259r \u018fliyevin xatir\u0259sini d\u0259rin ehtiramla yad edib, m\u0259zar\u0131&hellip;","_links":{"self":[{"href":"https:\/\/arantv.az\/index.php?rest_route=\/wp\/v2\/posts\/442255"}],"collection":[{"href":"https:\/\/arantv.az\/index.php?rest_route=\/wp\/v2\/posts"}],"about":[{"href":"https:\/\/arantv.az\/index.php?rest_route=\/wp\/v2\/types\/post"}],"author":[{"embeddable":true,"href":"https:\/\/arantv.az\/index.php?rest_route=\/wp\/v2\/users\/2"}],"replies":[{"embeddable":true,"href":"https:\/\/arantv.az\/index.php?rest_route=%2Fwp%2Fv2%2Fcomments&post=442255"}],"version-history":[{"count":0,"href":"https:\/\/arantv.az\/index.php?rest_route=\/wp\/v2\/posts\/442255\/revisions"}],"wp:featuredmedia":[{"embeddable":true,"href":"https:\/\/arantv.az\/index.php?rest_route=\/wp\/v2\/media\/442256"}],"wp:attachment":[{"href":"https:\/\/arantv.az\/index.php?rest_route=%2Fwp%2Fv2%2Fmedia&parent=442255"}],"wp:term":[{"taxonomy":"category","embeddable":true,"href":"https:\/\/arantv.az\/index.php?rest_route=%2Fwp%2Fv2%2Fcategories&post=442255"},{"taxonomy":"post_tag","embeddable":true,"href":"https:\/\/arantv.az\/index.php?rest_route=%2Fwp%2Fv2%2Ftags&post=442255"}],"curies":[{"name":"wp","href":"https:\/\/api.w.org\/{rel}","templated":true}]}}