{"id":442264,"date":"2022-02-22T12:42:41","date_gmt":"2022-02-22T09:42:41","guid":{"rendered":"http:\/\/arantv.az\/?p=442264"},"modified":"2022-02-22T12:42:41","modified_gmt":"2022-02-22T09:42:41","slug":"v%c9%99t%c9%99ndas-v%c9%99fat-etmis-ail%c9%99-bascisina-gor%c9%99-pensiya-almaq-huququna-malikdir-r%c9%99smi","status":"publish","type":"post","link":"https:\/\/arantv.az\/?p=442264","title":{"rendered":"V\u0259t\u0259nda\u015f v\u0259fat etmi\u015f ail\u0259 ba\u015f\u00e7\u0131s\u0131na g\u00f6r\u0259 pensiya almaq h\u00fcququna malikdir &#8211; R\u018fSM\u0130"},"content":{"rendered":"<p><strong>V\u0259t\u0259nda\u015f v\u0259fat etmi\u015f ail\u0259 ba\u015f\u00e7\u0131s\u0131na g\u00f6r\u0259 pensiya almaq h\u00fcququna malikdir.<\/strong><\/p>\n<p><strong>ARANTV.AZ<\/strong>\u00a0 <a href=\"https:\/\/az.trend.az\/\" target=\"_blank\" rel=\"noopener\">Trend<\/a>-\u0259 istinad\u0259n bildirir ki,\u00a0bunu D\u00f6vl\u0259t Sosial M\u00fcdafi\u0259 Fondunun Pensiya T\u0259minat\u0131 Departamentinin m\u00fcdiri Eyvaz \u0130smay\u0131lov deyib.<\/p>\n<p>Onun s\u00f6zl\u0259rin\u0259 g\u00f6r\u0259, s\u00f6z\u00fcged\u0259n pensiyan\u0131 almaq \u00fc\u00e7\u00fcn bir s\u0131ra \u015f\u0259rtl\u0259r m\u00f6vcuddur.<\/p>\n<p>&#8220;M\u0259s\u0259l\u0259n onun h\u0259yat yolda\u015f\u0131 \u0259m\u0259k qabiliyy\u0259tsiz olmal\u0131d\u0131r ki, v\u0259fat etmi\u015f ail\u0259 \u00fczv\u00fcn\u0259 g\u00f6r\u0259 pensiya \u0259ld\u0259 etsin. \u018fm\u0259k qabiliyy\u0259ti olmamas\u0131 dedikd\u0259, \u0259lillik d\u0259r\u0259c\u0259si (1-ci v\u0259 2-ci qrup) v\u0259 ya qanunvericilikd\u0259 g\u00f6st\u0259ril\u0259n pensiya ya\u015f\u0131na \u00e7atmas\u0131 n\u0259z\u0259rd\u0259 tutulur. \u018fg\u0259r \u015f\u0259xs v\u0259fat etdikd\u0259 onun ail\u0259 \u00fczvl\u0259rinin h\u0259l\u0259 pensiya almaq h\u00fcququ olmasa, h\u0259min kapital g\u0259l\u0259c\u0259kd\u0259 ail\u0259 \u00fczvl\u0259rinin h\u00fcquqlar\u0131n\u0131n yaranmas\u0131 d\u00f6vr\u00fcn\u0259 q\u0259d\u0259r b\u00fct\u00fcn indeksl\u0259r n\u0259z\u0259r\u0259 al\u0131nmaqla indeksl\u0259\u015fdirilir&#8221;, &#8211; dey\u0259 o qeyd edib.<\/p>\n","protected":false},"excerpt":{"rendered":"<p>V\u0259t\u0259nda\u015f v\u0259fat etmi\u015f ail\u0259 ba\u015f\u00e7\u0131s\u0131na g\u00f6r\u0259 pensiya almaq h\u00fcququna malikdir. ARANTV.AZ\u00a0 Trend-\u0259 istinad\u0259n bildirir ki,\u00a0bunu D\u00f6vl\u0259t Sosial M\u00fcdafi\u0259 Fondunun Pensiya T\u0259minat\u0131 Departamentinin m\u00fcdiri Eyvaz \u0130smay\u0131lov deyib. Onun s\u00f6zl\u0259rin\u0259 g\u00f6r\u0259, s\u00f6z\u00fcged\u0259n pensiyan\u0131 almaq \u00fc\u00e7\u00fcn bir s\u0131ra \u015f\u0259rtl\u0259r m\u00f6vcuddur. &#8220;M\u0259s\u0259l\u0259n onun h\u0259yat yolda\u015f\u0131 \u0259m\u0259k qabiliyy\u0259tsiz olmal\u0131d\u0131r ki, v\u0259fat etmi\u015f ail\u0259 \u00fczv\u00fcn\u0259 g\u00f6r\u0259 pensiya \u0259ld\u0259 etsin. \u018fm\u0259k qabiliyy\u0259ti olmamas\u0131 dedikd\u0259, \u0259lillik d\u0259r\u0259c\u0259si (1-ci v\u0259 2-ci qrup) v\u0259 ya qanunvericilikd\u0259 g\u00f6st\u0259ril\u0259n pensiya ya\u015f\u0131na \u00e7atmas\u0131 n\u0259z\u0259rd\u0259 tutulur. \u018fg\u0259r \u015f\u0259xs v\u0259fat etdikd\u0259 onun ail\u0259 \u00fczvl\u0259rinin h\u0259l\u0259 pensiya almaq h\u00fcququ olmasa, h\u0259min kapital g\u0259l\u0259c\u0259kd\u0259 ail\u0259 \u00fczvl\u0259rinin h\u00fcquqlar\u0131n\u0131n&hellip;<\/p>\n","protected":false},"author":2,"featured_media":442265,"comment_status":"closed","ping_status":"closed","sticky":false,"template":"","format":"standard","meta":{"om_disable_all_campaigns":false,"_monsterinsights_skip_tracking":false,"_monsterinsights_sitenote_active":false,"_monsterinsights_sitenote_note":"","_monsterinsights_sitenote_category":0},"categories":[1],"tags":[],"aioseo_notices":[],"gutentor_comment":0,"rttpg_featured_image_url":{"full":["https:\/\/arantv.az\/wp-content\/uploads\/2022\/02\/valyuta_manat_0254-3.jpg",800,600,false],"landscape":["https:\/\/arantv.az\/wp-content\/uploads\/2022\/02\/valyuta_manat_0254-3.jpg",800,600,false],"portraits":["https:\/\/arantv.az\/wp-content\/uploads\/2022\/02\/valyuta_manat_0254-3.jpg",800,600,false],"thumbnail":["https:\/\/arantv.az\/wp-content\/uploads\/2022\/02\/valyuta_manat_0254-3-500x280.jpg",500,280,true],"medium":["https:\/\/arantv.az\/wp-content\/uploads\/2022\/02\/valyuta_manat_0254-3-487x365.jpg",487,365,true],"large":["https:\/\/arantv.az\/wp-content\/uploads\/2022\/02\/valyuta_manat_0254-3.jpg",640,480,false],"1536x1536":["https:\/\/arantv.az\/wp-content\/uploads\/2022\/02\/valyuta_manat_0254-3.jpg",800,600,false],"2048x2048":["https:\/\/arantv.az\/wp-content\/uploads\/2022\/02\/valyuta_manat_0254-3.jpg",800,600,false],"post-thumbnail":["https:\/\/arantv.az\/wp-content\/uploads\/2022\/02\/valyuta_manat_0254-3-240x172.jpg",240,172,true],"advps-thumb-one":["https:\/\/arantv.az\/wp-content\/uploads\/2022\/02\/valyuta_manat_0254-3.jpg",800,600,false]},"rttpg_author":{"display_name":"V\u00fcsal Rafiqo\u011flu","author_link":"https:\/\/arantv.az\/?author=2"},"rttpg_comment":0,"rttpg_category":"<a href=\"https:\/\/arantv.az\/?cat=1\" rel=\"category\">C\u0259miyy\u0259t<\/a>","rttpg_excerpt":"V\u0259t\u0259nda\u015f v\u0259fat etmi\u015f ail\u0259 ba\u015f\u00e7\u0131s\u0131na g\u00f6r\u0259 pensiya almaq h\u00fcququna malikdir. ARANTV.AZ\u00a0 Trend-\u0259 istinad\u0259n bildirir ki,\u00a0bunu D\u00f6vl\u0259t Sosial M\u00fcdafi\u0259 Fondunun Pensiya T\u0259minat\u0131 Departamentinin m\u00fcdiri Eyvaz \u0130smay\u0131lov deyib. Onun s\u00f6zl\u0259rin\u0259 g\u00f6r\u0259, s\u00f6z\u00fcged\u0259n pensiyan\u0131 almaq \u00fc\u00e7\u00fcn bir s\u0131ra \u015f\u0259rtl\u0259r m\u00f6vcuddur. &#8220;M\u0259s\u0259l\u0259n onun h\u0259yat yolda\u015f\u0131 \u0259m\u0259k qabiliyy\u0259tsiz olmal\u0131d\u0131r ki, v\u0259fat etmi\u015f ail\u0259 \u00fczv\u00fcn\u0259 g\u00f6r\u0259 pensiya \u0259ld\u0259 etsin. \u018fm\u0259k qabiliyy\u0259ti&hellip;","_links":{"self":[{"href":"https:\/\/arantv.az\/index.php?rest_route=\/wp\/v2\/posts\/442264"}],"collection":[{"href":"https:\/\/arantv.az\/index.php?rest_route=\/wp\/v2\/posts"}],"about":[{"href":"https:\/\/arantv.az\/index.php?rest_route=\/wp\/v2\/types\/post"}],"author":[{"embeddable":true,"href":"https:\/\/arantv.az\/index.php?rest_route=\/wp\/v2\/users\/2"}],"replies":[{"embeddable":true,"href":"https:\/\/arantv.az\/index.php?rest_route=%2Fwp%2Fv2%2Fcomments&post=442264"}],"version-history":[{"count":0,"href":"https:\/\/arantv.az\/index.php?rest_route=\/wp\/v2\/posts\/442264\/revisions"}],"wp:featuredmedia":[{"embeddable":true,"href":"https:\/\/arantv.az\/index.php?rest_route=\/wp\/v2\/media\/442265"}],"wp:attachment":[{"href":"https:\/\/arantv.az\/index.php?rest_route=%2Fwp%2Fv2%2Fmedia&parent=442264"}],"wp:term":[{"taxonomy":"category","embeddable":true,"href":"https:\/\/arantv.az\/index.php?rest_route=%2Fwp%2Fv2%2Fcategories&post=442264"},{"taxonomy":"post_tag","embeddable":true,"href":"https:\/\/arantv.az\/index.php?rest_route=%2Fwp%2Fv2%2Ftags&post=442264"}],"curies":[{"name":"wp","href":"https:\/\/api.w.org\/{rel}","templated":true}]}}