{"id":442274,"date":"2022-02-22T12:56:45","date_gmt":"2022-02-22T09:56:45","guid":{"rendered":"http:\/\/arantv.az\/?p=442274"},"modified":"2022-02-22T12:56:45","modified_gmt":"2022-02-22T09:56:45","slug":"ferhat-gocer-az%c9%99rbaycanli-jurnalistl%c9%99rd%c9%99n-uzr-ist%c9%99di-video","status":"publish","type":"post","link":"https:\/\/arantv.az\/?p=442274","title":{"rendered":"Ferhat G\u00f6\u00e7er az\u0259rbaycanl\u0131 jurnalistl\u0259rd\u0259n \u00fczr ist\u0259di &#8211; V\u0130DEO"},"content":{"rendered":"<article class=\"news\">\n<div class=\"news-inner\">\n<p>T\u00fcrkiy\u0259li m\u0259\u015fhur m\u00fc\u011f\u0259nni Ferhat G\u00f6\u00e7er Bak\u0131da\u00a0olub.<\/p>\n<p>X\u0259z\u0259r TV-d\u0259 yay\u0131mlanan \u201c\u015eourum\u201d\u00a0proqram\u0131nda\u00a0\u015f\u0259h\u0259rin d\u0259bd\u0259b\u0259li m\u0259kanlar\u0131ndan birind\u0259 konserti olan s\u0259n\u0259t\u00e7inin \u0259vv\u0259l yerli m\u0259tbuata m\u00fcsahib\u0259 ver\u0259c\u0259yi bildirilib.<\/p>\n<div class=\"AdviadNativeVideo\"><\/div>\n<p>Lakin Ferhat jurnalistl\u0259r\u0259 g\u00f6r\u00fcnm\u0259d\u0259n s\u0259hn\u0259y\u0259 \u00e7\u0131xaraq konsert verib. Bundan sonra G\u00f6\u00e7erin musiqili proqram\u0131 yekunla\u015f\u0131b.<\/p>\n<p>S\u0259hn\u0259d\u0259n texnikalar \u00e7\u0131xar\u0131l\u0131b. H\u0259tta zibill\u0259r bel\u0259 at\u0131l\u0131b. D\u00f6rd saatdan sonra F\u0259rhat jurnalistl\u0259r\u0259 m\u00fcsahib\u0259 verm\u0259k q\u0259rar\u0131na g\u0259lib. Yerli kanallar\u0131n mikrofonuna dan\u0131\u015fan G\u00f6\u00e7er media \u0259m\u0259kda\u015flar\u0131ndan \u00fczr ist\u0259yib.<\/p>\n<p>Qeyd ed\u0259k ki, ifa\u00e7\u0131n\u0131n konsert biletl\u0259ri 200-600 AZN aral\u0131\u011f\u0131nda olub.<\/p>\n<p>Daha \u0259trafl\u0131 s\u00fcjetd\u0259:<\/p>\n<div><iframe loading=\"lazy\" src=\"https:\/\/player.baku.tv\/embed\/50738\" width=\"560\" height=\"315\" frameborder=\"0\" allowfullscreen=\"allowfullscreen\" data-mce-fragment=\"1\"><\/iframe><\/div>\n<\/div>\n<\/article>\n","protected":false},"excerpt":{"rendered":"<p>T\u00fcrkiy\u0259li m\u0259\u015fhur m\u00fc\u011f\u0259nni Ferhat G\u00f6\u00e7er Bak\u0131da\u00a0olub. X\u0259z\u0259r TV-d\u0259 yay\u0131mlanan \u201c\u015eourum\u201d\u00a0proqram\u0131nda\u00a0\u015f\u0259h\u0259rin d\u0259bd\u0259b\u0259li m\u0259kanlar\u0131ndan birind\u0259 konserti olan s\u0259n\u0259t\u00e7inin \u0259vv\u0259l yerli m\u0259tbuata m\u00fcsahib\u0259 ver\u0259c\u0259yi bildirilib. Lakin Ferhat jurnalistl\u0259r\u0259 g\u00f6r\u00fcnm\u0259d\u0259n s\u0259hn\u0259y\u0259 \u00e7\u0131xaraq konsert verib. Bundan sonra G\u00f6\u00e7erin musiqili proqram\u0131 yekunla\u015f\u0131b. S\u0259hn\u0259d\u0259n texnikalar \u00e7\u0131xar\u0131l\u0131b. H\u0259tta zibill\u0259r bel\u0259 at\u0131l\u0131b. D\u00f6rd saatdan sonra F\u0259rhat jurnalistl\u0259r\u0259 m\u00fcsahib\u0259 verm\u0259k q\u0259rar\u0131na g\u0259lib. Yerli kanallar\u0131n mikrofonuna dan\u0131\u015fan G\u00f6\u00e7er media \u0259m\u0259kda\u015flar\u0131ndan \u00fczr ist\u0259yib. Qeyd ed\u0259k ki, ifa\u00e7\u0131n\u0131n konsert biletl\u0259ri 200-600 AZN aral\u0131\u011f\u0131nda olub. Daha \u0259trafl\u0131 s\u00fcjetd\u0259:<\/p>\n","protected":false},"author":2,"featured_media":442275,"comment_status":"closed","ping_status":"closed","sticky":false,"template":"","format":"standard","meta":{"om_disable_all_campaigns":false,"_monsterinsights_skip_tracking":false,"_monsterinsights_sitenote_active":false,"_monsterinsights_sitenote_note":"","_monsterinsights_sitenote_category":0},"categories":[20],"tags":[],"aioseo_notices":[],"gutentor_comment":0,"rttpg_featured_image_url":{"full":["https:\/\/arantv.az\/wp-content\/uploads\/2022\/02\/FotoJet-2022-02-22T115809.624.jpg",620,413,false],"landscape":["https:\/\/arantv.az\/wp-content\/uploads\/2022\/02\/FotoJet-2022-02-22T115809.624.jpg",620,413,false],"portraits":["https:\/\/arantv.az\/wp-content\/uploads\/2022\/02\/FotoJet-2022-02-22T115809.624.jpg",620,413,false],"thumbnail":["https:\/\/arantv.az\/wp-content\/uploads\/2022\/02\/FotoJet-2022-02-22T115809.624-500x280.jpg",500,280,true],"medium":["https:\/\/arantv.az\/wp-content\/uploads\/2022\/02\/FotoJet-2022-02-22T115809.624-548x365.jpg",548,365,true],"large":["https:\/\/arantv.az\/wp-content\/uploads\/2022\/02\/FotoJet-2022-02-22T115809.624.jpg",620,413,false],"1536x1536":["https:\/\/arantv.az\/wp-content\/uploads\/2022\/02\/FotoJet-2022-02-22T115809.624.jpg",620,413,false],"2048x2048":["https:\/\/arantv.az\/wp-content\/uploads\/2022\/02\/FotoJet-2022-02-22T115809.624.jpg",620,413,false],"post-thumbnail":["https:\/\/arantv.az\/wp-content\/uploads\/2022\/02\/FotoJet-2022-02-22T115809.624-240x172.jpg",240,172,true],"advps-thumb-one":["https:\/\/arantv.az\/wp-content\/uploads\/2022\/02\/FotoJet-2022-02-22T115809.624.jpg",620,413,false]},"rttpg_author":{"display_name":"V\u00fcsal Rafiqo\u011flu","author_link":"https:\/\/arantv.az\/?author=2"},"rttpg_comment":0,"rttpg_category":"<a href=\"https:\/\/arantv.az\/?cat=20\" rel=\"category\">\u015eou biznes<\/a>","rttpg_excerpt":"T\u00fcrkiy\u0259li m\u0259\u015fhur m\u00fc\u011f\u0259nni Ferhat G\u00f6\u00e7er Bak\u0131da\u00a0olub. X\u0259z\u0259r TV-d\u0259 yay\u0131mlanan \u201c\u015eourum\u201d\u00a0proqram\u0131nda\u00a0\u015f\u0259h\u0259rin d\u0259bd\u0259b\u0259li m\u0259kanlar\u0131ndan birind\u0259 konserti olan s\u0259n\u0259t\u00e7inin \u0259vv\u0259l yerli m\u0259tbuata m\u00fcsahib\u0259 ver\u0259c\u0259yi bildirilib. Lakin Ferhat jurnalistl\u0259r\u0259 g\u00f6r\u00fcnm\u0259d\u0259n s\u0259hn\u0259y\u0259 \u00e7\u0131xaraq konsert verib. Bundan sonra G\u00f6\u00e7erin musiqili proqram\u0131 yekunla\u015f\u0131b. S\u0259hn\u0259d\u0259n texnikalar \u00e7\u0131xar\u0131l\u0131b. H\u0259tta zibill\u0259r bel\u0259 at\u0131l\u0131b. D\u00f6rd saatdan sonra F\u0259rhat jurnalistl\u0259r\u0259 m\u00fcsahib\u0259 verm\u0259k q\u0259rar\u0131na g\u0259lib. Yerli kanallar\u0131n mikrofonuna&hellip;","_links":{"self":[{"href":"https:\/\/arantv.az\/index.php?rest_route=\/wp\/v2\/posts\/442274"}],"collection":[{"href":"https:\/\/arantv.az\/index.php?rest_route=\/wp\/v2\/posts"}],"about":[{"href":"https:\/\/arantv.az\/index.php?rest_route=\/wp\/v2\/types\/post"}],"author":[{"embeddable":true,"href":"https:\/\/arantv.az\/index.php?rest_route=\/wp\/v2\/users\/2"}],"replies":[{"embeddable":true,"href":"https:\/\/arantv.az\/index.php?rest_route=%2Fwp%2Fv2%2Fcomments&post=442274"}],"version-history":[{"count":0,"href":"https:\/\/arantv.az\/index.php?rest_route=\/wp\/v2\/posts\/442274\/revisions"}],"wp:featuredmedia":[{"embeddable":true,"href":"https:\/\/arantv.az\/index.php?rest_route=\/wp\/v2\/media\/442275"}],"wp:attachment":[{"href":"https:\/\/arantv.az\/index.php?rest_route=%2Fwp%2Fv2%2Fmedia&parent=442274"}],"wp:term":[{"taxonomy":"category","embeddable":true,"href":"https:\/\/arantv.az\/index.php?rest_route=%2Fwp%2Fv2%2Fcategories&post=442274"},{"taxonomy":"post_tag","embeddable":true,"href":"https:\/\/arantv.az\/index.php?rest_route=%2Fwp%2Fv2%2Ftags&post=442274"}],"curies":[{"name":"wp","href":"https:\/\/api.w.org\/{rel}","templated":true}]}}