{"id":442277,"date":"2022-02-22T12:58:06","date_gmt":"2022-02-22T09:58:06","guid":{"rendered":"http:\/\/arantv.az\/?p=442277"},"modified":"2022-02-22T12:58:06","modified_gmt":"2022-02-22T09:58:06","slug":"naxcivani-az%c9%99rbaycanla-birl%c9%99sdir%c9%99n-avtomobil-yolu-od%c9%99nisli-olacaq","status":"publish","type":"post","link":"https:\/\/arantv.az\/?p=442277","title":{"rendered":"Nax\u00e7\u0131van\u0131 Az\u0259rbaycanla birl\u0259\u015fdir\u0259n avtomobil yolu \u00f6d\u0259ni\u015fli olacaq"},"content":{"rendered":"<p><strong>Az\u0259rbaycan\u0131n \u0130ran s\u0259rh\u0259di boyu yol \u00e7\u0259km\u0259si il\u0259 ba\u011fl\u0131 yay\u0131lan m\u0259lumatlar d\u00fczg\u00fcn deyil.<\/strong><\/p>\n<p><strong>ARANTV.AZ\u00a0<\/strong> <a href=\"https:\/\/az.trend.az\/\" target=\"_blank\" rel=\"noopener\">Trend<\/a>-\u0259 istinad\u0259n bildirir ki, bunu Az\u0259rbaycan Avtomobil Yollar\u0131 D\u00f6vl\u0259t Agentliyinin s\u0259dri Saleh M\u0259mm\u0259dov deyib.<\/p>\n<p>O bildirib ki, bu c\u00fcr m\u0259lumatlar ictimaiyy\u0259td\u0259 \u00e7a\u015fq\u0131nl\u0131q yarad\u0131r.<\/p>\n<p>&#8220;Az\u0259rbaycandan Nax\u00e7\u0131vana getm\u0259k \u00fc\u00e7\u00fcn \u0259vv\u0259ll\u0259r h\u0259m d\u0259mir, h\u0259m avtomobil yolu olub. Bu yol 7 metr enind\u0259 idi v\u0259 A\u011fb\u0259nd\u0259 girm\u0259d\u0259n Mincivandan ke\u00e7m\u0259kl\u0259 Qafan v\u0259 Nax\u00e7\u0131vana gedirdi. Torpaqlar\u0131m\u0131z azad edil\u0259nd\u0259n sonra Prezident \u0130lham \u018fliyev tap\u015f\u0131r\u0131q verib ki, yol A\u011fb\u0259ndd\u0259n ke\u00e7m\u0259kl\u0259 Nax\u00e7\u0131van v\u0259 \u0130stanbula getm\u0259lidir. Yolun art\u0131q 70 faizi haz\u0131rd\u0131r.<\/p>\n<div>\n<div class=\"AdviadNativeVideo\"><\/div>\n<\/div>\n<p>Fikrimiz odur ki, \u0259vv\u0259lki yol da alternativ b\u0259rpa edilsin. H\u0259min yol b\u0259rpa edildikd\u0259n sonra yeni \u00e7\u0259kil\u0259n yollar\u0131 \u00f6d\u0259ni\u015fli etm\u0259yi planla\u015fd\u0131r\u0131r\u0131q&#8221;, &#8211; S.M\u0259mm\u0259dov deyib.<\/p>\n","protected":false},"excerpt":{"rendered":"<p>Az\u0259rbaycan\u0131n \u0130ran s\u0259rh\u0259di boyu yol \u00e7\u0259km\u0259si il\u0259 ba\u011fl\u0131 yay\u0131lan m\u0259lumatlar d\u00fczg\u00fcn deyil. ARANTV.AZ\u00a0 Trend-\u0259 istinad\u0259n bildirir ki, bunu Az\u0259rbaycan Avtomobil Yollar\u0131 D\u00f6vl\u0259t Agentliyinin s\u0259dri Saleh M\u0259mm\u0259dov deyib. O bildirib ki, bu c\u00fcr m\u0259lumatlar ictimaiyy\u0259td\u0259 \u00e7a\u015fq\u0131nl\u0131q yarad\u0131r. &#8220;Az\u0259rbaycandan Nax\u00e7\u0131vana getm\u0259k \u00fc\u00e7\u00fcn \u0259vv\u0259ll\u0259r h\u0259m d\u0259mir, h\u0259m avtomobil yolu olub. Bu yol 7 metr enind\u0259 idi v\u0259 A\u011fb\u0259nd\u0259 girm\u0259d\u0259n Mincivandan ke\u00e7m\u0259kl\u0259 Qafan v\u0259 Nax\u00e7\u0131vana gedirdi. Torpaqlar\u0131m\u0131z azad edil\u0259nd\u0259n sonra Prezident \u0130lham \u018fliyev tap\u015f\u0131r\u0131q verib ki, yol A\u011fb\u0259ndd\u0259n ke\u00e7m\u0259kl\u0259 Nax\u00e7\u0131van v\u0259 \u0130stanbula getm\u0259lidir. Yolun art\u0131q 70 faizi haz\u0131rd\u0131r. Fikrimiz odur ki, \u0259vv\u0259lki yol da&hellip;<\/p>\n","protected":false},"author":2,"featured_media":442278,"comment_status":"closed","ping_status":"closed","sticky":false,"template":"","format":"standard","meta":{"om_disable_all_campaigns":false,"_monsterinsights_skip_tracking":false,"_monsterinsights_sitenote_active":false,"_monsterinsights_sitenote_note":"","_monsterinsights_sitenote_category":0},"categories":[1],"tags":[],"aioseo_notices":[],"gutentor_comment":0,"rttpg_featured_image_url":{"full":["https:\/\/arantv.az\/wp-content\/uploads\/2022\/02\/1021595.jpg",800,600,false],"landscape":["https:\/\/arantv.az\/wp-content\/uploads\/2022\/02\/1021595.jpg",800,600,false],"portraits":["https:\/\/arantv.az\/wp-content\/uploads\/2022\/02\/1021595.jpg",800,600,false],"thumbnail":["https:\/\/arantv.az\/wp-content\/uploads\/2022\/02\/1021595-500x280.jpg",500,280,true],"medium":["https:\/\/arantv.az\/wp-content\/uploads\/2022\/02\/1021595-487x365.jpg",487,365,true],"large":["https:\/\/arantv.az\/wp-content\/uploads\/2022\/02\/1021595.jpg",640,480,false],"1536x1536":["https:\/\/arantv.az\/wp-content\/uploads\/2022\/02\/1021595.jpg",800,600,false],"2048x2048":["https:\/\/arantv.az\/wp-content\/uploads\/2022\/02\/1021595.jpg",800,600,false],"post-thumbnail":["https:\/\/arantv.az\/wp-content\/uploads\/2022\/02\/1021595-240x172.jpg",240,172,true],"advps-thumb-one":["https:\/\/arantv.az\/wp-content\/uploads\/2022\/02\/1021595.jpg",800,600,false]},"rttpg_author":{"display_name":"V\u00fcsal Rafiqo\u011flu","author_link":"https:\/\/arantv.az\/?author=2"},"rttpg_comment":0,"rttpg_category":"<a href=\"https:\/\/arantv.az\/?cat=1\" rel=\"category\">C\u0259miyy\u0259t<\/a>","rttpg_excerpt":"Az\u0259rbaycan\u0131n \u0130ran s\u0259rh\u0259di boyu yol \u00e7\u0259km\u0259si il\u0259 ba\u011fl\u0131 yay\u0131lan m\u0259lumatlar d\u00fczg\u00fcn deyil. ARANTV.AZ\u00a0 Trend-\u0259 istinad\u0259n bildirir ki, bunu Az\u0259rbaycan Avtomobil Yollar\u0131 D\u00f6vl\u0259t Agentliyinin s\u0259dri Saleh M\u0259mm\u0259dov deyib. O bildirib ki, bu c\u00fcr m\u0259lumatlar ictimaiyy\u0259td\u0259 \u00e7a\u015fq\u0131nl\u0131q yarad\u0131r. &#8220;Az\u0259rbaycandan Nax\u00e7\u0131vana getm\u0259k \u00fc\u00e7\u00fcn \u0259vv\u0259ll\u0259r h\u0259m d\u0259mir, h\u0259m avtomobil yolu olub. Bu yol 7 metr enind\u0259 idi v\u0259 A\u011fb\u0259nd\u0259&hellip;","_links":{"self":[{"href":"https:\/\/arantv.az\/index.php?rest_route=\/wp\/v2\/posts\/442277"}],"collection":[{"href":"https:\/\/arantv.az\/index.php?rest_route=\/wp\/v2\/posts"}],"about":[{"href":"https:\/\/arantv.az\/index.php?rest_route=\/wp\/v2\/types\/post"}],"author":[{"embeddable":true,"href":"https:\/\/arantv.az\/index.php?rest_route=\/wp\/v2\/users\/2"}],"replies":[{"embeddable":true,"href":"https:\/\/arantv.az\/index.php?rest_route=%2Fwp%2Fv2%2Fcomments&post=442277"}],"version-history":[{"count":0,"href":"https:\/\/arantv.az\/index.php?rest_route=\/wp\/v2\/posts\/442277\/revisions"}],"wp:featuredmedia":[{"embeddable":true,"href":"https:\/\/arantv.az\/index.php?rest_route=\/wp\/v2\/media\/442278"}],"wp:attachment":[{"href":"https:\/\/arantv.az\/index.php?rest_route=%2Fwp%2Fv2%2Fmedia&parent=442277"}],"wp:term":[{"taxonomy":"category","embeddable":true,"href":"https:\/\/arantv.az\/index.php?rest_route=%2Fwp%2Fv2%2Fcategories&post=442277"},{"taxonomy":"post_tag","embeddable":true,"href":"https:\/\/arantv.az\/index.php?rest_route=%2Fwp%2Fv2%2Ftags&post=442277"}],"curies":[{"name":"wp","href":"https:\/\/api.w.org\/{rel}","templated":true}]}}