{"id":442448,"date":"2022-02-22T16:08:52","date_gmt":"2022-02-22T13:08:52","guid":{"rendered":"http:\/\/arantv.az\/?p=442448"},"modified":"2022-02-22T16:08:52","modified_gmt":"2022-02-22T13:08:52","slug":"%c9%99li-%c9%99s%c9%99dov-moldova-parlamentinin-s%c9%99dri-il%c9%99-gorusub","status":"publish","type":"post","link":"https:\/\/arantv.az\/?p=442448","title":{"rendered":"\u018fli \u018fs\u0259dov Moldova parlamentinin s\u0259dri il\u0259 g\u00f6r\u00fc\u015f\u00fcb"},"content":{"rendered":"<p>Az\u0259rbaycan Respublikas\u0131n\u0131n Ba\u015f naziri \u018fli \u018fs\u0259dov fevral\u0131n 22-d\u0259 \u00f6lk\u0259mizd\u0259 s\u0259f\u0259rd\u0259 olan Moldova Respublikas\u0131 parlamentinin s\u0259dri \u0130qor Qrosu il\u0259 g\u00f6r\u00fc\u015f\u00fcb.<\/p>\n<p><strong>ARANTV.AZ\u00a0 x\u0259b\u0259r verir ki,<\/strong>\u00a0\u00a0Nazirl\u0259r Kabinetind\u0259n\u00a0veril\u0259n x\u0259b\u0259r\u0259 g\u00f6r\u0259, g\u00f6r\u00fc\u015fd\u0259 Az\u0259rbaycan-Moldova dostluq m\u00fcnasib\u0259tl\u0259rinin m\u00fcxt\u0259lif istiqam\u0259tl\u0259rd\u0259 u\u011furla inki\u015faf etdiyi bildirilib.<\/p>\n<p>\u0130.Qrosunun s\u0259f\u0259rinin ikit\u0259r\u0259fli \u0259m\u0259kda\u015fl\u0131\u011f\u0131n d\u0259rinl\u0259\u015fm\u0259sin\u0259 t\u0259kan ver\u0259c\u0259yin\u0259 \u0259minlik ifad\u0259 edilib.<\/p>\n<p>G\u00f6r\u00fc\u015fd\u0259 h\u0259m\u00e7inin Az\u0259rbaycan il\u0259 Moldova aras\u0131nda ticar\u0259t-iqtisadi, investisiya, energetika, humanitar, m\u0259d\u0259niyy\u0259t, turizm v\u0259 dig\u0259r sah\u0259l\u0259rd\u0259 \u0259m\u0259kda\u015fl\u0131\u011f\u0131n geni\u015fl\u0259ndirilm\u0259si perspektivl\u0259ri m\u00fczakir\u0259 olunub.<\/p>\n","protected":false},"excerpt":{"rendered":"<p>Az\u0259rbaycan Respublikas\u0131n\u0131n Ba\u015f naziri \u018fli \u018fs\u0259dov fevral\u0131n 22-d\u0259 \u00f6lk\u0259mizd\u0259 s\u0259f\u0259rd\u0259 olan Moldova Respublikas\u0131 parlamentinin s\u0259dri \u0130qor Qrosu il\u0259 g\u00f6r\u00fc\u015f\u00fcb. ARANTV.AZ\u00a0 x\u0259b\u0259r verir ki,\u00a0\u00a0Nazirl\u0259r Kabinetind\u0259n\u00a0veril\u0259n x\u0259b\u0259r\u0259 g\u00f6r\u0259, g\u00f6r\u00fc\u015fd\u0259 Az\u0259rbaycan-Moldova dostluq m\u00fcnasib\u0259tl\u0259rinin m\u00fcxt\u0259lif istiqam\u0259tl\u0259rd\u0259 u\u011furla inki\u015faf etdiyi bildirilib. \u0130.Qrosunun s\u0259f\u0259rinin ikit\u0259r\u0259fli \u0259m\u0259kda\u015fl\u0131\u011f\u0131n d\u0259rinl\u0259\u015fm\u0259sin\u0259 t\u0259kan ver\u0259c\u0259yin\u0259 \u0259minlik ifad\u0259 edilib. G\u00f6r\u00fc\u015fd\u0259 h\u0259m\u00e7inin Az\u0259rbaycan il\u0259 Moldova aras\u0131nda ticar\u0259t-iqtisadi, investisiya, energetika, humanitar, m\u0259d\u0259niyy\u0259t, turizm v\u0259 dig\u0259r sah\u0259l\u0259rd\u0259 \u0259m\u0259kda\u015fl\u0131\u011f\u0131n geni\u015fl\u0259ndirilm\u0259si perspektivl\u0259ri m\u00fczakir\u0259 olunub.<\/p>\n","protected":false},"author":2,"featured_media":442449,"comment_status":"closed","ping_status":"closed","sticky":false,"template":"","format":"standard","meta":{"om_disable_all_campaigns":false,"_monsterinsights_skip_tracking":false,"_monsterinsights_sitenote_active":false,"_monsterinsights_sitenote_note":"","_monsterinsights_sitenote_category":0},"categories":[4],"tags":[],"aioseo_notices":[],"gutentor_comment":0,"rttpg_featured_image_url":{"full":["https:\/\/arantv.az\/wp-content\/uploads\/2022\/02\/8e621619164553508441296354210746789.jpg",975,540,false],"landscape":["https:\/\/arantv.az\/wp-content\/uploads\/2022\/02\/8e621619164553508441296354210746789.jpg",975,540,false],"portraits":["https:\/\/arantv.az\/wp-content\/uploads\/2022\/02\/8e621619164553508441296354210746789.jpg",975,540,false],"thumbnail":["https:\/\/arantv.az\/wp-content\/uploads\/2022\/02\/8e621619164553508441296354210746789-500x280.jpg",500,280,true],"medium":["https:\/\/arantv.az\/wp-content\/uploads\/2022\/02\/8e621619164553508441296354210746789-660x365.jpg",660,365,true],"large":["https:\/\/arantv.az\/wp-content\/uploads\/2022\/02\/8e621619164553508441296354210746789-840x465.jpg",640,354,true],"1536x1536":["https:\/\/arantv.az\/wp-content\/uploads\/2022\/02\/8e621619164553508441296354210746789.jpg",975,540,false],"2048x2048":["https:\/\/arantv.az\/wp-content\/uploads\/2022\/02\/8e621619164553508441296354210746789.jpg",975,540,false],"post-thumbnail":["https:\/\/arantv.az\/wp-content\/uploads\/2022\/02\/8e621619164553508441296354210746789-240x172.jpg",240,172,true],"advps-thumb-one":["https:\/\/arantv.az\/wp-content\/uploads\/2022\/02\/8e621619164553508441296354210746789.jpg",975,540,false]},"rttpg_author":{"display_name":"V\u00fcsal Rafiqo\u011flu","author_link":"https:\/\/arantv.az\/?author=2"},"rttpg_comment":0,"rttpg_category":"<a href=\"https:\/\/arantv.az\/?cat=4\" rel=\"category\">Siyas\u0259t<\/a>","rttpg_excerpt":"Az\u0259rbaycan Respublikas\u0131n\u0131n Ba\u015f naziri \u018fli \u018fs\u0259dov fevral\u0131n 22-d\u0259 \u00f6lk\u0259mizd\u0259 s\u0259f\u0259rd\u0259 olan Moldova Respublikas\u0131 parlamentinin s\u0259dri \u0130qor Qrosu il\u0259 g\u00f6r\u00fc\u015f\u00fcb. ARANTV.AZ\u00a0 x\u0259b\u0259r verir ki,\u00a0\u00a0Nazirl\u0259r Kabinetind\u0259n\u00a0veril\u0259n x\u0259b\u0259r\u0259 g\u00f6r\u0259, g\u00f6r\u00fc\u015fd\u0259 Az\u0259rbaycan-Moldova dostluq m\u00fcnasib\u0259tl\u0259rinin m\u00fcxt\u0259lif istiqam\u0259tl\u0259rd\u0259 u\u011furla inki\u015faf etdiyi bildirilib. \u0130.Qrosunun s\u0259f\u0259rinin ikit\u0259r\u0259fli \u0259m\u0259kda\u015fl\u0131\u011f\u0131n d\u0259rinl\u0259\u015fm\u0259sin\u0259 t\u0259kan ver\u0259c\u0259yin\u0259 \u0259minlik ifad\u0259 edilib. G\u00f6r\u00fc\u015fd\u0259 h\u0259m\u00e7inin Az\u0259rbaycan il\u0259 Moldova aras\u0131nda ticar\u0259t-iqtisadi, investisiya, energetika,&hellip;","_links":{"self":[{"href":"https:\/\/arantv.az\/index.php?rest_route=\/wp\/v2\/posts\/442448"}],"collection":[{"href":"https:\/\/arantv.az\/index.php?rest_route=\/wp\/v2\/posts"}],"about":[{"href":"https:\/\/arantv.az\/index.php?rest_route=\/wp\/v2\/types\/post"}],"author":[{"embeddable":true,"href":"https:\/\/arantv.az\/index.php?rest_route=\/wp\/v2\/users\/2"}],"replies":[{"embeddable":true,"href":"https:\/\/arantv.az\/index.php?rest_route=%2Fwp%2Fv2%2Fcomments&post=442448"}],"version-history":[{"count":0,"href":"https:\/\/arantv.az\/index.php?rest_route=\/wp\/v2\/posts\/442448\/revisions"}],"wp:featuredmedia":[{"embeddable":true,"href":"https:\/\/arantv.az\/index.php?rest_route=\/wp\/v2\/media\/442449"}],"wp:attachment":[{"href":"https:\/\/arantv.az\/index.php?rest_route=%2Fwp%2Fv2%2Fmedia&parent=442448"}],"wp:term":[{"taxonomy":"category","embeddable":true,"href":"https:\/\/arantv.az\/index.php?rest_route=%2Fwp%2Fv2%2Fcategories&post=442448"},{"taxonomy":"post_tag","embeddable":true,"href":"https:\/\/arantv.az\/index.php?rest_route=%2Fwp%2Fv2%2Ftags&post=442448"}],"curies":[{"name":"wp","href":"https:\/\/api.w.org\/{rel}","templated":true}]}}