{"id":442457,"date":"2022-02-22T16:20:04","date_gmt":"2022-02-22T13:20:04","guid":{"rendered":"http:\/\/arantv.az\/?p=442457"},"modified":"2022-02-22T16:20:04","modified_gmt":"2022-02-22T13:20:04","slug":"kisinyovda-beyn%c9%99lxalq-t%c9%99skilatlarin-numay%c9%99nd%c9%99likl%c9%99ri-onund%c9%99-xocali-soyqirimiyla-bagli-piket-kecirilib-foto","status":"publish","type":"post","link":"https:\/\/arantv.az\/?p=442457","title":{"rendered":"Ki\u015finyovda Beyn\u0259lxalq t\u0259\u015fkilatlar\u0131n n\u00fcmay\u0259nd\u0259likl\u0259ri \u00f6n\u00fcnd\u0259 Xocal\u0131 soyq\u0131r\u0131m\u0131yla ba\u011fl\u0131 piket ke\u00e7irilib &#8211; FOTO"},"content":{"rendered":"<p>Moldovada ya\u015fayan soyda\u015flar\u0131m\u0131z Xocal\u0131 soyq\u0131r\u0131m\u0131n\u0131n 30-cu ild\u00f6n\u00fcm\u00fc il\u0259 \u0259laq\u0259dar BMT v\u0259 AT\u018fT-in Moldovadak\u0131 n\u00fcmay\u0259nd\u0259likl\u0259ri \u00f6n\u00fcnd\u0259 dinc piket ke\u00e7iribl\u0259r.<\/p>\n<div class=\"AdviadNativeVideo\"><\/div>\n<p>Moldova Az\u0259rbaycanl\u0131lar\u0131 Konqresinin t\u0259\u015fkilat\u00e7\u0131l\u0131\u011f\u0131 il\u0259 ba\u015f tutan aksiya zaman\u0131 Xocal\u0131 soyq\u0131r\u0131m\u0131 qurbanlar\u0131n\u0131n \u0259ziz xatir\u0259si bir d\u0259qiq\u0259lik s\u00fckutla yad edilib. \u018fll\u0259rind\u0259 Az\u0259rbaycan v\u0259 Moldova bayraqlar\u0131n\u0131 tutan piket\u00e7il\u0259r \u201cXocal\u0131n\u0131 unutmayaca\u011f\u0131q!\u201d, \u201cXocal\u0131ya \u0259dal\u0259t!\u201d, \u201cD\u00fcnya, Xocal\u0131 soyq\u0131r\u0131m\u0131n\u0131 tan\u0131!\u201d, \u201cSoyq\u0131r\u0131m\u0131nda g\u00fcnah\u0131 olanlar c\u0259zaland\u0131r\u0131lmal\u0131d\u0131r!\u201d \u015f\u00fcarlar\u0131n\u0131n yaz\u0131ld\u0131\u011f\u0131 plakatlar n\u00fcmayi\u015f etdiribl\u0259r.<\/p>\n<p>Aksiya Heyd\u0259r \u018fliyev Fondunun vitse-prezidenti Leyla \u018fliyevan\u0131n t\u0259\u015f\u0259bb\u00fcs\u00fc il\u0259 2008-ci ild\u0259n ke\u00e7iril\u0259n \u201cXocal\u0131ya \u0259dal\u0259t\u201d beyn\u0259lxalq t\u0259bli\u011fat kampaniyas\u0131 \u00e7\u0259r\u00e7iv\u0259sind\u0259 ba\u015f tutub. Aksiyan\u0131n m\u0259qs\u0259di 1992-ci il fevral\u0131n 25-d\u0259n 26-na ke\u00e7\u0259n gec\u0259 Erm\u0259nistan silahl\u0131 birl\u0259\u015fm\u0259l\u0259rinin Sovet ordusunun Xank\u0259ndid\u0259ki 366-c\u0131 motoat\u0131c\u0131 alay\u0131n\u0131n k\u00f6m\u0259yi il\u0259 m\u0259hz az\u0259rbaycanl\u0131 olduqlar\u0131na g\u00f6r\u0259 Xocal\u0131da dinc sakinl\u0259r\u0259 qar\u015f\u0131 d\u0259h\u015f\u0259tli soyq\u0131r\u0131m\u0131 t\u00f6r\u0259tm\u0259sin\u0259 yerli ictimaiyy\u0259tin v\u0259 beyn\u0259lxalq t\u0259\u015fkilatlar\u0131n diqq\u0259tini bir daha c\u0259lb etm\u0259k olub.<\/p>\n<p>&nbsp;<\/p>\n<div class=\"gallery\">\n<div class=\"gallery-i\"><img src=\"https:\/\/cdn.oxu.az\/uploads\/W1siZiIsIjIwMjIvMDIvMjIvMTYvNDMvMzgvMjE4YWI1YTUtMzMxZC00ODE1LTk3ODktMDlhMWNiNThkNTNmLzI3NDI4MTY0NF8yMjA3NjkyNzY2MDY0MDMxXzY0OTgzNTkxNTg3MzE2Mjc2OTNfbi5qcGciXSxbInAiLCJlbmNvZGUiLCJqcGciLCItcXVhbGl0eSA4MCJdLFsicCIsInRodW1iIiwiNTkweDU5MFx1MDAzZSJdXQ?sha=1e1b5bf26a01e6b9\" alt=\"\" \/><\/p>\n<div class=\"gallery-i-caption\"><\/div>\n<\/div>\n<div class=\"gallery-i\"><img src=\"https:\/\/cdn.oxu.az\/uploads\/W1siZiIsIjIwMjIvMDIvMjIvMTYvNDMvMzgvMjY0ZjVkM2ItOGZhZS00NTU1LThkMzMtOWE0ODc0YzEwOWQyLzI3Mzg3NjY5OF85NTM3NjgwMDUyODEwNTlfMjA0MTk0MTkwNDQ1MTU5MTYxMF9uLmpwZyJdLFsicCIsImVuY29kZSIsImpwZyIsIi1xdWFsaXR5IDgwIl0sWyJwIiwidGh1bWIiLCI1OTB4NTkwXHUwMDNlIl1d?sha=cd7883f343cb65f9\" alt=\"\" \/><\/p>\n<div class=\"gallery-i-caption\"><\/div>\n<\/div>\n<div class=\"gallery-i\"><img src=\"https:\/\/cdn.oxu.az\/uploads\/W1siZiIsIjIwMjIvMDIvMjIvMTYvNDMvMzkvMzM0YzM3MTctZDc0OC00OGQ4LTlmYTktY2RlZmIxZjY5ZmZiLzI3NDExMzg2NV82MzIyMDQ1NDc4NTczNDFfMzA1Nzg0MTQxMDk4OTUzMzY2OF9uLmpwZyJdLFsicCIsImVuY29kZSIsImpwZyIsIi1xdWFsaXR5IDgwIl0sWyJwIiwidGh1bWIiLCI1OTB4NTkwXHUwMDNlIl1d?sha=d5990050ff9c4773\" alt=\"\" \/><\/p>\n<div class=\"gallery-i-caption\"><\/div>\n<\/div>\n<div class=\"gallery-i\"><img src=\"https:\/\/cdn.oxu.az\/uploads\/W1siZiIsIjIwMjIvMDIvMjIvMTYvNDMvMzkvMDUzMWRlOTctY2UzZC00ZjljLTk2M2QtOTM0MDgyZjBiMjA1LzI3NDE3ODU2M18yNzM1MDY5MjQ4NTg4MDFfNjU1NDg2MDczNTQ4MTk1NzExMF9uLmpwZyJdLFsicCIsImVuY29kZSIsImpwZyIsIi1xdWFsaXR5IDgwIl0sWyJwIiwidGh1bWIiLCI1OTB4NTkwXHUwMDNlIl1d?sha=ed38d822454bdfcb\" alt=\"\" \/><\/div>\n<\/div>\n","protected":false},"excerpt":{"rendered":"<p>Moldovada ya\u015fayan soyda\u015flar\u0131m\u0131z Xocal\u0131 soyq\u0131r\u0131m\u0131n\u0131n 30-cu ild\u00f6n\u00fcm\u00fc il\u0259 \u0259laq\u0259dar BMT v\u0259 AT\u018fT-in Moldovadak\u0131 n\u00fcmay\u0259nd\u0259likl\u0259ri \u00f6n\u00fcnd\u0259 dinc piket ke\u00e7iribl\u0259r. Moldova Az\u0259rbaycanl\u0131lar\u0131 Konqresinin t\u0259\u015fkilat\u00e7\u0131l\u0131\u011f\u0131 il\u0259 ba\u015f tutan aksiya zaman\u0131 Xocal\u0131 soyq\u0131r\u0131m\u0131 qurbanlar\u0131n\u0131n \u0259ziz xatir\u0259si bir d\u0259qiq\u0259lik s\u00fckutla yad edilib. \u018fll\u0259rind\u0259 Az\u0259rbaycan v\u0259 Moldova bayraqlar\u0131n\u0131 tutan piket\u00e7il\u0259r \u201cXocal\u0131n\u0131 unutmayaca\u011f\u0131q!\u201d, \u201cXocal\u0131ya \u0259dal\u0259t!\u201d, \u201cD\u00fcnya, Xocal\u0131 soyq\u0131r\u0131m\u0131n\u0131 tan\u0131!\u201d, \u201cSoyq\u0131r\u0131m\u0131nda g\u00fcnah\u0131 olanlar c\u0259zaland\u0131r\u0131lmal\u0131d\u0131r!\u201d \u015f\u00fcarlar\u0131n\u0131n yaz\u0131ld\u0131\u011f\u0131 plakatlar n\u00fcmayi\u015f etdiribl\u0259r. Aksiya Heyd\u0259r \u018fliyev Fondunun vitse-prezidenti Leyla \u018fliyevan\u0131n t\u0259\u015f\u0259bb\u00fcs\u00fc il\u0259 2008-ci ild\u0259n ke\u00e7iril\u0259n \u201cXocal\u0131ya \u0259dal\u0259t\u201d beyn\u0259lxalq t\u0259bli\u011fat kampaniyas\u0131 \u00e7\u0259r\u00e7iv\u0259sind\u0259 ba\u015f tutub. Aksiyan\u0131n m\u0259qs\u0259di 1992-ci il fevral\u0131n 25-d\u0259n 26-na ke\u00e7\u0259n gec\u0259&hellip;<\/p>\n","protected":false},"author":2,"featured_media":442459,"comment_status":"closed","ping_status":"closed","sticky":false,"template":"","format":"standard","meta":{"om_disable_all_campaigns":false,"_monsterinsights_skip_tracking":false,"_monsterinsights_sitenote_active":false,"_monsterinsights_sitenote_note":"","_monsterinsights_sitenote_category":0},"categories":[1],"tags":[],"aioseo_notices":[],"gutentor_comment":0,"rttpg_featured_image_url":{"full":["https:\/\/arantv.az\/wp-content\/uploads\/2022\/02\/d6f7ac4e-b569-425a-adf8-b65e7a5a5ace.jpg",620,416,false],"landscape":["https:\/\/arantv.az\/wp-content\/uploads\/2022\/02\/d6f7ac4e-b569-425a-adf8-b65e7a5a5ace.jpg",620,416,false],"portraits":["https:\/\/arantv.az\/wp-content\/uploads\/2022\/02\/d6f7ac4e-b569-425a-adf8-b65e7a5a5ace.jpg",620,416,false],"thumbnail":["https:\/\/arantv.az\/wp-content\/uploads\/2022\/02\/d6f7ac4e-b569-425a-adf8-b65e7a5a5ace-500x280.jpg",500,280,true],"medium":["https:\/\/arantv.az\/wp-content\/uploads\/2022\/02\/d6f7ac4e-b569-425a-adf8-b65e7a5a5ace-544x365.jpg",544,365,true],"large":["https:\/\/arantv.az\/wp-content\/uploads\/2022\/02\/d6f7ac4e-b569-425a-adf8-b65e7a5a5ace.jpg",620,416,false],"1536x1536":["https:\/\/arantv.az\/wp-content\/uploads\/2022\/02\/d6f7ac4e-b569-425a-adf8-b65e7a5a5ace.jpg",620,416,false],"2048x2048":["https:\/\/arantv.az\/wp-content\/uploads\/2022\/02\/d6f7ac4e-b569-425a-adf8-b65e7a5a5ace.jpg",620,416,false],"post-thumbnail":["https:\/\/arantv.az\/wp-content\/uploads\/2022\/02\/d6f7ac4e-b569-425a-adf8-b65e7a5a5ace-240x172.jpg",240,172,true],"advps-thumb-one":["https:\/\/arantv.az\/wp-content\/uploads\/2022\/02\/d6f7ac4e-b569-425a-adf8-b65e7a5a5ace.jpg",620,416,false]},"rttpg_author":{"display_name":"V\u00fcsal Rafiqo\u011flu","author_link":"https:\/\/arantv.az\/?author=2"},"rttpg_comment":0,"rttpg_category":"<a href=\"https:\/\/arantv.az\/?cat=1\" rel=\"category\">C\u0259miyy\u0259t<\/a>","rttpg_excerpt":"Moldovada ya\u015fayan soyda\u015flar\u0131m\u0131z Xocal\u0131 soyq\u0131r\u0131m\u0131n\u0131n 30-cu ild\u00f6n\u00fcm\u00fc il\u0259 \u0259laq\u0259dar BMT v\u0259 AT\u018fT-in Moldovadak\u0131 n\u00fcmay\u0259nd\u0259likl\u0259ri \u00f6n\u00fcnd\u0259 dinc piket ke\u00e7iribl\u0259r. Moldova Az\u0259rbaycanl\u0131lar\u0131 Konqresinin t\u0259\u015fkilat\u00e7\u0131l\u0131\u011f\u0131 il\u0259 ba\u015f tutan aksiya zaman\u0131 Xocal\u0131 soyq\u0131r\u0131m\u0131 qurbanlar\u0131n\u0131n \u0259ziz xatir\u0259si bir d\u0259qiq\u0259lik s\u00fckutla yad edilib. \u018fll\u0259rind\u0259 Az\u0259rbaycan v\u0259 Moldova bayraqlar\u0131n\u0131 tutan piket\u00e7il\u0259r \u201cXocal\u0131n\u0131 unutmayaca\u011f\u0131q!\u201d, \u201cXocal\u0131ya \u0259dal\u0259t!\u201d, \u201cD\u00fcnya, Xocal\u0131 soyq\u0131r\u0131m\u0131n\u0131 tan\u0131!\u201d, \u201cSoyq\u0131r\u0131m\u0131nda g\u00fcnah\u0131 olanlar&hellip;","_links":{"self":[{"href":"https:\/\/arantv.az\/index.php?rest_route=\/wp\/v2\/posts\/442457"}],"collection":[{"href":"https:\/\/arantv.az\/index.php?rest_route=\/wp\/v2\/posts"}],"about":[{"href":"https:\/\/arantv.az\/index.php?rest_route=\/wp\/v2\/types\/post"}],"author":[{"embeddable":true,"href":"https:\/\/arantv.az\/index.php?rest_route=\/wp\/v2\/users\/2"}],"replies":[{"embeddable":true,"href":"https:\/\/arantv.az\/index.php?rest_route=%2Fwp%2Fv2%2Fcomments&post=442457"}],"version-history":[{"count":0,"href":"https:\/\/arantv.az\/index.php?rest_route=\/wp\/v2\/posts\/442457\/revisions"}],"wp:featuredmedia":[{"embeddable":true,"href":"https:\/\/arantv.az\/index.php?rest_route=\/wp\/v2\/media\/442459"}],"wp:attachment":[{"href":"https:\/\/arantv.az\/index.php?rest_route=%2Fwp%2Fv2%2Fmedia&parent=442457"}],"wp:term":[{"taxonomy":"category","embeddable":true,"href":"https:\/\/arantv.az\/index.php?rest_route=%2Fwp%2Fv2%2Fcategories&post=442457"},{"taxonomy":"post_tag","embeddable":true,"href":"https:\/\/arantv.az\/index.php?rest_route=%2Fwp%2Fv2%2Ftags&post=442457"}],"curies":[{"name":"wp","href":"https:\/\/api.w.org\/{rel}","templated":true}]}}