{"id":442465,"date":"2022-02-22T17:31:48","date_gmt":"2022-02-22T14:31:48","guid":{"rendered":"http:\/\/arantv.az\/?p=442465"},"modified":"2022-02-22T17:31:48","modified_gmt":"2022-02-22T14:31:48","slug":"srebrenitsa-faci%c9%99sinin-qurbanlarinin-t%c9%99msil-olundugu-qht-l%c9%99r-az%c9%99rbaycana-s%c9%99f%c9%99r%c9%99-g%c9%99lir","status":"publish","type":"post","link":"https:\/\/arantv.az\/?p=442465","title":{"rendered":"Srebrenitsa faci\u0259sinin qurbanlar\u0131n\u0131n t\u0259msil olundu\u011fu QHT-l\u0259r Az\u0259rbaycana s\u0259f\u0259r\u0259 g\u0259lir"},"content":{"rendered":"<p>23-28 Fevral 2022-ci il tarixl\u0259rind\u0259 Az\u0259rbaycan Respublikas\u0131n\u0131n Qeyri-H\u00f6kum\u0259t T\u0259\u015fkilatlar\u0131na D\u00f6vl\u0259t D\u0259st\u0259yi Agentliyinin d\u0259v\u0259ti il\u0259 Bosniya v\u0259 Herseqovinan\u0131 t\u0259msil ed\u0259n QHT n\u00fcmay\u0259nd\u0259l\u0259ri Az\u0259rbaycana s\u0259f\u0259r ed\u0259c\u0259kl\u0259r.<\/p>\n<p><strong>Oxu.Az<\/strong>-a veril\u0259n m\u0259lumata g\u00f6r\u0259, s\u0259f\u0259r \u00e7\u0259r\u00e7iv\u0259sind\u0259 qonaqlar Xocal\u0131 faci\u0259sinin 30 illiiyi il\u0259 \u0259laq\u0259dar t\u0259dbirl\u0259r\u0259 qat\u0131lacaq, m\u00fcxt\u0259lif QHT-l\u0259rl\u0259 g\u00f6r\u00fc\u015f ke\u00e7ir\u0259c\u0259kl\u0259r.<\/p>\n<p>Eyni zamanda Srebrenitsa QHT-l\u0259rinin t\u0259msil olundu\u011fu n\u00fcmay\u0259nd\u0259l\u0259rin i\u015f\u011faldan azad olunmu\u015f \u0259razil\u0259r\u0259 d\u0259 s\u0259f\u0259ri n\u0259z\u0259rd\u0259 tutulub.<\/p>\n","protected":false},"excerpt":{"rendered":"<p>23-28 Fevral 2022-ci il tarixl\u0259rind\u0259 Az\u0259rbaycan Respublikas\u0131n\u0131n Qeyri-H\u00f6kum\u0259t T\u0259\u015fkilatlar\u0131na D\u00f6vl\u0259t D\u0259st\u0259yi Agentliyinin d\u0259v\u0259ti il\u0259 Bosniya v\u0259 Herseqovinan\u0131 t\u0259msil ed\u0259n QHT n\u00fcmay\u0259nd\u0259l\u0259ri Az\u0259rbaycana s\u0259f\u0259r ed\u0259c\u0259kl\u0259r. Oxu.Az-a veril\u0259n m\u0259lumata g\u00f6r\u0259, s\u0259f\u0259r \u00e7\u0259r\u00e7iv\u0259sind\u0259 qonaqlar Xocal\u0131 faci\u0259sinin 30 illiiyi il\u0259 \u0259laq\u0259dar t\u0259dbirl\u0259r\u0259 qat\u0131lacaq, m\u00fcxt\u0259lif QHT-l\u0259rl\u0259 g\u00f6r\u00fc\u015f ke\u00e7ir\u0259c\u0259kl\u0259r. Eyni zamanda Srebrenitsa QHT-l\u0259rinin t\u0259msil olundu\u011fu n\u00fcmay\u0259nd\u0259l\u0259rin i\u015f\u011faldan azad olunmu\u015f \u0259razil\u0259r\u0259 d\u0259 s\u0259f\u0259ri n\u0259z\u0259rd\u0259 tutulub.<\/p>\n","protected":false},"author":2,"featured_media":442466,"comment_status":"closed","ping_status":"closed","sticky":false,"template":"","format":"standard","meta":{"om_disable_all_campaigns":false,"_monsterinsights_skip_tracking":false,"_monsterinsights_sitenote_active":false,"_monsterinsights_sitenote_note":"","_monsterinsights_sitenote_category":0},"categories":[4],"tags":[],"aioseo_notices":[],"gutentor_comment":0,"rttpg_featured_image_url":{"full":["https:\/\/arantv.az\/wp-content\/uploads\/2022\/02\/FotoJet-2022-02-22T175356.515.jpg",620,413,false],"landscape":["https:\/\/arantv.az\/wp-content\/uploads\/2022\/02\/FotoJet-2022-02-22T175356.515.jpg",620,413,false],"portraits":["https:\/\/arantv.az\/wp-content\/uploads\/2022\/02\/FotoJet-2022-02-22T175356.515.jpg",620,413,false],"thumbnail":["https:\/\/arantv.az\/wp-content\/uploads\/2022\/02\/FotoJet-2022-02-22T175356.515-500x280.jpg",500,280,true],"medium":["https:\/\/arantv.az\/wp-content\/uploads\/2022\/02\/FotoJet-2022-02-22T175356.515-548x365.jpg",548,365,true],"large":["https:\/\/arantv.az\/wp-content\/uploads\/2022\/02\/FotoJet-2022-02-22T175356.515.jpg",620,413,false],"1536x1536":["https:\/\/arantv.az\/wp-content\/uploads\/2022\/02\/FotoJet-2022-02-22T175356.515.jpg",620,413,false],"2048x2048":["https:\/\/arantv.az\/wp-content\/uploads\/2022\/02\/FotoJet-2022-02-22T175356.515.jpg",620,413,false],"post-thumbnail":["https:\/\/arantv.az\/wp-content\/uploads\/2022\/02\/FotoJet-2022-02-22T175356.515-240x172.jpg",240,172,true],"advps-thumb-one":["https:\/\/arantv.az\/wp-content\/uploads\/2022\/02\/FotoJet-2022-02-22T175356.515.jpg",620,413,false]},"rttpg_author":{"display_name":"V\u00fcsal Rafiqo\u011flu","author_link":"https:\/\/arantv.az\/?author=2"},"rttpg_comment":0,"rttpg_category":"<a href=\"https:\/\/arantv.az\/?cat=4\" rel=\"category\">Siyas\u0259t<\/a>","rttpg_excerpt":"23-28 Fevral 2022-ci il tarixl\u0259rind\u0259 Az\u0259rbaycan Respublikas\u0131n\u0131n Qeyri-H\u00f6kum\u0259t T\u0259\u015fkilatlar\u0131na D\u00f6vl\u0259t D\u0259st\u0259yi Agentliyinin d\u0259v\u0259ti il\u0259 Bosniya v\u0259 Herseqovinan\u0131 t\u0259msil ed\u0259n QHT n\u00fcmay\u0259nd\u0259l\u0259ri Az\u0259rbaycana s\u0259f\u0259r ed\u0259c\u0259kl\u0259r. Oxu.Az-a veril\u0259n m\u0259lumata g\u00f6r\u0259, s\u0259f\u0259r \u00e7\u0259r\u00e7iv\u0259sind\u0259 qonaqlar Xocal\u0131 faci\u0259sinin 30 illiiyi il\u0259 \u0259laq\u0259dar t\u0259dbirl\u0259r\u0259 qat\u0131lacaq, m\u00fcxt\u0259lif QHT-l\u0259rl\u0259 g\u00f6r\u00fc\u015f ke\u00e7ir\u0259c\u0259kl\u0259r. Eyni zamanda Srebrenitsa QHT-l\u0259rinin t\u0259msil olundu\u011fu n\u00fcmay\u0259nd\u0259l\u0259rin i\u015f\u011faldan azad olunmu\u015f \u0259razil\u0259r\u0259 d\u0259&hellip;","_links":{"self":[{"href":"https:\/\/arantv.az\/index.php?rest_route=\/wp\/v2\/posts\/442465"}],"collection":[{"href":"https:\/\/arantv.az\/index.php?rest_route=\/wp\/v2\/posts"}],"about":[{"href":"https:\/\/arantv.az\/index.php?rest_route=\/wp\/v2\/types\/post"}],"author":[{"embeddable":true,"href":"https:\/\/arantv.az\/index.php?rest_route=\/wp\/v2\/users\/2"}],"replies":[{"embeddable":true,"href":"https:\/\/arantv.az\/index.php?rest_route=%2Fwp%2Fv2%2Fcomments&post=442465"}],"version-history":[{"count":0,"href":"https:\/\/arantv.az\/index.php?rest_route=\/wp\/v2\/posts\/442465\/revisions"}],"wp:featuredmedia":[{"embeddable":true,"href":"https:\/\/arantv.az\/index.php?rest_route=\/wp\/v2\/media\/442466"}],"wp:attachment":[{"href":"https:\/\/arantv.az\/index.php?rest_route=%2Fwp%2Fv2%2Fmedia&parent=442465"}],"wp:term":[{"taxonomy":"category","embeddable":true,"href":"https:\/\/arantv.az\/index.php?rest_route=%2Fwp%2Fv2%2Fcategories&post=442465"},{"taxonomy":"post_tag","embeddable":true,"href":"https:\/\/arantv.az\/index.php?rest_route=%2Fwp%2Fv2%2Ftags&post=442465"}],"curies":[{"name":"wp","href":"https:\/\/api.w.org\/{rel}","templated":true}]}}