{"id":442475,"date":"2022-02-22T17:36:04","date_gmt":"2022-02-22T14:36:04","guid":{"rendered":"http:\/\/arantv.az\/?p=442475"},"modified":"2022-02-22T17:36:04","modified_gmt":"2022-02-22T14:36:04","slug":"itkin-dusduyu-bildiril%c9%99n-v%c9%99t%c9%99n-muharib%c9%99si-istirakcisi-saxlanilib-foto","status":"publish","type":"post","link":"https:\/\/arantv.az\/?p=442475","title":{"rendered":"\u0130tkin d\u00fc\u015fd\u00fcy\u00fc bildiril\u0259n V\u0259t\u0259n m\u00fcharib\u0259si i\u015ftirak\u00e7\u0131s\u0131 saxlan\u0131l\u0131b &#8211; FOTO"},"content":{"rendered":"<p>Salyanda itkin d\u00fc\u015fd\u00fcy\u00fc bildiril\u0259n V\u0259t\u0259n m\u00fcharib\u0259si i\u015ftirak\u00e7\u0131s\u0131 saxlan\u0131l\u0131b.<\/p>\n<p>Daxili \u0130\u015fl\u0259r Nazirliyinin M\u0259tbuat Xidm\u0259tinin \u015eirvan regional qrupunun ba\u015f inspektoru\u00a0polis ba\u015f leytenant\u0131 Nizam H\u0259midov bu bar\u0259d\u0259\u00a0Oxu.Az<strong>&#8211;<\/strong>\u0131n sor\u011fusuna cavab olaraq bildirib.<\/p>\n<div class=\"AdviadNativeVideo\"><\/div>\n<p>Onun s\u00f6zl\u0259rin\u0259 g\u00f6r\u0259, Kamran Dada\u015fzad\u0259nin itkin d\u00fc\u015fm\u0259si il\u0259 ba\u011fl\u0131 m\u0259lumat h\u0259qiq\u0259ti \u0259ks etdirmir:<\/p>\n<p>\u201cK.Dada\u015fzad\u0259 narkotik vasit\u0259l\u0259rin qanunsuz d\u00f6vriyy\u0259sind\u0259 \u015f\u00fcbh\u0259li bilindiyi \u00fc\u00e7\u00fcn Bak\u0131 \u015f\u0259h\u0259ri \u0259razisind\u0259 saxlan\u0131l\u0131b. \u00dcz\u0259rin\u0259 ke\u00e7iril\u0259n bax\u0131\u015f zaman\u0131 ondan narkotik vasit\u0259 a\u015fkarlan\u0131b.\u00a0H\u0259min \u015f\u0259xs bar\u0259sind\u0259 toplanm\u0131\u015f materiallar m\u0259hk\u0259m\u0259y\u0259 g\u00f6nd\u0259rilib v\u0259 m\u0259hk\u0259m\u0259nin q\u0259rar\u0131 il\u0259 K.Dada\u015fzad\u0259 30 sutka inzibati qaydada h\u0259bs edilib\u201d.<\/p>\n<p>&nbsp;<\/p>\n<div class=\"gallery\">\n<div class=\"gallery-i\"><img src=\"https:\/\/cdn.oxu.az\/uploads\/W1siZiIsIjIwMjIvMDIvMjIvMTcvMzgvMTAvZjIwNWY4ZTMtY2M0Zi00MDYxLTg1MGYtMjRiODA4ZDViNjJhLzI3NDE1MzI2Nl8yOTIyMjkyMjQxMzI2NDc1XzIxMDQzMjA5MjA4NjcxNDM1NDBfbi5qcGciXSxbInAiLCJlbmNvZGUiLCJqcGciLCItcXVhbGl0eSA4MCJdLFsicCIsInRodW1iIiwiNTkweDU5MFx1MDAzZSJdXQ?sha=a07b6b355cb628c0\" alt=\"\" \/><\/p>\n<div class=\"gallery-i-caption\"><\/div>\n<\/div>\n<div class=\"gallery-i\"><img src=\"https:\/\/cdn.oxu.az\/uploads\/W1siZiIsIjIwMjIvMDIvMjIvMTcvMzgvMTAvMmZmM2U0MmMtOGNmZi00ZDhjLTkxNGYtZmExMjk0OTVhNTMwLzI3NDUzNTcwNl8yOTIyMjgyNDcxMzI3NDUyXzU4MDc5MDgwOTgyNjQ3Njc5MDVfbi5qcGciXSxbInAiLCJlbmNvZGUiLCJqcGciLCItcXVhbGl0eSA4MCJdLFsicCIsInRodW1iIiwiNTkweDU5MFx1MDAzZSJdXQ?sha=668b8c2c327f16c7\" alt=\"\" \/><\/div>\n<\/div>\n","protected":false},"excerpt":{"rendered":"<p>Salyanda itkin d\u00fc\u015fd\u00fcy\u00fc bildiril\u0259n V\u0259t\u0259n m\u00fcharib\u0259si i\u015ftirak\u00e7\u0131s\u0131 saxlan\u0131l\u0131b. Daxili \u0130\u015fl\u0259r Nazirliyinin M\u0259tbuat Xidm\u0259tinin \u015eirvan regional qrupunun ba\u015f inspektoru\u00a0polis ba\u015f leytenant\u0131 Nizam H\u0259midov bu bar\u0259d\u0259\u00a0Oxu.Az&#8211;\u0131n sor\u011fusuna cavab olaraq bildirib. Onun s\u00f6zl\u0259rin\u0259 g\u00f6r\u0259, Kamran Dada\u015fzad\u0259nin itkin d\u00fc\u015fm\u0259si il\u0259 ba\u011fl\u0131 m\u0259lumat h\u0259qiq\u0259ti \u0259ks etdirmir: \u201cK.Dada\u015fzad\u0259 narkotik vasit\u0259l\u0259rin qanunsuz d\u00f6vriyy\u0259sind\u0259 \u015f\u00fcbh\u0259li bilindiyi \u00fc\u00e7\u00fcn Bak\u0131 \u015f\u0259h\u0259ri \u0259razisind\u0259 saxlan\u0131l\u0131b. \u00dcz\u0259rin\u0259 ke\u00e7iril\u0259n bax\u0131\u015f zaman\u0131 ondan narkotik vasit\u0259 a\u015fkarlan\u0131b.\u00a0H\u0259min \u015f\u0259xs bar\u0259sind\u0259 toplanm\u0131\u015f materiallar m\u0259hk\u0259m\u0259y\u0259 g\u00f6nd\u0259rilib v\u0259 m\u0259hk\u0259m\u0259nin q\u0259rar\u0131 il\u0259 K.Dada\u015fzad\u0259 30 sutka inzibati qaydada h\u0259bs edilib\u201d. &nbsp;<\/p>\n","protected":false},"author":2,"featured_media":442476,"comment_status":"closed","ping_status":"closed","sticky":false,"template":"","format":"standard","meta":{"om_disable_all_campaigns":false,"_monsterinsights_skip_tracking":false,"_monsterinsights_sitenote_active":false,"_monsterinsights_sitenote_note":"","_monsterinsights_sitenote_category":0},"categories":[1],"tags":[],"aioseo_notices":[],"gutentor_comment":0,"rttpg_featured_image_url":{"full":["https:\/\/arantv.az\/wp-content\/uploads\/2022\/02\/fbea9428-f434-42cb-9a53-04fa25d52220.jpg",620,416,false],"landscape":["https:\/\/arantv.az\/wp-content\/uploads\/2022\/02\/fbea9428-f434-42cb-9a53-04fa25d52220.jpg",620,416,false],"portraits":["https:\/\/arantv.az\/wp-content\/uploads\/2022\/02\/fbea9428-f434-42cb-9a53-04fa25d52220.jpg",620,416,false],"thumbnail":["https:\/\/arantv.az\/wp-content\/uploads\/2022\/02\/fbea9428-f434-42cb-9a53-04fa25d52220-500x280.jpg",500,280,true],"medium":["https:\/\/arantv.az\/wp-content\/uploads\/2022\/02\/fbea9428-f434-42cb-9a53-04fa25d52220-544x365.jpg",544,365,true],"large":["https:\/\/arantv.az\/wp-content\/uploads\/2022\/02\/fbea9428-f434-42cb-9a53-04fa25d52220.jpg",620,416,false],"1536x1536":["https:\/\/arantv.az\/wp-content\/uploads\/2022\/02\/fbea9428-f434-42cb-9a53-04fa25d52220.jpg",620,416,false],"2048x2048":["https:\/\/arantv.az\/wp-content\/uploads\/2022\/02\/fbea9428-f434-42cb-9a53-04fa25d52220.jpg",620,416,false],"post-thumbnail":["https:\/\/arantv.az\/wp-content\/uploads\/2022\/02\/fbea9428-f434-42cb-9a53-04fa25d52220-240x172.jpg",240,172,true],"advps-thumb-one":["https:\/\/arantv.az\/wp-content\/uploads\/2022\/02\/fbea9428-f434-42cb-9a53-04fa25d52220.jpg",620,416,false]},"rttpg_author":{"display_name":"V\u00fcsal Rafiqo\u011flu","author_link":"https:\/\/arantv.az\/?author=2"},"rttpg_comment":0,"rttpg_category":"<a href=\"https:\/\/arantv.az\/?cat=1\" rel=\"category\">C\u0259miyy\u0259t<\/a>","rttpg_excerpt":"Salyanda itkin d\u00fc\u015fd\u00fcy\u00fc bildiril\u0259n V\u0259t\u0259n m\u00fcharib\u0259si i\u015ftirak\u00e7\u0131s\u0131 saxlan\u0131l\u0131b. Daxili \u0130\u015fl\u0259r Nazirliyinin M\u0259tbuat Xidm\u0259tinin \u015eirvan regional qrupunun ba\u015f inspektoru\u00a0polis ba\u015f leytenant\u0131 Nizam H\u0259midov bu bar\u0259d\u0259\u00a0Oxu.Az&#8211;\u0131n sor\u011fusuna cavab olaraq bildirib. Onun s\u00f6zl\u0259rin\u0259 g\u00f6r\u0259, Kamran Dada\u015fzad\u0259nin itkin d\u00fc\u015fm\u0259si il\u0259 ba\u011fl\u0131 m\u0259lumat h\u0259qiq\u0259ti \u0259ks etdirmir: \u201cK.Dada\u015fzad\u0259 narkotik vasit\u0259l\u0259rin qanunsuz d\u00f6vriyy\u0259sind\u0259 \u015f\u00fcbh\u0259li bilindiyi \u00fc\u00e7\u00fcn Bak\u0131 \u015f\u0259h\u0259ri \u0259razisind\u0259 saxlan\u0131l\u0131b. \u00dcz\u0259rin\u0259 ke\u00e7iril\u0259n&hellip;","_links":{"self":[{"href":"https:\/\/arantv.az\/index.php?rest_route=\/wp\/v2\/posts\/442475"}],"collection":[{"href":"https:\/\/arantv.az\/index.php?rest_route=\/wp\/v2\/posts"}],"about":[{"href":"https:\/\/arantv.az\/index.php?rest_route=\/wp\/v2\/types\/post"}],"author":[{"embeddable":true,"href":"https:\/\/arantv.az\/index.php?rest_route=\/wp\/v2\/users\/2"}],"replies":[{"embeddable":true,"href":"https:\/\/arantv.az\/index.php?rest_route=%2Fwp%2Fv2%2Fcomments&post=442475"}],"version-history":[{"count":0,"href":"https:\/\/arantv.az\/index.php?rest_route=\/wp\/v2\/posts\/442475\/revisions"}],"wp:featuredmedia":[{"embeddable":true,"href":"https:\/\/arantv.az\/index.php?rest_route=\/wp\/v2\/media\/442476"}],"wp:attachment":[{"href":"https:\/\/arantv.az\/index.php?rest_route=%2Fwp%2Fv2%2Fmedia&parent=442475"}],"wp:term":[{"taxonomy":"category","embeddable":true,"href":"https:\/\/arantv.az\/index.php?rest_route=%2Fwp%2Fv2%2Fcategories&post=442475"},{"taxonomy":"post_tag","embeddable":true,"href":"https:\/\/arantv.az\/index.php?rest_route=%2Fwp%2Fv2%2Ftags&post=442475"}],"curies":[{"name":"wp","href":"https:\/\/api.w.org\/{rel}","templated":true}]}}