{"id":442493,"date":"2022-02-22T20:10:03","date_gmt":"2022-02-22T17:10:03","guid":{"rendered":"http:\/\/arantv.az\/?p=442493"},"modified":"2022-02-22T20:10:03","modified_gmt":"2022-02-22T17:10:03","slug":"ucarda-65-yasli-kisi-intihar-edib","status":"publish","type":"post","link":"https:\/\/arantv.az\/?p=442493","title":{"rendered":"Ucarda 65 ya\u015fl\u0131 ki\u015fi intihar edib"},"content":{"rendered":"<p>Ucarda intihar hadis\u0259si ba\u015f verib.<\/p>\n<p>APA x\u0259b\u0259r verir ki, bu g\u00fcn ax\u015fam saatlar\u0131nda Ucar\u0131n Sad\u0131q Qarayev k\u00fc\u00e7\u0259sind\u0259 ya\u015fayan, 1957-ci il t\u0259v\u0259ll\u00fcdl\u00fc C\u0259f\u0259r \u0130sg\u0259nd\u0259r o\u011flu \u0130sg\u0259nd\u0259rov ya\u015fad\u0131\u011f\u0131 evin h\u0259y\u0259tind\u0259ki art\u0131rmadan \u00f6z\u00fcn\u00fc asaraq intihar edib.<\/p>\n<p>Meyit m\u00fcayin\u0259 olunmaq \u00fc\u00e7\u00fcn M\u0259hk\u0259m\u0259-Tibbi Ekspertiza v\u0259 Patoloji Anatomiya Birliyinin Ucar Rayon \u015e\u00f6b\u0259sin\u0259 t\u0259hvil verilib. \u0130ntihar\u0131n hans\u0131 s\u0259b\u0259bd\u0259n ba\u015f verm\u0259si h\u0259l\u0259lik m\u0259lum deyil.<\/p>\n<p>Faktla ba\u011fl\u0131 rayon prokurorlu\u011funda ara\u015fd\u0131rma apar\u0131l\u0131r.<\/p>\n","protected":false},"excerpt":{"rendered":"<p>Ucarda intihar hadis\u0259si ba\u015f verib. APA x\u0259b\u0259r verir ki, bu g\u00fcn ax\u015fam saatlar\u0131nda Ucar\u0131n Sad\u0131q Qarayev k\u00fc\u00e7\u0259sind\u0259 ya\u015fayan, 1957-ci il t\u0259v\u0259ll\u00fcdl\u00fc C\u0259f\u0259r \u0130sg\u0259nd\u0259r o\u011flu \u0130sg\u0259nd\u0259rov ya\u015fad\u0131\u011f\u0131 evin h\u0259y\u0259tind\u0259ki art\u0131rmadan \u00f6z\u00fcn\u00fc asaraq intihar edib. Meyit m\u00fcayin\u0259 olunmaq \u00fc\u00e7\u00fcn M\u0259hk\u0259m\u0259-Tibbi Ekspertiza v\u0259 Patoloji Anatomiya Birliyinin Ucar Rayon \u015e\u00f6b\u0259sin\u0259 t\u0259hvil verilib. \u0130ntihar\u0131n hans\u0131 s\u0259b\u0259bd\u0259n ba\u015f verm\u0259si h\u0259l\u0259lik m\u0259lum deyil. Faktla ba\u011fl\u0131 rayon prokurorlu\u011funda ara\u015fd\u0131rma apar\u0131l\u0131r.<\/p>\n","protected":false},"author":2,"featured_media":425158,"comment_status":"closed","ping_status":"closed","sticky":false,"template":"","format":"standard","meta":{"om_disable_all_campaigns":false,"_monsterinsights_skip_tracking":false,"_monsterinsights_sitenote_active":false,"_monsterinsights_sitenote_note":"","_monsterinsights_sitenote_category":0},"categories":[5],"tags":[],"aioseo_notices":[],"gutentor_comment":0,"rttpg_featured_image_url":{"full":["https:\/\/arantv.az\/wp-content\/uploads\/2022\/01\/intihar_27378556.jpg",750,499,false],"landscape":["https:\/\/arantv.az\/wp-content\/uploads\/2022\/01\/intihar_27378556.jpg",750,499,false],"portraits":["https:\/\/arantv.az\/wp-content\/uploads\/2022\/01\/intihar_27378556.jpg",750,499,false],"thumbnail":["https:\/\/arantv.az\/wp-content\/uploads\/2022\/01\/intihar_27378556-500x280.jpg",500,280,true],"medium":["https:\/\/arantv.az\/wp-content\/uploads\/2022\/01\/intihar_27378556-549x365.jpg",549,365,true],"large":["https:\/\/arantv.az\/wp-content\/uploads\/2022\/01\/intihar_27378556.jpg",640,426,false],"1536x1536":["https:\/\/arantv.az\/wp-content\/uploads\/2022\/01\/intihar_27378556.jpg",750,499,false],"2048x2048":["https:\/\/arantv.az\/wp-content\/uploads\/2022\/01\/intihar_27378556.jpg",750,499,false],"post-thumbnail":["https:\/\/arantv.az\/wp-content\/uploads\/2022\/01\/intihar_27378556-240x172.jpg",240,172,true],"advps-thumb-one":["https:\/\/arantv.az\/wp-content\/uploads\/2022\/01\/intihar_27378556.jpg",750,499,false]},"rttpg_author":{"display_name":"V\u00fcsal Rafiqo\u011flu","author_link":"https:\/\/arantv.az\/?author=2"},"rttpg_comment":0,"rttpg_category":"<a href=\"https:\/\/arantv.az\/?cat=5\" rel=\"category\">Hadis\u0259<\/a>","rttpg_excerpt":"Ucarda intihar hadis\u0259si ba\u015f verib. APA x\u0259b\u0259r verir ki, bu g\u00fcn ax\u015fam saatlar\u0131nda Ucar\u0131n Sad\u0131q Qarayev k\u00fc\u00e7\u0259sind\u0259 ya\u015fayan, 1957-ci il t\u0259v\u0259ll\u00fcdl\u00fc C\u0259f\u0259r \u0130sg\u0259nd\u0259r o\u011flu \u0130sg\u0259nd\u0259rov ya\u015fad\u0131\u011f\u0131 evin h\u0259y\u0259tind\u0259ki art\u0131rmadan \u00f6z\u00fcn\u00fc asaraq intihar edib. Meyit m\u00fcayin\u0259 olunmaq \u00fc\u00e7\u00fcn M\u0259hk\u0259m\u0259-Tibbi Ekspertiza v\u0259 Patoloji Anatomiya Birliyinin Ucar Rayon \u015e\u00f6b\u0259sin\u0259 t\u0259hvil verilib. \u0130ntihar\u0131n hans\u0131 s\u0259b\u0259bd\u0259n ba\u015f verm\u0259si h\u0259l\u0259lik m\u0259lum&hellip;","_links":{"self":[{"href":"https:\/\/arantv.az\/index.php?rest_route=\/wp\/v2\/posts\/442493"}],"collection":[{"href":"https:\/\/arantv.az\/index.php?rest_route=\/wp\/v2\/posts"}],"about":[{"href":"https:\/\/arantv.az\/index.php?rest_route=\/wp\/v2\/types\/post"}],"author":[{"embeddable":true,"href":"https:\/\/arantv.az\/index.php?rest_route=\/wp\/v2\/users\/2"}],"replies":[{"embeddable":true,"href":"https:\/\/arantv.az\/index.php?rest_route=%2Fwp%2Fv2%2Fcomments&post=442493"}],"version-history":[{"count":0,"href":"https:\/\/arantv.az\/index.php?rest_route=\/wp\/v2\/posts\/442493\/revisions"}],"wp:featuredmedia":[{"embeddable":true,"href":"https:\/\/arantv.az\/index.php?rest_route=\/wp\/v2\/media\/425158"}],"wp:attachment":[{"href":"https:\/\/arantv.az\/index.php?rest_route=%2Fwp%2Fv2%2Fmedia&parent=442493"}],"wp:term":[{"taxonomy":"category","embeddable":true,"href":"https:\/\/arantv.az\/index.php?rest_route=%2Fwp%2Fv2%2Fcategories&post=442493"},{"taxonomy":"post_tag","embeddable":true,"href":"https:\/\/arantv.az\/index.php?rest_route=%2Fwp%2Fv2%2Ftags&post=442493"}],"curies":[{"name":"wp","href":"https:\/\/api.w.org\/{rel}","templated":true}]}}