{"id":442497,"date":"2022-02-22T20:12:51","date_gmt":"2022-02-22T17:12:51","guid":{"rendered":"http:\/\/arantv.az\/?p=442497"},"modified":"2022-02-22T20:12:51","modified_gmt":"2022-02-22T17:12:51","slug":"ilham-%c9%99liyev-v%c9%99-vladimir-putinin-birg%c9%99-m%c9%99tbuat-konfransi-video","status":"publish","type":"post","link":"https:\/\/arantv.az\/?p=442497","title":{"rendered":"\u0130lham \u018fliyev v\u0259 Vladimir Putinin birg\u0259 m\u0259tbuat konfrans\u0131 &#8211; V\u0130DEO"},"content":{"rendered":"<article class=\"news\">\n<div class=\"news-inner\">\n<p>Rusiyada r\u0259smi s\u0259f\u0259rd\u0259 olan Az\u0259rbaycan Respublikas\u0131n\u0131n Prezidenti \u0130lham \u018fliyevin fevral\u0131n 22-d\u0259 Vladimir Putinl\u0259 t\u0259kb\u0259t\u0259k g\u00f6r\u00fc\u015f\u00fc olub.<\/p>\n<div class=\"AdviadNativeVideo\"><\/div>\n<p>G\u00f6r\u00fc\u015fd\u0259 d\u00f6vl\u0259t ba\u015f\u00e7\u0131lar\u0131 qar\u015f\u0131l\u0131ql\u0131 \u0259m\u0259kda\u015fl\u0131q m\u0259s\u0259l\u0259l\u0259rini m\u00fczakir\u0259 edibl\u0259r.<\/p>\n<p>Daha sonra m\u0259tbuat qar\u015f\u0131s\u0131na \u00e7\u0131xan h\u0259r iki \u00f6lk\u0259nin liderl\u0259ri suallar\u0131 cavabland\u0131r\u0131blar.<\/p>\n<p>\u0130lham \u018fliyev v\u0259 Vladimir Putinin birg\u0259 m\u0259tbuat konfrans\u0131n\u0131n g\u00f6r\u00fcnt\u00fcl\u0259rini t\u0259qdim edirik:<\/p>\n<div><iframe loading=\"lazy\" title=\"YouTube video player\" src=\"https:\/\/www.youtube.com\/embed\/GBeN0xZ-n-0\" width=\"560\" height=\"315\" frameborder=\"0\" allowfullscreen=\"allowfullscreen\" data-mce-fragment=\"1\"><\/iframe><\/div>\n<\/div>\n<\/article>\n","protected":false},"excerpt":{"rendered":"<p>Rusiyada r\u0259smi s\u0259f\u0259rd\u0259 olan Az\u0259rbaycan Respublikas\u0131n\u0131n Prezidenti \u0130lham \u018fliyevin fevral\u0131n 22-d\u0259 Vladimir Putinl\u0259 t\u0259kb\u0259t\u0259k g\u00f6r\u00fc\u015f\u00fc olub. G\u00f6r\u00fc\u015fd\u0259 d\u00f6vl\u0259t ba\u015f\u00e7\u0131lar\u0131 qar\u015f\u0131l\u0131ql\u0131 \u0259m\u0259kda\u015fl\u0131q m\u0259s\u0259l\u0259l\u0259rini m\u00fczakir\u0259 edibl\u0259r. Daha sonra m\u0259tbuat qar\u015f\u0131s\u0131na \u00e7\u0131xan h\u0259r iki \u00f6lk\u0259nin liderl\u0259ri suallar\u0131 cavabland\u0131r\u0131blar. \u0130lham \u018fliyev v\u0259 Vladimir Putinin birg\u0259 m\u0259tbuat konfrans\u0131n\u0131n g\u00f6r\u00fcnt\u00fcl\u0259rini t\u0259qdim edirik:<\/p>\n","protected":false},"author":2,"featured_media":442498,"comment_status":"closed","ping_status":"closed","sticky":false,"template":"","format":"standard","meta":{"om_disable_all_campaigns":false,"_monsterinsights_skip_tracking":false,"_monsterinsights_sitenote_active":false,"_monsterinsights_sitenote_note":"","_monsterinsights_sitenote_category":0},"categories":[4],"tags":[],"aioseo_notices":[],"gutentor_comment":0,"rttpg_featured_image_url":{"full":["https:\/\/arantv.az\/wp-content\/uploads\/2022\/02\/274030533_1133639517387593_2955927452712178799_n.jpg",620,348,false],"landscape":["https:\/\/arantv.az\/wp-content\/uploads\/2022\/02\/274030533_1133639517387593_2955927452712178799_n.jpg",620,348,false],"portraits":["https:\/\/arantv.az\/wp-content\/uploads\/2022\/02\/274030533_1133639517387593_2955927452712178799_n.jpg",620,348,false],"thumbnail":["https:\/\/arantv.az\/wp-content\/uploads\/2022\/02\/274030533_1133639517387593_2955927452712178799_n-500x280.jpg",500,280,true],"medium":["https:\/\/arantv.az\/wp-content\/uploads\/2022\/02\/274030533_1133639517387593_2955927452712178799_n.jpg",620,348,false],"large":["https:\/\/arantv.az\/wp-content\/uploads\/2022\/02\/274030533_1133639517387593_2955927452712178799_n.jpg",620,348,false],"1536x1536":["https:\/\/arantv.az\/wp-content\/uploads\/2022\/02\/274030533_1133639517387593_2955927452712178799_n.jpg",620,348,false],"2048x2048":["https:\/\/arantv.az\/wp-content\/uploads\/2022\/02\/274030533_1133639517387593_2955927452712178799_n.jpg",620,348,false],"post-thumbnail":["https:\/\/arantv.az\/wp-content\/uploads\/2022\/02\/274030533_1133639517387593_2955927452712178799_n-240x172.jpg",240,172,true],"advps-thumb-one":["https:\/\/arantv.az\/wp-content\/uploads\/2022\/02\/274030533_1133639517387593_2955927452712178799_n.jpg",620,348,false]},"rttpg_author":{"display_name":"V\u00fcsal Rafiqo\u011flu","author_link":"https:\/\/arantv.az\/?author=2"},"rttpg_comment":0,"rttpg_category":"<a href=\"https:\/\/arantv.az\/?cat=4\" rel=\"category\">Siyas\u0259t<\/a>","rttpg_excerpt":"Rusiyada r\u0259smi s\u0259f\u0259rd\u0259 olan Az\u0259rbaycan Respublikas\u0131n\u0131n Prezidenti \u0130lham \u018fliyevin fevral\u0131n 22-d\u0259 Vladimir Putinl\u0259 t\u0259kb\u0259t\u0259k g\u00f6r\u00fc\u015f\u00fc olub. G\u00f6r\u00fc\u015fd\u0259 d\u00f6vl\u0259t ba\u015f\u00e7\u0131lar\u0131 qar\u015f\u0131l\u0131ql\u0131 \u0259m\u0259kda\u015fl\u0131q m\u0259s\u0259l\u0259l\u0259rini m\u00fczakir\u0259 edibl\u0259r. Daha sonra m\u0259tbuat qar\u015f\u0131s\u0131na \u00e7\u0131xan h\u0259r iki \u00f6lk\u0259nin liderl\u0259ri suallar\u0131 cavabland\u0131r\u0131blar. \u0130lham \u018fliyev v\u0259 Vladimir Putinin birg\u0259 m\u0259tbuat konfrans\u0131n\u0131n g\u00f6r\u00fcnt\u00fcl\u0259rini t\u0259qdim edirik:","_links":{"self":[{"href":"https:\/\/arantv.az\/index.php?rest_route=\/wp\/v2\/posts\/442497"}],"collection":[{"href":"https:\/\/arantv.az\/index.php?rest_route=\/wp\/v2\/posts"}],"about":[{"href":"https:\/\/arantv.az\/index.php?rest_route=\/wp\/v2\/types\/post"}],"author":[{"embeddable":true,"href":"https:\/\/arantv.az\/index.php?rest_route=\/wp\/v2\/users\/2"}],"replies":[{"embeddable":true,"href":"https:\/\/arantv.az\/index.php?rest_route=%2Fwp%2Fv2%2Fcomments&post=442497"}],"version-history":[{"count":0,"href":"https:\/\/arantv.az\/index.php?rest_route=\/wp\/v2\/posts\/442497\/revisions"}],"wp:featuredmedia":[{"embeddable":true,"href":"https:\/\/arantv.az\/index.php?rest_route=\/wp\/v2\/media\/442498"}],"wp:attachment":[{"href":"https:\/\/arantv.az\/index.php?rest_route=%2Fwp%2Fv2%2Fmedia&parent=442497"}],"wp:term":[{"taxonomy":"category","embeddable":true,"href":"https:\/\/arantv.az\/index.php?rest_route=%2Fwp%2Fv2%2Fcategories&post=442497"},{"taxonomy":"post_tag","embeddable":true,"href":"https:\/\/arantv.az\/index.php?rest_route=%2Fwp%2Fv2%2Ftags&post=442497"}],"curies":[{"name":"wp","href":"https:\/\/api.w.org\/{rel}","templated":true}]}}