{"id":442507,"date":"2022-02-22T20:18:01","date_gmt":"2022-02-22T17:18:01","guid":{"rendered":"http:\/\/arantv.az\/?p=442507"},"modified":"2022-02-22T20:18:01","modified_gmt":"2022-02-22T17:18:01","slug":"ust-v%c9%99-its-numay%c9%99nd%c9%99l%c9%99ri-arasinda-gorus-kecirilib-foto","status":"publish","type":"post","link":"https:\/\/arantv.az\/?p=442507","title":{"rendered":"\u00dcST v\u0259 \u0130TS n\u00fcmay\u0259nd\u0259l\u0259ri aras\u0131nda g\u00f6r\u00fc\u015f ke\u00e7irilib &#8211; FOTO"},"content":{"rendered":"<p>\u0130cbari Tibbi S\u0131\u011forta \u00fczr\u0259 D\u00f6vl\u0259t Agentliyinin (Agentlik) \u0130dar\u0259 Hey\u0259tinin s\u0259dri Zaur \u018fliyev \u00dcmumd\u00fcnya S\u0259hiyy\u0259 T\u0259\u015fkilat\u0131n\u0131n (\u00dcST) Avropa \u00fczr\u0259 Regional ofisinin Peyv\u0259ndl\u0259 qar\u015f\u0131s\u0131 al\u0131na bil\u0259n x\u0259st\u0259likl\u0259r b\u00f6lm\u0259sinin proqram meneceri Datta Siddhartha Sankar v\u0259 eyni b\u00f6lm\u0259nin Analiz v\u0259 monitorinq \u015f\u00f6b\u0259sinin qrup r\u0259hb\u0259ri Roberta Pastore il\u0259 g\u00f6r\u00fc\u015f\u00fcb.<\/p>\n<p>G\u00f6r\u00fc\u015fd\u0259 Tibbi \u018frazi B\u00f6lm\u0259l\u0259rini \u0130dar\u0259etm\u0259 Birliyinin (T\u018fB\u0130B) \u0130dar\u0259 Hey\u0259tinin s\u0259dri v\u0259zif\u0259sini icra ed\u0259n V\u00fcqar Qurbanov, \u00dcST-nin Az\u0259rbaycan ofisinin r\u0259hb\u0259ri Hande Harmanc\u0131 v\u0259 \u201cCOVID-19 \u0259leyhin\u0259 vaksinasiyaya d\u0259st\u0259k layih\u0259si\u201dnin Az\u0259rbaycan \u00fczr\u0259 meneceri Sevinc H\u0259s\u0259nova, Agentliyin Beyn\u0259lxalq \u0259laq\u0259l\u0259r departamentinin r\u0259hb\u0259ri Ruslan Abdullayev, T\u018fB\u0130B-in Strateji \u0130nki\u015faf departamentinin r\u0259hb\u0259ri Yaqut Qarayeva i\u015ftirak edibl\u0259r.<\/p>\n<div class=\"AdviadNativeVideo\"><\/div>\n<p>G\u00f6r\u00fc\u015fd\u0259 2021-ci ilin iyun ay\u0131ndan Avropa \u0130ttifaq\u0131 v\u0259 \u00dcST-nin birg\u0259 h\u0259yata ke\u00e7irdiyi \u201cCOVID-19 \u0259leyhin\u0259 vaksinasiyaya d\u0259st\u0259k layih\u0259si\u201d haqq\u0131nda dan\u0131\u015f\u0131l\u0131b. Qeyd olunub ki, layih\u0259 \u00e7\u0259r\u00e7iv\u0259sind\u0259 T\u018fB\u0130B-in tabeliyind\u0259ki tibb m\u00fc\u0259ssis\u0259l\u0259rin\u0259\u00a0 \u00a0peyv\u0259ndl\u0259rin soyuq z\u0259ncir prinsipin\u0259 uy\u011fun olaraq da\u015f\u0131nmas\u0131 v\u0259 saxlan\u0131lmas\u0131 \u00fc\u00e7\u00fcn avadanl\u0131qlar\u0131n t\u0259hvil verilm\u0259si planla\u015fd\u0131r\u0131l\u0131r.<br \/>\nVur\u011fulan\u0131b ki, layih\u0259 \u00e7\u0259r\u00e7iv\u0259sind\u0259 indiy\u0259d\u0259k paytaxt v\u0259 b\u00f6lg\u0259l\u0259rd\u0259ki tibb m\u00fc\u0259ssis\u0259l\u0259rind\u0259 \u00e7al\u0131\u015fan 673-\u00fc h\u0259kim v\u0259 2204-\u00fc tibb bac\u0131s\u0131 olmaqla \u00fcmumilikd\u0259 peyv\u0259ndl\u0259m\u0259 prosesind\u0259 i\u015ftirak ed\u0259n 2877 tibb i\u015f\u00e7isin\u0259 t\u0259liml\u0259r ke\u00e7irilib. G\u00f6r\u00fc\u015fd\u0259 h\u0259m\u00e7inin \u00dcST-nin Az\u0259rbaycana rutin immunizasiya il\u0259 ba\u011fl\u0131 d\u0259st\u0259yi, peyv\u0259ndl\u0259nm\u0259nin \u0259halinin sa\u011flaml\u0131\u011f\u0131n\u0131n qorunmas\u0131nda \u0259h\u0259miyy\u0259ti haqq\u0131nda fikir m\u00fcbadil\u0259si apar\u0131l\u0131b.<\/p>\n<p>Qeyd ed\u0259k ki, 24 fevralad\u0259k davam ed\u0259c\u0259k s\u0259f\u0259rin m\u0259qs\u0259di \u00f6lk\u0259 \u00fczr\u0259 COVID-19 \u0259leyhin\u0259 vaksinasiyaya v\u0259 2030-cu il\u0259d\u0259k h\u0259yata ke\u00e7irilm\u0259si n\u0259z\u0259rd\u0259 tutulan Avropa \u00fczr\u0259 immunla\u015fd\u0131rma g\u00fcnd\u0259liyin\u0259 istinad\u0259n rutin immunla\u015fd\u0131rma il\u0259 ba\u011fl\u0131 f\u0259aliyy\u0259t plan\u0131n\u0131n haz\u0131rlanmas\u0131na d\u0259st\u0259k m\u0259s\u0259l\u0259l\u0259rini m\u00fczakir\u0259 etm\u0259kdir.<\/p>\n<p>&nbsp;<\/p>\n<div class=\"gallery\">\n<div class=\"gallery-i\"><img src=\"https:\/\/cdn.oxu.az\/uploads\/W1siZiIsIjIwMjIvMDIvMjIvMTgvMTcvMzEvZDZmN2ZmM2YtYjVlMC00OGRmLWE1NmYtOGEzODM5YjQ4OTY1Lzc0ZTY0YzNjLTlkOTEtNGE2My1iNzg2LWFkMmYyZWI2OTkyMS5qcGciXSxbInAiLCJlbmNvZGUiLCJqcGciLCItcXVhbGl0eSA4MCJdLFsicCIsInRodW1iIiwiNTkweDU5MFx1MDAzZSJdXQ?sha=77a7bcab1ab6b400\" alt=\"\" \/><\/p>\n<div class=\"gallery-i-caption\"><\/div>\n<\/div>\n<div class=\"gallery-i\"><img src=\"https:\/\/cdn.oxu.az\/uploads\/W1siZiIsIjIwMjIvMDIvMjIvMTgvMTcvMzEvZjAyYjMwZjAtN2RhMS00Y2I1LWI1NjAtOTJjNjk4MmE1NzQ5L2ZlMjEzNmZlLTIzODAtNGY0Ny1iZWQwLWY5Njg3ZjI3NzIwZC5qcGciXSxbInAiLCJlbmNvZGUiLCJqcGciLCItcXVhbGl0eSA4MCJdLFsicCIsInRodW1iIiwiNTkweDU5MFx1MDAzZSJdXQ?sha=dbf1fc78150bf03b\" alt=\"\" \/><\/p>\n<div class=\"gallery-i-caption\"><\/div>\n<\/div>\n<div class=\"gallery-i\"><img src=\"https:\/\/cdn.oxu.az\/uploads\/W1siZiIsIjIwMjIvMDIvMjIvMTgvMTcvMzEvY2Y3MmQ5ZDUtN2QzYi00YjJhLTgxNTctMGE0NDA5Y2ZkZTgxLzMzZTQyOWNmLTA0ZjYtNGRmYS1hMjFjLWNiZDJjNDhjMDA3NS5qcGciXSxbInAiLCJlbmNvZGUiLCJqcGciLCItcXVhbGl0eSA4MCJdLFsicCIsInRodW1iIiwiNTkweDU5MFx1MDAzZSJdXQ?sha=a7dc1c60c7345530\" alt=\"\" \/><\/p>\n<div class=\"gallery-i-caption\"><\/div>\n<\/div>\n<\/div>\n<p>&nbsp;<\/p>\n","protected":false},"excerpt":{"rendered":"<p>\u0130cbari Tibbi S\u0131\u011forta \u00fczr\u0259 D\u00f6vl\u0259t Agentliyinin (Agentlik) \u0130dar\u0259 Hey\u0259tinin s\u0259dri Zaur \u018fliyev \u00dcmumd\u00fcnya S\u0259hiyy\u0259 T\u0259\u015fkilat\u0131n\u0131n (\u00dcST) Avropa \u00fczr\u0259 Regional ofisinin Peyv\u0259ndl\u0259 qar\u015f\u0131s\u0131 al\u0131na bil\u0259n x\u0259st\u0259likl\u0259r b\u00f6lm\u0259sinin proqram meneceri Datta Siddhartha Sankar v\u0259 eyni b\u00f6lm\u0259nin Analiz v\u0259 monitorinq \u015f\u00f6b\u0259sinin qrup r\u0259hb\u0259ri Roberta Pastore il\u0259 g\u00f6r\u00fc\u015f\u00fcb. G\u00f6r\u00fc\u015fd\u0259 Tibbi \u018frazi B\u00f6lm\u0259l\u0259rini \u0130dar\u0259etm\u0259 Birliyinin (T\u018fB\u0130B) \u0130dar\u0259 Hey\u0259tinin s\u0259dri v\u0259zif\u0259sini icra ed\u0259n V\u00fcqar Qurbanov, \u00dcST-nin Az\u0259rbaycan ofisinin r\u0259hb\u0259ri Hande Harmanc\u0131 v\u0259 \u201cCOVID-19 \u0259leyhin\u0259 vaksinasiyaya d\u0259st\u0259k layih\u0259si\u201dnin Az\u0259rbaycan \u00fczr\u0259 meneceri Sevinc H\u0259s\u0259nova, Agentliyin Beyn\u0259lxalq \u0259laq\u0259l\u0259r departamentinin r\u0259hb\u0259ri Ruslan Abdullayev, T\u018fB\u0130B-in Strateji \u0130nki\u015faf departamentinin r\u0259hb\u0259ri Yaqut Qarayeva&hellip;<\/p>\n","protected":false},"author":2,"featured_media":442508,"comment_status":"closed","ping_status":"closed","sticky":false,"template":"","format":"standard","meta":{"om_disable_all_campaigns":false,"_monsterinsights_skip_tracking":false,"_monsterinsights_sitenote_active":false,"_monsterinsights_sitenote_note":"","_monsterinsights_sitenote_category":0},"categories":[1],"tags":[],"aioseo_notices":[],"gutentor_comment":0,"rttpg_featured_image_url":{"full":["https:\/\/arantv.az\/wp-content\/uploads\/2022\/02\/FotoJet-18-6.jpg",620,413,false],"landscape":["https:\/\/arantv.az\/wp-content\/uploads\/2022\/02\/FotoJet-18-6.jpg",620,413,false],"portraits":["https:\/\/arantv.az\/wp-content\/uploads\/2022\/02\/FotoJet-18-6.jpg",620,413,false],"thumbnail":["https:\/\/arantv.az\/wp-content\/uploads\/2022\/02\/FotoJet-18-6-500x280.jpg",500,280,true],"medium":["https:\/\/arantv.az\/wp-content\/uploads\/2022\/02\/FotoJet-18-6-548x365.jpg",548,365,true],"large":["https:\/\/arantv.az\/wp-content\/uploads\/2022\/02\/FotoJet-18-6.jpg",620,413,false],"1536x1536":["https:\/\/arantv.az\/wp-content\/uploads\/2022\/02\/FotoJet-18-6.jpg",620,413,false],"2048x2048":["https:\/\/arantv.az\/wp-content\/uploads\/2022\/02\/FotoJet-18-6.jpg",620,413,false],"post-thumbnail":["https:\/\/arantv.az\/wp-content\/uploads\/2022\/02\/FotoJet-18-6-240x172.jpg",240,172,true],"advps-thumb-one":["https:\/\/arantv.az\/wp-content\/uploads\/2022\/02\/FotoJet-18-6.jpg",620,413,false]},"rttpg_author":{"display_name":"V\u00fcsal Rafiqo\u011flu","author_link":"https:\/\/arantv.az\/?author=2"},"rttpg_comment":0,"rttpg_category":"<a href=\"https:\/\/arantv.az\/?cat=1\" rel=\"category\">C\u0259miyy\u0259t<\/a>","rttpg_excerpt":"\u0130cbari Tibbi S\u0131\u011forta \u00fczr\u0259 D\u00f6vl\u0259t Agentliyinin (Agentlik) \u0130dar\u0259 Hey\u0259tinin s\u0259dri Zaur \u018fliyev \u00dcmumd\u00fcnya S\u0259hiyy\u0259 T\u0259\u015fkilat\u0131n\u0131n (\u00dcST) Avropa \u00fczr\u0259 Regional ofisinin Peyv\u0259ndl\u0259 qar\u015f\u0131s\u0131 al\u0131na bil\u0259n x\u0259st\u0259likl\u0259r b\u00f6lm\u0259sinin proqram meneceri Datta Siddhartha Sankar v\u0259 eyni b\u00f6lm\u0259nin Analiz v\u0259 monitorinq \u015f\u00f6b\u0259sinin qrup r\u0259hb\u0259ri Roberta Pastore il\u0259 g\u00f6r\u00fc\u015f\u00fcb. G\u00f6r\u00fc\u015fd\u0259 Tibbi \u018frazi B\u00f6lm\u0259l\u0259rini \u0130dar\u0259etm\u0259 Birliyinin (T\u018fB\u0130B) \u0130dar\u0259 Hey\u0259tinin s\u0259dri v\u0259zif\u0259sini&hellip;","_links":{"self":[{"href":"https:\/\/arantv.az\/index.php?rest_route=\/wp\/v2\/posts\/442507"}],"collection":[{"href":"https:\/\/arantv.az\/index.php?rest_route=\/wp\/v2\/posts"}],"about":[{"href":"https:\/\/arantv.az\/index.php?rest_route=\/wp\/v2\/types\/post"}],"author":[{"embeddable":true,"href":"https:\/\/arantv.az\/index.php?rest_route=\/wp\/v2\/users\/2"}],"replies":[{"embeddable":true,"href":"https:\/\/arantv.az\/index.php?rest_route=%2Fwp%2Fv2%2Fcomments&post=442507"}],"version-history":[{"count":0,"href":"https:\/\/arantv.az\/index.php?rest_route=\/wp\/v2\/posts\/442507\/revisions"}],"wp:featuredmedia":[{"embeddable":true,"href":"https:\/\/arantv.az\/index.php?rest_route=\/wp\/v2\/media\/442508"}],"wp:attachment":[{"href":"https:\/\/arantv.az\/index.php?rest_route=%2Fwp%2Fv2%2Fmedia&parent=442507"}],"wp:term":[{"taxonomy":"category","embeddable":true,"href":"https:\/\/arantv.az\/index.php?rest_route=%2Fwp%2Fv2%2Fcategories&post=442507"},{"taxonomy":"post_tag","embeddable":true,"href":"https:\/\/arantv.az\/index.php?rest_route=%2Fwp%2Fv2%2Ftags&post=442507"}],"curies":[{"name":"wp","href":"https:\/\/api.w.org\/{rel}","templated":true}]}}