{"id":442524,"date":"2022-02-22T20:29:59","date_gmt":"2022-02-22T17:29:59","guid":{"rendered":"http:\/\/arantv.az\/?p=442524"},"modified":"2022-02-22T20:29:59","modified_gmt":"2022-02-22T17:29:59","slug":"yasayis-evind%c9%99ki-yanginda-x%c9%99sar%c9%99t-alan-uc-yasli-usaq-oldu-yenil%c9%99nib","status":"publish","type":"post","link":"https:\/\/arantv.az\/?p=442524","title":{"rendered":"Ya\u015fay\u0131\u015f evind\u0259ki yan\u011f\u0131nda x\u0259sar\u0259t alan \u00fc\u00e7 ya\u015fl\u0131 u\u015faq \u00f6ld\u00fc \u2013 YEN\u0130L\u018fN\u0130B"},"content":{"rendered":"<p>Samuxda yan\u011f\u0131n zaman\u0131 x\u0259sar\u0259t alan azya\u015fl\u0131 x\u0259st\u0259xanada d\u00fcnyas\u0131n\u0131 d\u0259yi\u015fib.<\/p>\n<p>Bizim.Media\u00a0<a title=\"xeberler son xeberler 2021\" href=\"https:\/\/big.az\/\" target=\"_blank\" rel=\"noopener\">x\u0259b\u0259r<\/a>\u00a0verir ki, a\u011f\u0131r yan\u0131q x\u0259sar\u0259tl\u0259ri alan 2019-cu il t\u0259v\u0259ll\u00fcdl\u00fc Bakir M\u0259mm\u0259dovun h\u0259yat\u0131n\u0131 xilas etm\u0259k m\u00fcmk\u00fcn olmay\u0131b.<\/p>\n<p>Qeyd ed\u0259k ki, F\u00f6vq\u0259lad\u0259 Hallar Nazirliyi (FHN) s\u00f6z\u00fcged\u0259n yan\u011f\u0131n hadis\u0259si bar\u0259d\u0259 m\u0259lumat yay\u0131b.<\/p>\n<p>11:38<\/p>\n<div class=\"AdviadNativeVideo\"><\/div>\n<p>Samux rayonunda \u00fc\u00e7otaql\u0131 evd\u0259 yan\u011f\u0131n ba\u015f verib.<\/p>\n<p>Oxu.Az-\u0131n m\u0259lumat\u0131na g\u00f6r\u0259, hadis\u0259 rayonun Seyidl\u0259r k\u0259ndind\u0259 ba\u015f verib. \u0130lkin m\u0259lumata g\u00f6r\u0259, evin 60 kvadratmetri yan\u0131b.<\/p>\n<p>Ba\u015f ver\u0259n hadis\u0259 zaman\u0131 2019-cu il t\u0259v\u0259ll\u00fcdl\u00fc B.M\u0259mm\u0259dov x\u0259sar\u0259t al\u0131b v\u0259 x\u0259st\u0259xanaya yerl\u0259\u015fdirilib.<\/p>\n<p>Haz\u0131rda F\u00f6vq\u0259lad\u0259 Hallar Nazirliyinin D\u00f6vl\u0259t Yan\u011f\u0131ndan M\u00fchafiz\u0259\u00a0<a title=\"xidmetler\" href=\"https:\/\/xidmetler.az\/\" target=\"_blank\" rel=\"noopener\">Xidm\u0259tinin<\/a>\u00a0yan\u011f\u0131ndan m\u00fchafiz\u0259 b\u00f6lm\u0259l\u0259ri v\u0259 h\u00fcquq-m\u00fchafiz\u0259 \u0259m\u0259kda\u015flar\u0131 \u0259razid\u0259dir.<\/p>\n","protected":false},"excerpt":{"rendered":"<p>Samuxda yan\u011f\u0131n zaman\u0131 x\u0259sar\u0259t alan azya\u015fl\u0131 x\u0259st\u0259xanada d\u00fcnyas\u0131n\u0131 d\u0259yi\u015fib. Bizim.Media\u00a0x\u0259b\u0259r\u00a0verir ki, a\u011f\u0131r yan\u0131q x\u0259sar\u0259tl\u0259ri alan 2019-cu il t\u0259v\u0259ll\u00fcdl\u00fc Bakir M\u0259mm\u0259dovun h\u0259yat\u0131n\u0131 xilas etm\u0259k m\u00fcmk\u00fcn olmay\u0131b. Qeyd ed\u0259k ki, F\u00f6vq\u0259lad\u0259 Hallar Nazirliyi (FHN) s\u00f6z\u00fcged\u0259n yan\u011f\u0131n hadis\u0259si bar\u0259d\u0259 m\u0259lumat yay\u0131b. 11:38 Samux rayonunda \u00fc\u00e7otaql\u0131 evd\u0259 yan\u011f\u0131n ba\u015f verib. Oxu.Az-\u0131n m\u0259lumat\u0131na g\u00f6r\u0259, hadis\u0259 rayonun Seyidl\u0259r k\u0259ndind\u0259 ba\u015f verib. \u0130lkin m\u0259lumata g\u00f6r\u0259, evin 60 kvadratmetri yan\u0131b. Ba\u015f ver\u0259n hadis\u0259 zaman\u0131 2019-cu il t\u0259v\u0259ll\u00fcdl\u00fc B.M\u0259mm\u0259dov x\u0259sar\u0259t al\u0131b v\u0259 x\u0259st\u0259xanaya yerl\u0259\u015fdirilib. Haz\u0131rda F\u00f6vq\u0259lad\u0259 Hallar Nazirliyinin D\u00f6vl\u0259t Yan\u011f\u0131ndan M\u00fchafiz\u0259\u00a0Xidm\u0259tinin\u00a0yan\u011f\u0131ndan m\u00fchafiz\u0259 b\u00f6lm\u0259l\u0259ri v\u0259 h\u00fcquq-m\u00fchafiz\u0259 \u0259m\u0259kda\u015flar\u0131 \u0259razid\u0259dir.<\/p>\n","protected":false},"author":2,"featured_media":442526,"comment_status":"closed","ping_status":"closed","sticky":false,"template":"","format":"standard","meta":{"om_disable_all_campaigns":false,"_monsterinsights_skip_tracking":false,"_monsterinsights_sitenote_active":false,"_monsterinsights_sitenote_note":"","_monsterinsights_sitenote_category":0},"categories":[5],"tags":[],"aioseo_notices":[],"gutentor_comment":0,"rttpg_featured_image_url":{"full":["https:\/\/arantv.az\/wp-content\/uploads\/2022\/02\/samux_81645549446-1.jpg",590,393,false],"landscape":["https:\/\/arantv.az\/wp-content\/uploads\/2022\/02\/samux_81645549446-1.jpg",590,393,false],"portraits":["https:\/\/arantv.az\/wp-content\/uploads\/2022\/02\/samux_81645549446-1.jpg",590,393,false],"thumbnail":["https:\/\/arantv.az\/wp-content\/uploads\/2022\/02\/samux_81645549446-1-500x280.jpg",500,280,true],"medium":["https:\/\/arantv.az\/wp-content\/uploads\/2022\/02\/samux_81645549446-1-548x365.jpg",548,365,true],"large":["https:\/\/arantv.az\/wp-content\/uploads\/2022\/02\/samux_81645549446-1.jpg",590,393,false],"1536x1536":["https:\/\/arantv.az\/wp-content\/uploads\/2022\/02\/samux_81645549446-1.jpg",590,393,false],"2048x2048":["https:\/\/arantv.az\/wp-content\/uploads\/2022\/02\/samux_81645549446-1.jpg",590,393,false],"post-thumbnail":["https:\/\/arantv.az\/wp-content\/uploads\/2022\/02\/samux_81645549446-1-240x172.jpg",240,172,true],"advps-thumb-one":["https:\/\/arantv.az\/wp-content\/uploads\/2022\/02\/samux_81645549446-1.jpg",590,393,false]},"rttpg_author":{"display_name":"V\u00fcsal Rafiqo\u011flu","author_link":"https:\/\/arantv.az\/?author=2"},"rttpg_comment":0,"rttpg_category":"<a href=\"https:\/\/arantv.az\/?cat=5\" rel=\"category\">Hadis\u0259<\/a>","rttpg_excerpt":"Samuxda yan\u011f\u0131n zaman\u0131 x\u0259sar\u0259t alan azya\u015fl\u0131 x\u0259st\u0259xanada d\u00fcnyas\u0131n\u0131 d\u0259yi\u015fib. Bizim.Media\u00a0x\u0259b\u0259r\u00a0verir ki, a\u011f\u0131r yan\u0131q x\u0259sar\u0259tl\u0259ri alan 2019-cu il t\u0259v\u0259ll\u00fcdl\u00fc Bakir M\u0259mm\u0259dovun h\u0259yat\u0131n\u0131 xilas etm\u0259k m\u00fcmk\u00fcn olmay\u0131b. Qeyd ed\u0259k ki, F\u00f6vq\u0259lad\u0259 Hallar Nazirliyi (FHN) s\u00f6z\u00fcged\u0259n yan\u011f\u0131n hadis\u0259si bar\u0259d\u0259 m\u0259lumat yay\u0131b. 11:38 Samux rayonunda \u00fc\u00e7otaql\u0131 evd\u0259 yan\u011f\u0131n ba\u015f verib. Oxu.Az-\u0131n m\u0259lumat\u0131na g\u00f6r\u0259, hadis\u0259 rayonun Seyidl\u0259r k\u0259ndind\u0259 ba\u015f verib.&hellip;","_links":{"self":[{"href":"https:\/\/arantv.az\/index.php?rest_route=\/wp\/v2\/posts\/442524"}],"collection":[{"href":"https:\/\/arantv.az\/index.php?rest_route=\/wp\/v2\/posts"}],"about":[{"href":"https:\/\/arantv.az\/index.php?rest_route=\/wp\/v2\/types\/post"}],"author":[{"embeddable":true,"href":"https:\/\/arantv.az\/index.php?rest_route=\/wp\/v2\/users\/2"}],"replies":[{"embeddable":true,"href":"https:\/\/arantv.az\/index.php?rest_route=%2Fwp%2Fv2%2Fcomments&post=442524"}],"version-history":[{"count":0,"href":"https:\/\/arantv.az\/index.php?rest_route=\/wp\/v2\/posts\/442524\/revisions"}],"wp:featuredmedia":[{"embeddable":true,"href":"https:\/\/arantv.az\/index.php?rest_route=\/wp\/v2\/media\/442526"}],"wp:attachment":[{"href":"https:\/\/arantv.az\/index.php?rest_route=%2Fwp%2Fv2%2Fmedia&parent=442524"}],"wp:term":[{"taxonomy":"category","embeddable":true,"href":"https:\/\/arantv.az\/index.php?rest_route=%2Fwp%2Fv2%2Fcategories&post=442524"},{"taxonomy":"post_tag","embeddable":true,"href":"https:\/\/arantv.az\/index.php?rest_route=%2Fwp%2Fv2%2Ftags&post=442524"}],"curies":[{"name":"wp","href":"https:\/\/api.w.org\/{rel}","templated":true}]}}