{"id":442580,"date":"2022-02-23T07:06:11","date_gmt":"2022-02-23T04:06:11","guid":{"rendered":"http:\/\/arantv.az\/?p=442580"},"modified":"2022-02-23T07:06:11","modified_gmt":"2022-02-23T04:06:11","slug":"ilham-%c9%99liyev-rusiya-nazirl%c9%99r-kabinetinin-%c9%99laq%c9%99l%c9%99ndirm%c9%99-m%c9%99rk%c9%99zind%c9%99-video","status":"publish","type":"post","link":"https:\/\/arantv.az\/?p=442580","title":{"rendered":"\u0130lham \u018fliyev Rusiya Nazirl\u0259r Kabinetinin \u018flaq\u0259l\u0259ndirm\u0259 M\u0259rk\u0259zind\u0259 &#8211; V\u0130DEO"},"content":{"rendered":"<article class=\"news\">\n<div class=\"news-inner\">\n<p>Az\u0259rbaycan Respublikas\u0131n\u0131n Prezidenti \u0130lham \u018fliyev fevral\u0131n 22-d\u0259 Rusiya Nazirl\u0259r Kabinetinin \u018flaq\u0259l\u0259ndirm\u0259 M\u0259rk\u0259zi il\u0259 tan\u0131\u015f olub.<\/p>\n<p>Rusiya Federasiyas\u0131 H\u00f6kum\u0259tinin s\u0259dri Mixail Mi\u015fustin Prezident \u0130lham \u018fliyevi qar\u015f\u0131lay\u0131b.<\/p>\n<p>Daha sonra Prezident \u0130lham \u018fliyev il\u0259 Rusiya Federasiyas\u0131 H\u00f6kum\u0259tinin s\u0259dri Mixail Mi\u015fust aras\u0131nda g\u00f6r\u00fc\u015f olub.<\/p>\n<div><iframe loading=\"lazy\" title=\"YouTube video player\" src=\"https:\/\/www.youtube.com\/embed\/8FojzapNAYU\" width=\"560\" height=\"315\" frameborder=\"0\" allowfullscreen=\"allowfullscreen\" data-mce-fragment=\"1\"><\/iframe><\/div>\n<\/div>\n<\/article>\n","protected":false},"excerpt":{"rendered":"<p>Az\u0259rbaycan Respublikas\u0131n\u0131n Prezidenti \u0130lham \u018fliyev fevral\u0131n 22-d\u0259 Rusiya Nazirl\u0259r Kabinetinin \u018flaq\u0259l\u0259ndirm\u0259 M\u0259rk\u0259zi il\u0259 tan\u0131\u015f olub. Rusiya Federasiyas\u0131 H\u00f6kum\u0259tinin s\u0259dri Mixail Mi\u015fustin Prezident \u0130lham \u018fliyevi qar\u015f\u0131lay\u0131b. Daha sonra Prezident \u0130lham \u018fliyev il\u0259 Rusiya Federasiyas\u0131 H\u00f6kum\u0259tinin s\u0259dri Mixail Mi\u015fust aras\u0131nda g\u00f6r\u00fc\u015f olub.<\/p>\n","protected":false},"author":2,"featured_media":442581,"comment_status":"closed","ping_status":"closed","sticky":false,"template":"","format":"standard","meta":{"om_disable_all_campaigns":false,"_monsterinsights_skip_tracking":false,"_monsterinsights_sitenote_active":false,"_monsterinsights_sitenote_note":"","_monsterinsights_sitenote_category":0},"categories":[4],"tags":[],"aioseo_notices":[],"gutentor_comment":0,"rttpg_featured_image_url":{"full":["https:\/\/arantv.az\/wp-content\/uploads\/2022\/02\/16455592024361421215_1000x669.jpg",620,389,false],"landscape":["https:\/\/arantv.az\/wp-content\/uploads\/2022\/02\/16455592024361421215_1000x669.jpg",620,389,false],"portraits":["https:\/\/arantv.az\/wp-content\/uploads\/2022\/02\/16455592024361421215_1000x669.jpg",620,389,false],"thumbnail":["https:\/\/arantv.az\/wp-content\/uploads\/2022\/02\/16455592024361421215_1000x669-500x280.jpg",500,280,true],"medium":["https:\/\/arantv.az\/wp-content\/uploads\/2022\/02\/16455592024361421215_1000x669-582x365.jpg",582,365,true],"large":["https:\/\/arantv.az\/wp-content\/uploads\/2022\/02\/16455592024361421215_1000x669.jpg",620,389,false],"1536x1536":["https:\/\/arantv.az\/wp-content\/uploads\/2022\/02\/16455592024361421215_1000x669.jpg",620,389,false],"2048x2048":["https:\/\/arantv.az\/wp-content\/uploads\/2022\/02\/16455592024361421215_1000x669.jpg",620,389,false],"post-thumbnail":["https:\/\/arantv.az\/wp-content\/uploads\/2022\/02\/16455592024361421215_1000x669-240x172.jpg",240,172,true],"advps-thumb-one":["https:\/\/arantv.az\/wp-content\/uploads\/2022\/02\/16455592024361421215_1000x669.jpg",620,389,false]},"rttpg_author":{"display_name":"V\u00fcsal Rafiqo\u011flu","author_link":"https:\/\/arantv.az\/?author=2"},"rttpg_comment":0,"rttpg_category":"<a href=\"https:\/\/arantv.az\/?cat=4\" rel=\"category\">Siyas\u0259t<\/a>","rttpg_excerpt":"Az\u0259rbaycan Respublikas\u0131n\u0131n Prezidenti \u0130lham \u018fliyev fevral\u0131n 22-d\u0259 Rusiya Nazirl\u0259r Kabinetinin \u018flaq\u0259l\u0259ndirm\u0259 M\u0259rk\u0259zi il\u0259 tan\u0131\u015f olub. Rusiya Federasiyas\u0131 H\u00f6kum\u0259tinin s\u0259dri Mixail Mi\u015fustin Prezident \u0130lham \u018fliyevi qar\u015f\u0131lay\u0131b. Daha sonra Prezident \u0130lham \u018fliyev il\u0259 Rusiya Federasiyas\u0131 H\u00f6kum\u0259tinin s\u0259dri Mixail Mi\u015fust aras\u0131nda g\u00f6r\u00fc\u015f olub.","_links":{"self":[{"href":"https:\/\/arantv.az\/index.php?rest_route=\/wp\/v2\/posts\/442580"}],"collection":[{"href":"https:\/\/arantv.az\/index.php?rest_route=\/wp\/v2\/posts"}],"about":[{"href":"https:\/\/arantv.az\/index.php?rest_route=\/wp\/v2\/types\/post"}],"author":[{"embeddable":true,"href":"https:\/\/arantv.az\/index.php?rest_route=\/wp\/v2\/users\/2"}],"replies":[{"embeddable":true,"href":"https:\/\/arantv.az\/index.php?rest_route=%2Fwp%2Fv2%2Fcomments&post=442580"}],"version-history":[{"count":0,"href":"https:\/\/arantv.az\/index.php?rest_route=\/wp\/v2\/posts\/442580\/revisions"}],"wp:featuredmedia":[{"embeddable":true,"href":"https:\/\/arantv.az\/index.php?rest_route=\/wp\/v2\/media\/442581"}],"wp:attachment":[{"href":"https:\/\/arantv.az\/index.php?rest_route=%2Fwp%2Fv2%2Fmedia&parent=442580"}],"wp:term":[{"taxonomy":"category","embeddable":true,"href":"https:\/\/arantv.az\/index.php?rest_route=%2Fwp%2Fv2%2Fcategories&post=442580"},{"taxonomy":"post_tag","embeddable":true,"href":"https:\/\/arantv.az\/index.php?rest_route=%2Fwp%2Fv2%2Ftags&post=442580"}],"curies":[{"name":"wp","href":"https:\/\/api.w.org\/{rel}","templated":true}]}}