{"id":442586,"date":"2022-02-23T07:07:19","date_gmt":"2022-02-23T04:07:19","guid":{"rendered":"http:\/\/arantv.az\/?p=442586"},"modified":"2022-02-23T07:07:19","modified_gmt":"2022-02-23T04:07:19","slug":"az%c9%99rbaycan-prezidenti-bu-s%c9%99n%c9%99d-h%c9%99m-d%c9%99-g%c9%99l%c9%99c%c9%99k-ucun-boyuk-perspektivl%c9%99r-acir","status":"publish","type":"post","link":"https:\/\/arantv.az\/?p=442586","title":{"rendered":"Az\u0259rbaycan Prezidenti: \u201cBu s\u0259n\u0259d h\u0259m d\u0259 g\u0259l\u0259c\u0259k \u00fc\u00e7\u00fcn b\u00f6y\u00fck perspektivl\u0259r a\u00e7\u0131r\u201d"},"content":{"rendered":"<p>Bu s\u0259n\u0259d t\u0259kc\u0259 \u00e7oxillik birg\u0259 i\u015f\u0259 yekun vurmaqla kifay\u0259tl\u0259nm\u0259yib, h\u0259m d\u0259 g\u0259l\u0259c\u0259k \u00fc\u00e7\u00fcn b\u00f6y\u00fck perspektivl\u0259r a\u00e7\u0131r. Biz qar\u015f\u0131l\u0131ql\u0131 siyasi f\u0259aliyy\u0259ti art\u0131racaq, \u0259vv\u0259l oldu\u011fu kimi, yen\u0259 bir-birimizi beyn\u0259lxalq qurumlarda d\u0259st\u0259kl\u0259y\u0259c\u0259k, qar\u015f\u0131l\u0131ql\u0131 ticar\u0259tin h\u0259cmini art\u0131racaq v\u0259 g\u00fcnd\u0259likd\u0259ki b\u00fct\u00fcn m\u0259s\u0259l\u0259l\u0259ri h\u0259ll ed\u0259c\u0259yik.<\/p>\n<p><a href=\"https:\/\/azertag.az\/\" target=\"_blank\" rel=\"noopener\">AZ\u018fRTAC<\/a>\u00a0x\u0259b\u0259r verir ki, bu bar\u0259d\u0259 Prezident \u0130lham \u018fliyev Moskvada m\u0259tbuata b\u0259yanat\u0131nda \u201cAz\u0259rbaycan Respublikas\u0131 il\u0259 Rusiya Federasiyas\u0131 aras\u0131nda m\u00fctt\u0259fiqlik qar\u015f\u0131l\u0131ql\u0131 f\u0259aliyy\u0259ti haqq\u0131nda B\u0259yannam\u0259\u201dnin \u0259h\u0259miyy\u0259tind\u0259n dan\u0131\u015fark\u0259n bildirib.<\/p>\n<p>\u201cQar\u015f\u0131l\u0131ql\u0131 investisiyalar\u0131n art\u0131r\u0131lmas\u0131 i\u015find\u0259 \u00e7ox \u00fcmidverici imkanlar var. Bu g\u00fcn biz n\u0259qliyyat sah\u0259sind\u0259, \u00f6z\u00fc d\u0259 t\u0259kc\u0259 ikit\u0259r\u0259fli formatda deyil, regionda yeni v\u0259ziyy\u0259t, yeni geosiyasi reall\u0131qlar n\u0259z\u0259r\u0259 al\u0131nmaqla \u00e7oxt\u0259r\u0259fli, regional formatda \u0259m\u0259kda\u015fl\u0131\u011f\u0131n d\u0259rinl\u0259\u015fdirilm\u0259si imkanlar\u0131n\u0131 da \u0259trafl\u0131 m\u00fczakir\u0259 etdik. Art\u0131q \u201c3+3\u201d deyil\u0259n \u0259m\u0259kda\u015fl\u0131q platformas\u0131 m\u00f6vcuddur. \u018fmin\u0259m ki, bu platforman\u0131n i\u015ftirak\u00e7\u0131lar\u0131 olan t\u0259r\u0259fl\u0259r ilk add\u0131m\u0131 atandan sonra, o c\u00fcml\u0259d\u0259n bu sah\u0259d\u0259 d\u0259 \u0259m\u0259kda\u015fl\u0131q ed\u0259c\u0259kl\u0259r. Bu g\u00fcn regionda kommunikasiyalar\u0131n a\u00e7\u0131lmas\u0131 m\u0259s\u0259l\u0259si d\u0259 m\u00fczakir\u0259 edildi v\u0259 d\u00fc\u015f\u00fcn\u00fcr\u0259m ki, bu m\u0259s\u0259l\u0259nin \u00e7ox yax\u015f\u0131 perspektivi var\u201d, &#8211; dey\u0259 Az\u0259rbaycan Prezidenti qeyd edib.<\/p>\n","protected":false},"excerpt":{"rendered":"<p>Bu s\u0259n\u0259d t\u0259kc\u0259 \u00e7oxillik birg\u0259 i\u015f\u0259 yekun vurmaqla kifay\u0259tl\u0259nm\u0259yib, h\u0259m d\u0259 g\u0259l\u0259c\u0259k \u00fc\u00e7\u00fcn b\u00f6y\u00fck perspektivl\u0259r a\u00e7\u0131r. Biz qar\u015f\u0131l\u0131ql\u0131 siyasi f\u0259aliyy\u0259ti art\u0131racaq, \u0259vv\u0259l oldu\u011fu kimi, yen\u0259 bir-birimizi beyn\u0259lxalq qurumlarda d\u0259st\u0259kl\u0259y\u0259c\u0259k, qar\u015f\u0131l\u0131ql\u0131 ticar\u0259tin h\u0259cmini art\u0131racaq v\u0259 g\u00fcnd\u0259likd\u0259ki b\u00fct\u00fcn m\u0259s\u0259l\u0259l\u0259ri h\u0259ll ed\u0259c\u0259yik. AZ\u018fRTAC\u00a0x\u0259b\u0259r verir ki, bu bar\u0259d\u0259 Prezident \u0130lham \u018fliyev Moskvada m\u0259tbuata b\u0259yanat\u0131nda \u201cAz\u0259rbaycan Respublikas\u0131 il\u0259 Rusiya Federasiyas\u0131 aras\u0131nda m\u00fctt\u0259fiqlik qar\u015f\u0131l\u0131ql\u0131 f\u0259aliyy\u0259ti haqq\u0131nda B\u0259yannam\u0259\u201dnin \u0259h\u0259miyy\u0259tind\u0259n dan\u0131\u015fark\u0259n bildirib. \u201cQar\u015f\u0131l\u0131ql\u0131 investisiyalar\u0131n art\u0131r\u0131lmas\u0131 i\u015find\u0259 \u00e7ox \u00fcmidverici imkanlar var. Bu g\u00fcn biz n\u0259qliyyat sah\u0259sind\u0259, \u00f6z\u00fc d\u0259 t\u0259kc\u0259 ikit\u0259r\u0259fli formatda deyil, regionda yeni v\u0259ziyy\u0259t, yeni geosiyasi reall\u0131qlar n\u0259z\u0259r\u0259&hellip;<\/p>\n","protected":false},"author":2,"featured_media":442587,"comment_status":"closed","ping_status":"closed","sticky":false,"template":"","format":"standard","meta":{"om_disable_all_campaigns":false,"_monsterinsights_skip_tracking":false,"_monsterinsights_sitenote_active":false,"_monsterinsights_sitenote_note":"","_monsterinsights_sitenote_category":0},"categories":[4],"tags":[],"aioseo_notices":[],"gutentor_comment":0,"rttpg_featured_image_url":{"full":["https:\/\/arantv.az\/wp-content\/uploads\/2022\/02\/1645561577361487137_1000x669.jpg",620,413,false],"landscape":["https:\/\/arantv.az\/wp-content\/uploads\/2022\/02\/1645561577361487137_1000x669.jpg",620,413,false],"portraits":["https:\/\/arantv.az\/wp-content\/uploads\/2022\/02\/1645561577361487137_1000x669.jpg",620,413,false],"thumbnail":["https:\/\/arantv.az\/wp-content\/uploads\/2022\/02\/1645561577361487137_1000x669-500x280.jpg",500,280,true],"medium":["https:\/\/arantv.az\/wp-content\/uploads\/2022\/02\/1645561577361487137_1000x669-548x365.jpg",548,365,true],"large":["https:\/\/arantv.az\/wp-content\/uploads\/2022\/02\/1645561577361487137_1000x669.jpg",620,413,false],"1536x1536":["https:\/\/arantv.az\/wp-content\/uploads\/2022\/02\/1645561577361487137_1000x669.jpg",620,413,false],"2048x2048":["https:\/\/arantv.az\/wp-content\/uploads\/2022\/02\/1645561577361487137_1000x669.jpg",620,413,false],"post-thumbnail":["https:\/\/arantv.az\/wp-content\/uploads\/2022\/02\/1645561577361487137_1000x669-240x172.jpg",240,172,true],"advps-thumb-one":["https:\/\/arantv.az\/wp-content\/uploads\/2022\/02\/1645561577361487137_1000x669.jpg",620,413,false]},"rttpg_author":{"display_name":"V\u00fcsal Rafiqo\u011flu","author_link":"https:\/\/arantv.az\/?author=2"},"rttpg_comment":0,"rttpg_category":"<a href=\"https:\/\/arantv.az\/?cat=4\" rel=\"category\">Siyas\u0259t<\/a>","rttpg_excerpt":"Bu s\u0259n\u0259d t\u0259kc\u0259 \u00e7oxillik birg\u0259 i\u015f\u0259 yekun vurmaqla kifay\u0259tl\u0259nm\u0259yib, h\u0259m d\u0259 g\u0259l\u0259c\u0259k \u00fc\u00e7\u00fcn b\u00f6y\u00fck perspektivl\u0259r a\u00e7\u0131r. Biz qar\u015f\u0131l\u0131ql\u0131 siyasi f\u0259aliyy\u0259ti art\u0131racaq, \u0259vv\u0259l oldu\u011fu kimi, yen\u0259 bir-birimizi beyn\u0259lxalq qurumlarda d\u0259st\u0259kl\u0259y\u0259c\u0259k, qar\u015f\u0131l\u0131ql\u0131 ticar\u0259tin h\u0259cmini art\u0131racaq v\u0259 g\u00fcnd\u0259likd\u0259ki b\u00fct\u00fcn m\u0259s\u0259l\u0259l\u0259ri h\u0259ll ed\u0259c\u0259yik. AZ\u018fRTAC\u00a0x\u0259b\u0259r verir ki, bu bar\u0259d\u0259 Prezident \u0130lham \u018fliyev Moskvada m\u0259tbuata b\u0259yanat\u0131nda \u201cAz\u0259rbaycan Respublikas\u0131 il\u0259 Rusiya Federasiyas\u0131&hellip;","_links":{"self":[{"href":"https:\/\/arantv.az\/index.php?rest_route=\/wp\/v2\/posts\/442586"}],"collection":[{"href":"https:\/\/arantv.az\/index.php?rest_route=\/wp\/v2\/posts"}],"about":[{"href":"https:\/\/arantv.az\/index.php?rest_route=\/wp\/v2\/types\/post"}],"author":[{"embeddable":true,"href":"https:\/\/arantv.az\/index.php?rest_route=\/wp\/v2\/users\/2"}],"replies":[{"embeddable":true,"href":"https:\/\/arantv.az\/index.php?rest_route=%2Fwp%2Fv2%2Fcomments&post=442586"}],"version-history":[{"count":0,"href":"https:\/\/arantv.az\/index.php?rest_route=\/wp\/v2\/posts\/442586\/revisions"}],"wp:featuredmedia":[{"embeddable":true,"href":"https:\/\/arantv.az\/index.php?rest_route=\/wp\/v2\/media\/442587"}],"wp:attachment":[{"href":"https:\/\/arantv.az\/index.php?rest_route=%2Fwp%2Fv2%2Fmedia&parent=442586"}],"wp:term":[{"taxonomy":"category","embeddable":true,"href":"https:\/\/arantv.az\/index.php?rest_route=%2Fwp%2Fv2%2Fcategories&post=442586"},{"taxonomy":"post_tag","embeddable":true,"href":"https:\/\/arantv.az\/index.php?rest_route=%2Fwp%2Fv2%2Ftags&post=442586"}],"curies":[{"name":"wp","href":"https:\/\/api.w.org\/{rel}","templated":true}]}}