{"id":442595,"date":"2022-02-23T07:09:45","date_gmt":"2022-02-23T04:09:45","guid":{"rendered":"http:\/\/arantv.az\/?p=442595"},"modified":"2022-02-23T07:09:45","modified_gmt":"2022-02-23T04:09:45","slug":"prezident-bu-b%c9%99yannam%c9%99-az%c9%99rbaycan-rusiya-munasib%c9%99tl%c9%99rini-mutt%c9%99fiqlik-s%c9%99viyy%c9%99sin%c9%99-cixarir","status":"publish","type":"post","link":"https:\/\/arantv.az\/?p=442595","title":{"rendered":"Prezident: \u201cBu B\u0259yannam\u0259 Az\u0259rbaycan-Rusiya m\u00fcnasib\u0259tl\u0259rini m\u00fctt\u0259fiqlik s\u0259viyy\u0259sin\u0259 \u00e7\u0131xar\u0131r\u201d"},"content":{"rendered":"<p>Az\u0259rbaycan v\u0259 Rusiya aras\u0131nda \u00e7ox geni\u015f m\u00fcqavil\u0259-h\u00fcquq bazas\u0131 var, 245 s\u0259n\u0259d imzalan\u0131b. Lakin onlar\u0131n aras\u0131nda bu g\u00fcn imzalanm\u0131\u015f B\u0259yannam\u0259 x\u00fcsusi \u0259h\u0259miyy\u0259t k\u0259sb edir.<\/p>\n<div class=\"AdviadNativeVideo\"><\/div>\n<p><a href=\"https:\/\/azertag.az\/\" target=\"_blank\" rel=\"noopener\">AZ\u018fRTAC<\/a>\u00a0x\u0259b\u0259r verir ki, bu fikirl\u0259ri Az\u0259rbaycan Respublikas\u0131n\u0131n Prezidenti \u0130lham \u018fliyev Moskvada m\u0259tbuata b\u0259yanat\u0131nda s\u00f6yl\u0259yib.<\/p>\n<p>D\u00f6vl\u0259timizin ba\u015f\u00e7\u0131s\u0131 deyib: \u201cBu B\u0259yannam\u0259 bizim m\u00fcnasib\u0259tl\u0259rimizi m\u00fctt\u0259fiqlik s\u0259viyy\u0259sin\u0259 \u00e7\u0131xar\u0131r. Bu, h\u0259m b\u00f6y\u00fck imtiyaz, h\u0259m d\u0259 b\u00f6y\u00fck m\u0259suliyy\u0259tdir. Biz bu g\u00fcn\u0259 t\u0259kidl\u0259, uzun m\u00fcdd\u0259t \u0259m\u0259kda\u015fl\u0131q potensial\u0131n\u0131 art\u0131rmaqla, s\u0259mimiyy\u0259t\u0259, mehriban qon\u015fulu\u011fa, praqmatizm\u0259, qar\u015f\u0131l\u0131ql\u0131 maraqlar\u0131n n\u0259z\u0259r\u0259 al\u0131nmas\u0131na \u0259saslanan m\u00fcnasib\u0259tl\u0259r qurmaqla g\u0259lib \u00e7atm\u0131\u015f\u0131q. M\u00fctt\u0259fiqlik qar\u015f\u0131l\u0131ql\u0131 f\u0259aliyy\u0259ti haqq\u0131nda B\u0259yannam\u0259 \u00fcz\u0259rind\u0259 praktiki i\u015f bir ild\u0259n bir q\u0259d\u0259r art\u0131q bundan \u0259vv\u0259l ba\u015flan\u0131b. Bu m\u00fcdd\u0259td\u0259 \u00f6lk\u0259l\u0259rimizin m\u00fcvafiq ekspert qruplar\u0131 t\u0259r\u0259find\u0259n 43 b\u0259ndd\u0259n ibar\u0259t olan v\u0259 praktiki olaraq f\u0259aliyy\u0259timizin b\u00fct\u00fcn \u0259sas sah\u0259l\u0259rini \u0259hat\u0259 ed\u0259n \u00e7ox geni\u015f s\u0259n\u0259d raz\u0131la\u015fd\u0131r\u0131l\u0131b\u201d.<\/p>\n<p>B\u0259yannam\u0259nin birinci b\u0259ndin\u0259 diqq\u0259t \u00e7\u0259k\u0259n Prezident \u0130lham \u018fliyev qeyd edib ki, t\u0259r\u0259fl\u0259r \u00f6z m\u00fcnasib\u0259tl\u0259rini m\u00fcst\u0259qilliy\u0259, d\u00f6vl\u0259t suverenliyin\u0259, \u0259razi b\u00fct\u00f6vl\u00fcy\u00fcn\u0259, s\u0259rh\u0259dl\u0259rin toxunulmazl\u0131\u011f\u0131na qar\u015f\u0131l\u0131ql\u0131 h\u00f6rm\u0259t v\u0259 bir-birinin daxili i\u015fl\u0259rin\u0259 qar\u0131\u015fmamaq \u0259sas\u0131nda quracaqlar. \u201cBu b\u0259nd bizim m\u00fcnasib\u0259tl\u0259rimizin xarakterin\u0259, ona d\u0259lal\u0259t edir ki, bu m\u00fcnasib\u0259tl\u0259r zaman\u0131n s\u0131na\u011f\u0131ndan \u00e7\u0131x\u0131b v\u0259 art\u0131q dediyim kimi, dostluq hissl\u0259rin\u0259, qar\u015f\u0131l\u0131ql\u0131 maraqlara v\u0259 g\u0259l\u0259c\u0259y\u0259 y\u00f6n\u0259lm\u0259y\u0259 \u0259saslan\u0131r. Ona g\u00f6r\u0259 ki, bu s\u0259n\u0259d t\u0259kc\u0259 \u00e7oxillik birg\u0259 i\u015f\u0259 yekun vurmaqla kifay\u0259tl\u0259nm\u0259yib, h\u0259m d\u0259 g\u0259l\u0259c\u0259k \u00fc\u00e7\u00fcn b\u00f6y\u00fck perspektivl\u0259r a\u00e7\u0131r\u201d, &#8211; dey\u0259 Az\u0259rbaycan Prezidenti vur\u011fulay\u0131b.<\/p>\n","protected":false},"excerpt":{"rendered":"<p>Az\u0259rbaycan v\u0259 Rusiya aras\u0131nda \u00e7ox geni\u015f m\u00fcqavil\u0259-h\u00fcquq bazas\u0131 var, 245 s\u0259n\u0259d imzalan\u0131b. Lakin onlar\u0131n aras\u0131nda bu g\u00fcn imzalanm\u0131\u015f B\u0259yannam\u0259 x\u00fcsusi \u0259h\u0259miyy\u0259t k\u0259sb edir. AZ\u018fRTAC\u00a0x\u0259b\u0259r verir ki, bu fikirl\u0259ri Az\u0259rbaycan Respublikas\u0131n\u0131n Prezidenti \u0130lham \u018fliyev Moskvada m\u0259tbuata b\u0259yanat\u0131nda s\u00f6yl\u0259yib. D\u00f6vl\u0259timizin ba\u015f\u00e7\u0131s\u0131 deyib: \u201cBu B\u0259yannam\u0259 bizim m\u00fcnasib\u0259tl\u0259rimizi m\u00fctt\u0259fiqlik s\u0259viyy\u0259sin\u0259 \u00e7\u0131xar\u0131r. Bu, h\u0259m b\u00f6y\u00fck imtiyaz, h\u0259m d\u0259 b\u00f6y\u00fck m\u0259suliyy\u0259tdir. Biz bu g\u00fcn\u0259 t\u0259kidl\u0259, uzun m\u00fcdd\u0259t \u0259m\u0259kda\u015fl\u0131q potensial\u0131n\u0131 art\u0131rmaqla, s\u0259mimiyy\u0259t\u0259, mehriban qon\u015fulu\u011fa, praqmatizm\u0259, qar\u015f\u0131l\u0131ql\u0131 maraqlar\u0131n n\u0259z\u0259r\u0259 al\u0131nmas\u0131na \u0259saslanan m\u00fcnasib\u0259tl\u0259r qurmaqla g\u0259lib \u00e7atm\u0131\u015f\u0131q. M\u00fctt\u0259fiqlik qar\u015f\u0131l\u0131ql\u0131 f\u0259aliyy\u0259ti haqq\u0131nda B\u0259yannam\u0259 \u00fcz\u0259rind\u0259 praktiki i\u015f bir ild\u0259n bir q\u0259d\u0259r art\u0131q&hellip;<\/p>\n","protected":false},"author":2,"featured_media":442596,"comment_status":"closed","ping_status":"closed","sticky":false,"template":"","format":"standard","meta":{"om_disable_all_campaigns":false,"_monsterinsights_skip_tracking":false,"_monsterinsights_sitenote_active":false,"_monsterinsights_sitenote_note":"","_monsterinsights_sitenote_category":0},"categories":[4],"tags":[],"aioseo_notices":[],"gutentor_comment":0,"rttpg_featured_image_url":{"full":["https:\/\/arantv.az\/wp-content\/uploads\/2022\/02\/FotoJet-37-2.jpg",620,413,false],"landscape":["https:\/\/arantv.az\/wp-content\/uploads\/2022\/02\/FotoJet-37-2.jpg",620,413,false],"portraits":["https:\/\/arantv.az\/wp-content\/uploads\/2022\/02\/FotoJet-37-2.jpg",620,413,false],"thumbnail":["https:\/\/arantv.az\/wp-content\/uploads\/2022\/02\/FotoJet-37-2-500x280.jpg",500,280,true],"medium":["https:\/\/arantv.az\/wp-content\/uploads\/2022\/02\/FotoJet-37-2-548x365.jpg",548,365,true],"large":["https:\/\/arantv.az\/wp-content\/uploads\/2022\/02\/FotoJet-37-2.jpg",620,413,false],"1536x1536":["https:\/\/arantv.az\/wp-content\/uploads\/2022\/02\/FotoJet-37-2.jpg",620,413,false],"2048x2048":["https:\/\/arantv.az\/wp-content\/uploads\/2022\/02\/FotoJet-37-2.jpg",620,413,false],"post-thumbnail":["https:\/\/arantv.az\/wp-content\/uploads\/2022\/02\/FotoJet-37-2-240x172.jpg",240,172,true],"advps-thumb-one":["https:\/\/arantv.az\/wp-content\/uploads\/2022\/02\/FotoJet-37-2.jpg",620,413,false]},"rttpg_author":{"display_name":"V\u00fcsal Rafiqo\u011flu","author_link":"https:\/\/arantv.az\/?author=2"},"rttpg_comment":0,"rttpg_category":"<a href=\"https:\/\/arantv.az\/?cat=4\" rel=\"category\">Siyas\u0259t<\/a>","rttpg_excerpt":"Az\u0259rbaycan v\u0259 Rusiya aras\u0131nda \u00e7ox geni\u015f m\u00fcqavil\u0259-h\u00fcquq bazas\u0131 var, 245 s\u0259n\u0259d imzalan\u0131b. Lakin onlar\u0131n aras\u0131nda bu g\u00fcn imzalanm\u0131\u015f B\u0259yannam\u0259 x\u00fcsusi \u0259h\u0259miyy\u0259t k\u0259sb edir. AZ\u018fRTAC\u00a0x\u0259b\u0259r verir ki, bu fikirl\u0259ri Az\u0259rbaycan Respublikas\u0131n\u0131n Prezidenti \u0130lham \u018fliyev Moskvada m\u0259tbuata b\u0259yanat\u0131nda s\u00f6yl\u0259yib. D\u00f6vl\u0259timizin ba\u015f\u00e7\u0131s\u0131 deyib: \u201cBu B\u0259yannam\u0259 bizim m\u00fcnasib\u0259tl\u0259rimizi m\u00fctt\u0259fiqlik s\u0259viyy\u0259sin\u0259 \u00e7\u0131xar\u0131r. Bu, h\u0259m b\u00f6y\u00fck imtiyaz, h\u0259m d\u0259 b\u00f6y\u00fck m\u0259suliyy\u0259tdir.&hellip;","_links":{"self":[{"href":"https:\/\/arantv.az\/index.php?rest_route=\/wp\/v2\/posts\/442595"}],"collection":[{"href":"https:\/\/arantv.az\/index.php?rest_route=\/wp\/v2\/posts"}],"about":[{"href":"https:\/\/arantv.az\/index.php?rest_route=\/wp\/v2\/types\/post"}],"author":[{"embeddable":true,"href":"https:\/\/arantv.az\/index.php?rest_route=\/wp\/v2\/users\/2"}],"replies":[{"embeddable":true,"href":"https:\/\/arantv.az\/index.php?rest_route=%2Fwp%2Fv2%2Fcomments&post=442595"}],"version-history":[{"count":0,"href":"https:\/\/arantv.az\/index.php?rest_route=\/wp\/v2\/posts\/442595\/revisions"}],"wp:featuredmedia":[{"embeddable":true,"href":"https:\/\/arantv.az\/index.php?rest_route=\/wp\/v2\/media\/442596"}],"wp:attachment":[{"href":"https:\/\/arantv.az\/index.php?rest_route=%2Fwp%2Fv2%2Fmedia&parent=442595"}],"wp:term":[{"taxonomy":"category","embeddable":true,"href":"https:\/\/arantv.az\/index.php?rest_route=%2Fwp%2Fv2%2Fcategories&post=442595"},{"taxonomy":"post_tag","embeddable":true,"href":"https:\/\/arantv.az\/index.php?rest_route=%2Fwp%2Fv2%2Ftags&post=442595"}],"curies":[{"name":"wp","href":"https:\/\/api.w.org\/{rel}","templated":true}]}}