{"id":442598,"date":"2022-02-23T07:10:12","date_gmt":"2022-02-23T04:10:12","guid":{"rendered":"http:\/\/arantv.az\/?p=442598"},"modified":"2022-02-23T07:10:12","modified_gmt":"2022-02-23T04:10:12","slug":"ilham-%c9%99liyev-az%c9%99rbaycan-sulh-muqavil%c9%99si-uz%c9%99rind%c9%99-is%c9%99-baslamaga-hazir-oldugunu-d%c9%99f%c9%99l%c9%99rl%c9%99-b%c9%99yan-edib","status":"publish","type":"post","link":"https:\/\/arantv.az\/?p=442598","title":{"rendered":"\u0130lham \u018fliyev: \u201cAz\u0259rbaycan s\u00fclh m\u00fcqavil\u0259si \u00fcz\u0259rind\u0259 i\u015f\u0259 ba\u015flama\u011fa haz\u0131r oldu\u011funu d\u0259f\u0259l\u0259rl\u0259 b\u0259yan edib\u201d"},"content":{"rendered":"<p>\u201c\u018flb\u0259tt\u0259, bu g\u00fcn biz regionda m\u00fcnaqi\u015f\u0259d\u0259n sonrak\u0131 v\u0259ziyy\u0259ti d\u0259 \u0259trafl\u0131 m\u00fczakir\u0259 etdik. Az\u0259rbaycan il\u0259 Erm\u0259nistan aras\u0131nda m\u00fcharib\u0259nin ba\u015fa \u00e7atmas\u0131nda v\u0259 m\u00fcnaqi\u015f\u0259d\u0259n sonrak\u0131 d\u00f6vrd\u0259 nizamlama s\u0259yl\u0259rind\u0259 roluna g\u00f6r\u0259 Rusiyaya v\u0259 \u015f\u0259xs\u0259n Prezident Vladimir Vladimirovi\u00e7 Putin\u0259 t\u0259\u015f\u0259kk\u00fcr edirik\u201d.<\/p>\n<div class=\"AdviadNativeVideo\"><\/div>\n<p>Bu s\u00f6zl\u0259ri Az\u0259rbaycan Respublikas\u0131n\u0131n Prezidenti \u0130lham \u018fliyev fevral\u0131n 22-d\u0259 Moskvada Rusiya Federasiyas\u0131n\u0131n Prezidenti Vladimir Putinl\u0259 m\u0259tbuata b\u0259yanat\u0131nda deyib.<\/p>\n<p>\u201cHesab edir\u0259m ki, bel\u0259 \u00e7oxillik, &#8211; otuz il\u0259 yax\u0131n, &#8211; qar\u015f\u0131durma, Az\u0259rbaycan\u0131n \u00fczl\u0259\u015fdiyi b\u00f6y\u00fck itkil\u0259r \u015f\u0259raitind\u0259 bir ild\u0259n bir q\u0259d\u0259r \u00e7ox vaxt ke\u00e7\u0259nd\u0259n sonra Az\u0259rbaycan v\u0259 Erm\u0259nistan \u0259n az\u0131 iki beyn\u0259lxalq formatda, m\u0259hz Rusiya, Az\u0259rbaycan v\u0259 Erm\u0259nistan\u0131n Ba\u015f nazirl\u0259rinin m\u00fcavinl\u0259ri s\u0259viyy\u0259sind\u0259 i\u015f\u00e7i qrup, habel\u0259 Rusiya, T\u00fcrkiy\u0259, \u0130ran, Az\u0259rbaycan v\u0259 Erm\u0259nistan\u0131n daxil oldu\u011fu \u201c3+3\u201d platformas\u0131nda f\u0259aliyy\u0259t g\u00f6st\u0259rirs\u0259, bu, art\u0131q bizim niyy\u0259tl\u0259rimizin g\u00f6st\u0259ricisidir.<\/p>\n<p>\u018flb\u0259tt\u0259, biz g\u00f6zl\u0259yirik ki, Erm\u0259nistan t\u0259r\u0259fi 9-10 noyabr 2020-ci il tarixli B\u0259yannam\u0259nin b\u00fct\u00fcn erm\u0259ni silahl\u0131 q\u00fcvv\u0259l\u0259rinin Az\u0259rbaycan \u0259razisind\u0259n \u00e7\u0131xar\u0131lmas\u0131, habel\u0259 Az\u0259rbaycan\u0131n \u0259sas hiss\u0259si il\u0259 Nax\u00e7\u0131van Muxtar Respublikas\u0131 aras\u0131nda kommunikasiyalar\u0131n a\u00e7\u0131lmas\u0131 bar\u0259d\u0259 b\u00fct\u00fcn b\u0259ndl\u0259ri tamamil\u0259 yerin\u0259 yetir\u0259c\u0259k. Bu, erm\u0259ni t\u0259r\u0259fin h\u00fcquqi \u00f6hd\u0259liyidir, lakin t\u0259\u0259ss\u00fcf ki, bu istiqam\u0259td\u0259 i\u015f \u00e7ox l\u0259ng gedir.<\/p>\n<p>Art\u0131q qeyd etdiyim kimi, Prezident Vladimir Vladimirovi\u00e7 Putin m\u00fcharib\u0259nin ba\u015fa \u00e7atmas\u0131nda, nizamlaman\u0131n qaynar fazadan siyasi nizamlama fazas\u0131na ke\u00e7m\u0259sind\u0259 m\u00fch\u00fcm rol oynay\u0131b. Bu g\u00fcn Rusiya Az\u0259rbaycan il\u0259 Erm\u0259nistan aras\u0131nda m\u00fcnasib\u0259tl\u0259rin normalla\u015fmas\u0131 \u00fc\u00e7\u00fcn yollar axtar\u0131\u015f\u0131nda bizim \u0259sas t\u0259r\u0259fda\u015f\u0131m\u0131zd\u0131r. Bunun \u00fc\u00e7\u00fcn imkanlar var. Az\u0259rbaycan s\u00fclh m\u00fcqavil\u0259si \u00fcz\u0259rind\u0259 i\u015f\u0259 ba\u015flama\u011fa haz\u0131r oldu\u011funu d\u0259f\u0259l\u0259rl\u0259 b\u0259yan edib. Bu m\u00fcqavil\u0259 \u00f6z aralar\u0131nda m\u00fcnasib\u0259tl\u0259ri t\u0259nziml\u0259m\u0259k ist\u0259y\u0259n h\u0259r hans\u0131 \u00f6lk\u0259l\u0259r \u00fc\u00e7\u00fcn z\u0259ruri olan s\u0259rh\u0259dl\u0259rin d\u0259qiql\u0259\u015fdirilm\u0259si, delimitasiyas\u0131 v\u0259 dig\u0259r m\u0259s\u0259l\u0259l\u0259ri d\u0259 \u0259hat\u0259 ed\u0259c\u0259k\u201d, &#8211; Az\u0259rbaycan\u0131n d\u00f6vl\u0259t ba\u015f\u00e7\u0131s\u0131 qeyd edib.<\/p>\n","protected":false},"excerpt":{"rendered":"<p>\u201c\u018flb\u0259tt\u0259, bu g\u00fcn biz regionda m\u00fcnaqi\u015f\u0259d\u0259n sonrak\u0131 v\u0259ziyy\u0259ti d\u0259 \u0259trafl\u0131 m\u00fczakir\u0259 etdik. Az\u0259rbaycan il\u0259 Erm\u0259nistan aras\u0131nda m\u00fcharib\u0259nin ba\u015fa \u00e7atmas\u0131nda v\u0259 m\u00fcnaqi\u015f\u0259d\u0259n sonrak\u0131 d\u00f6vrd\u0259 nizamlama s\u0259yl\u0259rind\u0259 roluna g\u00f6r\u0259 Rusiyaya v\u0259 \u015f\u0259xs\u0259n Prezident Vladimir Vladimirovi\u00e7 Putin\u0259 t\u0259\u015f\u0259kk\u00fcr edirik\u201d. Bu s\u00f6zl\u0259ri Az\u0259rbaycan Respublikas\u0131n\u0131n Prezidenti \u0130lham \u018fliyev fevral\u0131n 22-d\u0259 Moskvada Rusiya Federasiyas\u0131n\u0131n Prezidenti Vladimir Putinl\u0259 m\u0259tbuata b\u0259yanat\u0131nda deyib. \u201cHesab edir\u0259m ki, bel\u0259 \u00e7oxillik, &#8211; otuz il\u0259 yax\u0131n, &#8211; qar\u015f\u0131durma, Az\u0259rbaycan\u0131n \u00fczl\u0259\u015fdiyi b\u00f6y\u00fck itkil\u0259r \u015f\u0259raitind\u0259 bir ild\u0259n bir q\u0259d\u0259r \u00e7ox vaxt ke\u00e7\u0259nd\u0259n sonra Az\u0259rbaycan v\u0259 Erm\u0259nistan \u0259n az\u0131 iki beyn\u0259lxalq formatda, m\u0259hz Rusiya, Az\u0259rbaycan v\u0259&hellip;<\/p>\n","protected":false},"author":2,"featured_media":442599,"comment_status":"closed","ping_status":"closed","sticky":false,"template":"","format":"standard","meta":{"om_disable_all_campaigns":false,"_monsterinsights_skip_tracking":false,"_monsterinsights_sitenote_active":false,"_monsterinsights_sitenote_note":"","_monsterinsights_sitenote_category":0},"categories":[4],"tags":[],"aioseo_notices":[],"gutentor_comment":0,"rttpg_featured_image_url":{"full":["https:\/\/arantv.az\/wp-content\/uploads\/2022\/02\/2e3548b6-4f61-3a2b-8cae-68667fbcbad6_850-1.jpg",620,387,false],"landscape":["https:\/\/arantv.az\/wp-content\/uploads\/2022\/02\/2e3548b6-4f61-3a2b-8cae-68667fbcbad6_850-1.jpg",620,387,false],"portraits":["https:\/\/arantv.az\/wp-content\/uploads\/2022\/02\/2e3548b6-4f61-3a2b-8cae-68667fbcbad6_850-1.jpg",620,387,false],"thumbnail":["https:\/\/arantv.az\/wp-content\/uploads\/2022\/02\/2e3548b6-4f61-3a2b-8cae-68667fbcbad6_850-1-500x280.jpg",500,280,true],"medium":["https:\/\/arantv.az\/wp-content\/uploads\/2022\/02\/2e3548b6-4f61-3a2b-8cae-68667fbcbad6_850-1-585x365.jpg",585,365,true],"large":["https:\/\/arantv.az\/wp-content\/uploads\/2022\/02\/2e3548b6-4f61-3a2b-8cae-68667fbcbad6_850-1.jpg",620,387,false],"1536x1536":["https:\/\/arantv.az\/wp-content\/uploads\/2022\/02\/2e3548b6-4f61-3a2b-8cae-68667fbcbad6_850-1.jpg",620,387,false],"2048x2048":["https:\/\/arantv.az\/wp-content\/uploads\/2022\/02\/2e3548b6-4f61-3a2b-8cae-68667fbcbad6_850-1.jpg",620,387,false],"post-thumbnail":["https:\/\/arantv.az\/wp-content\/uploads\/2022\/02\/2e3548b6-4f61-3a2b-8cae-68667fbcbad6_850-1-240x172.jpg",240,172,true],"advps-thumb-one":["https:\/\/arantv.az\/wp-content\/uploads\/2022\/02\/2e3548b6-4f61-3a2b-8cae-68667fbcbad6_850-1.jpg",620,387,false]},"rttpg_author":{"display_name":"V\u00fcsal Rafiqo\u011flu","author_link":"https:\/\/arantv.az\/?author=2"},"rttpg_comment":0,"rttpg_category":"<a href=\"https:\/\/arantv.az\/?cat=4\" rel=\"category\">Siyas\u0259t<\/a>","rttpg_excerpt":"\u201c\u018flb\u0259tt\u0259, bu g\u00fcn biz regionda m\u00fcnaqi\u015f\u0259d\u0259n sonrak\u0131 v\u0259ziyy\u0259ti d\u0259 \u0259trafl\u0131 m\u00fczakir\u0259 etdik. Az\u0259rbaycan il\u0259 Erm\u0259nistan aras\u0131nda m\u00fcharib\u0259nin ba\u015fa \u00e7atmas\u0131nda v\u0259 m\u00fcnaqi\u015f\u0259d\u0259n sonrak\u0131 d\u00f6vrd\u0259 nizamlama s\u0259yl\u0259rind\u0259 roluna g\u00f6r\u0259 Rusiyaya v\u0259 \u015f\u0259xs\u0259n Prezident Vladimir Vladimirovi\u00e7 Putin\u0259 t\u0259\u015f\u0259kk\u00fcr edirik\u201d. Bu s\u00f6zl\u0259ri Az\u0259rbaycan Respublikas\u0131n\u0131n Prezidenti \u0130lham \u018fliyev fevral\u0131n 22-d\u0259 Moskvada Rusiya Federasiyas\u0131n\u0131n Prezidenti Vladimir Putinl\u0259 m\u0259tbuata b\u0259yanat\u0131nda deyib. \u201cHesab&hellip;","_links":{"self":[{"href":"https:\/\/arantv.az\/index.php?rest_route=\/wp\/v2\/posts\/442598"}],"collection":[{"href":"https:\/\/arantv.az\/index.php?rest_route=\/wp\/v2\/posts"}],"about":[{"href":"https:\/\/arantv.az\/index.php?rest_route=\/wp\/v2\/types\/post"}],"author":[{"embeddable":true,"href":"https:\/\/arantv.az\/index.php?rest_route=\/wp\/v2\/users\/2"}],"replies":[{"embeddable":true,"href":"https:\/\/arantv.az\/index.php?rest_route=%2Fwp%2Fv2%2Fcomments&post=442598"}],"version-history":[{"count":0,"href":"https:\/\/arantv.az\/index.php?rest_route=\/wp\/v2\/posts\/442598\/revisions"}],"wp:featuredmedia":[{"embeddable":true,"href":"https:\/\/arantv.az\/index.php?rest_route=\/wp\/v2\/media\/442599"}],"wp:attachment":[{"href":"https:\/\/arantv.az\/index.php?rest_route=%2Fwp%2Fv2%2Fmedia&parent=442598"}],"wp:term":[{"taxonomy":"category","embeddable":true,"href":"https:\/\/arantv.az\/index.php?rest_route=%2Fwp%2Fv2%2Fcategories&post=442598"},{"taxonomy":"post_tag","embeddable":true,"href":"https:\/\/arantv.az\/index.php?rest_route=%2Fwp%2Fv2%2Ftags&post=442598"}],"curies":[{"name":"wp","href":"https:\/\/api.w.org\/{rel}","templated":true}]}}