{"id":442601,"date":"2022-02-23T07:10:40","date_gmt":"2022-02-23T04:10:40","guid":{"rendered":"http:\/\/arantv.az\/?p=442601"},"modified":"2022-02-23T07:10:40","modified_gmt":"2022-02-23T04:10:40","slug":"dovl%c9%99t-bascisi-az%c9%99rbaycanda-rus-dilind%c9%99-t%c9%99hsil%c9%99-maraq-artir","status":"publish","type":"post","link":"https:\/\/arantv.az\/?p=442601","title":{"rendered":"D\u00f6vl\u0259t ba\u015f\u00e7\u0131s\u0131: \u201cAz\u0259rbaycanda rus dilind\u0259 t\u0259hsil\u0259 maraq art\u0131r\u201d"},"content":{"rendered":"<p>\u201cQar\u015f\u0131l\u0131ql\u0131 investisiyalar\u0131n art\u0131r\u0131lmas\u0131 i\u015find\u0259 \u00e7ox \u00fcmidverici imkanlar var. Bu g\u00fcn biz n\u0259qliyyat sah\u0259sind\u0259, \u00f6z\u00fc d\u0259 t\u0259kc\u0259 ikit\u0259r\u0259fli formatda deyil, regionda yeni v\u0259ziyy\u0259t, yeni geosiyasi reall\u0131qlar n\u0259z\u0259r\u0259 al\u0131nmaqla \u00e7oxt\u0259r\u0259fli, regional formatda \u0259m\u0259kda\u015fl\u0131\u011f\u0131n d\u0259rinl\u0259\u015fdirilm\u0259si imkanlar\u0131n\u0131 da \u0259trafl\u0131 m\u00fczakir\u0259 etdik. Art\u0131q \u201c3+3\u201d deyil\u0259n \u0259m\u0259kda\u015fl\u0131q platformas\u0131 m\u00f6vcuddur. \u018fmin\u0259m ki, bu platforman\u0131n i\u015ftirak\u00e7\u0131lar\u0131 olan t\u0259r\u0259fl\u0259r ilk add\u0131m\u0131 atandan sonra, o c\u00fcml\u0259d\u0259n bu sah\u0259d\u0259 d\u0259 \u0259m\u0259kda\u015fl\u0131q ed\u0259c\u0259kl\u0259r\u201d.<\/p>\n<div class=\"AdviadNativeVideo\"><\/div>\n<p>Bu s\u00f6zl\u0259ri Az\u0259rbaycan Respublikas\u0131n\u0131n Prezidenti \u0130lham \u018fliyev fevral\u0131n 22-d\u0259 Moskvada Rusiya Federasiyas\u0131n\u0131n Prezidenti Vladimir Putinl\u0259 m\u0259tbuata b\u0259yanat\u0131nda deyib.<\/p>\n<p>\u201cBu g\u00fcn regionda kommunikasiyalar\u0131n a\u00e7\u0131lmas\u0131 m\u0259s\u0259l\u0259si d\u0259 m\u00fczakir\u0259 edildi v\u0259 d\u00fc\u015f\u00fcn\u00fcr\u0259m ki, bu m\u0259s\u0259l\u0259nin \u00e7ox yax\u015f\u0131 perspektivi var. Bizim f\u0259aliyy\u0259timizi, humanitar \u0259m\u0259kda\u015fl\u0131q \u00fczr\u0259 birg\u0259 f\u0259aliyy\u0259timizi qiym\u0259tl\u0259ndirdiyin\u0259 g\u00f6r\u0259 Vladimir Vladimirovi\u00e7\u0259 t\u0259\u015f\u0259kk\u00fcr edir\u0259m. Bu sah\u0259 h\u0259mi\u015f\u0259 prezidentl\u0259rin diqq\u0259t m\u0259rk\u0259zind\u0259dir. Biz dem\u0259k olar ki, bu sah\u0259nin inki\u015faf\u0131na m\u00fcvafiq impuls veririk v\u0259 Rusiyada t\u0259hsil alan az\u0259rbaycanl\u0131 t\u0259l\u0259b\u0259l\u0259rin say\u0131 v\u0259 t\u0259hsilin rus dilind\u0259 oldu\u011fu m\u0259kt\u0259bl\u0259rin say\u0131 bar\u0259d\u0259 Vladimir Vladimirovi\u00e7in g\u0259tirdiyi r\u0259q\u0259ml\u0259r \u0259lam\u0259tdard\u0131r, onlar \u00f6zl\u0259ri \u00e7ox \u015feyi deyir. Buna onu \u0259lav\u0259 etm\u0259k ist\u0259rdim ki, Az\u0259rbaycanda ali m\u0259kt\u0259bl\u0259rin rus b\u00f6lm\u0259sind\u0259 15 mind\u0259n \u00e7ox t\u0259l\u0259b\u0259 t\u0259hsil al\u0131r v\u0259 rus dilind\u0259 t\u0259hsil\u0259 maraq art\u0131r. \u00d6lk\u0259mizd\u0259 Moskva D\u00f6vl\u0259t Universitetinin, Se\u00e7enov ad\u0131na Tibb Akademiyas\u0131n\u0131n filiallar\u0131 f\u0259aliyy\u0259t g\u00f6st\u0259rir v\u0259 biz \u0259m\u0259kda\u015fl\u0131q potensial\u0131n\u0131 art\u0131rmaq niyy\u0259tind\u0259yik\u201d, &#8211; d\u00f6vl\u0259t ba\u015f\u00e7\u0131s\u0131 qeyd edib.<\/p>\n<p>\u201cBiz bu il Bak\u0131 Humanitar Forumunun m\u00fcnt\u0259z\u0259m ke\u00e7irilm\u0259sini d\u0259 b\u0259rpa etm\u0259yi planla\u015fd\u0131r\u0131r\u0131q. Rusiya v\u0259 Az\u0259rbaycan prezidentl\u0259rinin himay\u0259si alt\u0131nda ke\u00e7iril\u0259n v\u0259 ke\u00e7iril\u0259c\u0259k Forumda pandemiya s\u0259b\u0259bind\u0259n fasil\u0259 yaranm\u0131\u015fd\u0131. Bu g\u00fcn biz i\u015f\u011faldan azad edilmi\u015f \u0259razil\u0259rd\u0259 apar\u0131lan i\u015fl\u0259rd\u0259 Rusiya \u015firk\u0259tl\u0259rinin i\u015ftirak\u0131 il\u0259 ba\u011fl\u0131 m\u0259s\u0259l\u0259l\u0259ri d\u0259 m\u00fczakir\u0259 etdik, bu i\u015f\u0259 b\u00f6y\u00fck maraq var. Bu g\u00fcn\u0259 q\u0259d\u0259r art\u0131q Rusiya \u015firk\u0259tl\u0259rind\u0259n 14 sifari\u015f al\u0131n\u0131b v\u0259 biz h\u0259min sifari\u015fl\u0259ri diqq\u0259tl\u0259 n\u0259z\u0259rd\u0259n ke\u00e7iririk. Hesab edir\u0259m ki, bu sah\u0259 bizim \u0259m\u0259kda\u015fl\u0131\u011f\u0131m\u0131z\u0131n yeni sah\u0259sidir. O, h\u0259m praktiki bax\u0131mdan faydal\u0131 olacaq, h\u0259m d\u0259 bizim qar\u015f\u0131l\u0131ql\u0131 f\u0259aliyy\u0259timizin s\u0259viyy\u0259sini art\u0131racaq\u201d, &#8211; Az\u0259rbaycan Prezidenti vur\u011fulay\u0131b.<\/p>\n","protected":false},"excerpt":{"rendered":"<p>\u201cQar\u015f\u0131l\u0131ql\u0131 investisiyalar\u0131n art\u0131r\u0131lmas\u0131 i\u015find\u0259 \u00e7ox \u00fcmidverici imkanlar var. Bu g\u00fcn biz n\u0259qliyyat sah\u0259sind\u0259, \u00f6z\u00fc d\u0259 t\u0259kc\u0259 ikit\u0259r\u0259fli formatda deyil, regionda yeni v\u0259ziyy\u0259t, yeni geosiyasi reall\u0131qlar n\u0259z\u0259r\u0259 al\u0131nmaqla \u00e7oxt\u0259r\u0259fli, regional formatda \u0259m\u0259kda\u015fl\u0131\u011f\u0131n d\u0259rinl\u0259\u015fdirilm\u0259si imkanlar\u0131n\u0131 da \u0259trafl\u0131 m\u00fczakir\u0259 etdik. Art\u0131q \u201c3+3\u201d deyil\u0259n \u0259m\u0259kda\u015fl\u0131q platformas\u0131 m\u00f6vcuddur. \u018fmin\u0259m ki, bu platforman\u0131n i\u015ftirak\u00e7\u0131lar\u0131 olan t\u0259r\u0259fl\u0259r ilk add\u0131m\u0131 atandan sonra, o c\u00fcml\u0259d\u0259n bu sah\u0259d\u0259 d\u0259 \u0259m\u0259kda\u015fl\u0131q ed\u0259c\u0259kl\u0259r\u201d. Bu s\u00f6zl\u0259ri Az\u0259rbaycan Respublikas\u0131n\u0131n Prezidenti \u0130lham \u018fliyev fevral\u0131n 22-d\u0259 Moskvada Rusiya Federasiyas\u0131n\u0131n Prezidenti Vladimir Putinl\u0259 m\u0259tbuata b\u0259yanat\u0131nda deyib. \u201cBu g\u00fcn regionda kommunikasiyalar\u0131n a\u00e7\u0131lmas\u0131 m\u0259s\u0259l\u0259si d\u0259 m\u00fczakir\u0259 edildi v\u0259 d\u00fc\u015f\u00fcn\u00fcr\u0259m&hellip;<\/p>\n","protected":false},"author":2,"featured_media":442602,"comment_status":"closed","ping_status":"closed","sticky":false,"template":"","format":"standard","meta":{"om_disable_all_campaigns":false,"_monsterinsights_skip_tracking":false,"_monsterinsights_sitenote_active":false,"_monsterinsights_sitenote_note":"","_monsterinsights_sitenote_category":0},"categories":[4],"tags":[],"aioseo_notices":[],"gutentor_comment":0,"rttpg_featured_image_url":{"full":["https:\/\/arantv.az\/wp-content\/uploads\/2022\/02\/6df11acb-ab7a-3c5b-a6f1-798f1d2b719f_850.jpg",620,387,false],"landscape":["https:\/\/arantv.az\/wp-content\/uploads\/2022\/02\/6df11acb-ab7a-3c5b-a6f1-798f1d2b719f_850.jpg",620,387,false],"portraits":["https:\/\/arantv.az\/wp-content\/uploads\/2022\/02\/6df11acb-ab7a-3c5b-a6f1-798f1d2b719f_850.jpg",620,387,false],"thumbnail":["https:\/\/arantv.az\/wp-content\/uploads\/2022\/02\/6df11acb-ab7a-3c5b-a6f1-798f1d2b719f_850-500x280.jpg",500,280,true],"medium":["https:\/\/arantv.az\/wp-content\/uploads\/2022\/02\/6df11acb-ab7a-3c5b-a6f1-798f1d2b719f_850-585x365.jpg",585,365,true],"large":["https:\/\/arantv.az\/wp-content\/uploads\/2022\/02\/6df11acb-ab7a-3c5b-a6f1-798f1d2b719f_850.jpg",620,387,false],"1536x1536":["https:\/\/arantv.az\/wp-content\/uploads\/2022\/02\/6df11acb-ab7a-3c5b-a6f1-798f1d2b719f_850.jpg",620,387,false],"2048x2048":["https:\/\/arantv.az\/wp-content\/uploads\/2022\/02\/6df11acb-ab7a-3c5b-a6f1-798f1d2b719f_850.jpg",620,387,false],"post-thumbnail":["https:\/\/arantv.az\/wp-content\/uploads\/2022\/02\/6df11acb-ab7a-3c5b-a6f1-798f1d2b719f_850-240x172.jpg",240,172,true],"advps-thumb-one":["https:\/\/arantv.az\/wp-content\/uploads\/2022\/02\/6df11acb-ab7a-3c5b-a6f1-798f1d2b719f_850.jpg",620,387,false]},"rttpg_author":{"display_name":"V\u00fcsal Rafiqo\u011flu","author_link":"https:\/\/arantv.az\/?author=2"},"rttpg_comment":0,"rttpg_category":"<a href=\"https:\/\/arantv.az\/?cat=4\" rel=\"category\">Siyas\u0259t<\/a>","rttpg_excerpt":"\u201cQar\u015f\u0131l\u0131ql\u0131 investisiyalar\u0131n art\u0131r\u0131lmas\u0131 i\u015find\u0259 \u00e7ox \u00fcmidverici imkanlar var. Bu g\u00fcn biz n\u0259qliyyat sah\u0259sind\u0259, \u00f6z\u00fc d\u0259 t\u0259kc\u0259 ikit\u0259r\u0259fli formatda deyil, regionda yeni v\u0259ziyy\u0259t, yeni geosiyasi reall\u0131qlar n\u0259z\u0259r\u0259 al\u0131nmaqla \u00e7oxt\u0259r\u0259fli, regional formatda \u0259m\u0259kda\u015fl\u0131\u011f\u0131n d\u0259rinl\u0259\u015fdirilm\u0259si imkanlar\u0131n\u0131 da \u0259trafl\u0131 m\u00fczakir\u0259 etdik. Art\u0131q \u201c3+3\u201d deyil\u0259n \u0259m\u0259kda\u015fl\u0131q platformas\u0131 m\u00f6vcuddur. \u018fmin\u0259m ki, bu platforman\u0131n i\u015ftirak\u00e7\u0131lar\u0131 olan t\u0259r\u0259fl\u0259r ilk add\u0131m\u0131 atandan sonra, o&hellip;","_links":{"self":[{"href":"https:\/\/arantv.az\/index.php?rest_route=\/wp\/v2\/posts\/442601"}],"collection":[{"href":"https:\/\/arantv.az\/index.php?rest_route=\/wp\/v2\/posts"}],"about":[{"href":"https:\/\/arantv.az\/index.php?rest_route=\/wp\/v2\/types\/post"}],"author":[{"embeddable":true,"href":"https:\/\/arantv.az\/index.php?rest_route=\/wp\/v2\/users\/2"}],"replies":[{"embeddable":true,"href":"https:\/\/arantv.az\/index.php?rest_route=%2Fwp%2Fv2%2Fcomments&post=442601"}],"version-history":[{"count":0,"href":"https:\/\/arantv.az\/index.php?rest_route=\/wp\/v2\/posts\/442601\/revisions"}],"wp:featuredmedia":[{"embeddable":true,"href":"https:\/\/arantv.az\/index.php?rest_route=\/wp\/v2\/media\/442602"}],"wp:attachment":[{"href":"https:\/\/arantv.az\/index.php?rest_route=%2Fwp%2Fv2%2Fmedia&parent=442601"}],"wp:term":[{"taxonomy":"category","embeddable":true,"href":"https:\/\/arantv.az\/index.php?rest_route=%2Fwp%2Fv2%2Fcategories&post=442601"},{"taxonomy":"post_tag","embeddable":true,"href":"https:\/\/arantv.az\/index.php?rest_route=%2Fwp%2Fv2%2Ftags&post=442601"}],"curies":[{"name":"wp","href":"https:\/\/api.w.org\/{rel}","templated":true}]}}