{"id":442604,"date":"2022-02-23T07:11:12","date_gmt":"2022-02-23T04:11:12","guid":{"rendered":"http:\/\/arantv.az\/?p=442604"},"modified":"2022-02-23T07:11:12","modified_gmt":"2022-02-23T04:11:12","slug":"ilham-%c9%99liyev-bizim-gorusl%c9%99rimiz-munt%c9%99z%c9%99m-xarakter-dasiyir","status":"publish","type":"post","link":"https:\/\/arantv.az\/?p=442604","title":{"rendered":"\u0130lham \u018fliyev: \u201cBizim g\u00f6r\u00fc\u015fl\u0259rimiz m\u00fcnt\u0259z\u0259m xarakter da\u015f\u0131y\u0131r\u201d"},"content":{"rendered":"<p>\u201c\u0130lk n\u00f6vb\u0259d\u0259, Rusiyaya r\u0259smi s\u0259f\u0259r\u0259 d\u0259v\u0259t\u0259 g\u00f6r\u0259 Siz\u0259 t\u0259\u015f\u0259kk\u00fcr\u00fcm\u00fc bildirm\u0259k ist\u0259rdim. M\u0259n yenid\u0259n Moskvada olma\u011f\u0131ma \u00e7ox \u015fadam. Bizim g\u00f6r\u00fc\u015fl\u0259rimiz m\u00fcnt\u0259z\u0259m xarakter da\u015f\u0131y\u0131r\u201d.<\/p>\n<p>Bu s\u00f6zl\u0259ri Az\u0259rbaycan Respublikas\u0131n\u0131n Prezidenti \u0130lham \u018fliyev fevral\u0131n 22-d\u0259 Moskvada Rusiya Federasiyas\u0131n\u0131n Prezidenti Vladimir Putinl\u0259 m\u0259tbuata b\u0259yanat\u0131nda deyib.<\/p>\n<p>\u201cT\u0259xmin\u0259n \u00fc\u00e7 ay bundan \u0259vv\u0259l d\u0259 g\u00f6r\u00fc\u015fd\u00fck v\u0259 ikit\u0259r\u0259fli g\u00fcnd\u0259liy\u0259, regional probleml\u0259r\u0259 aid m\u00fch\u00fcm m\u0259s\u0259l\u0259l\u0259ri m\u00fczakir\u0259 etdik. Bizim g\u00f6r\u00fc\u015fl\u0259rimizin intensivliyi \u0259laq\u0259l\u0259rimizin inki\u015faf\u0131n\u0131n dinamik xarakter da\u015f\u0131mas\u0131na parlaq s\u00fcbutdur. Rusiya il\u0259 Az\u0259rbaycan\u0131 \u00e7ox\u0259srlik dostluq, mehriban qon\u015fuluq tell\u0259ri ba\u011flay\u0131r. Vladimir Vladimirovi\u00e7in qeyd etdiyi kimi, bu \u0259laq\u0259l\u0259r bu g\u00fcn keyfiyy\u0259tc\u0259 yeni s\u0259viyy\u0259y\u0259 \u00e7at\u0131b\u201d, &#8211; Az\u0259rbaycan lideri \u0259lav\u0259 edib.<\/p>\n","protected":false},"excerpt":{"rendered":"<p>\u201c\u0130lk n\u00f6vb\u0259d\u0259, Rusiyaya r\u0259smi s\u0259f\u0259r\u0259 d\u0259v\u0259t\u0259 g\u00f6r\u0259 Siz\u0259 t\u0259\u015f\u0259kk\u00fcr\u00fcm\u00fc bildirm\u0259k ist\u0259rdim. M\u0259n yenid\u0259n Moskvada olma\u011f\u0131ma \u00e7ox \u015fadam. Bizim g\u00f6r\u00fc\u015fl\u0259rimiz m\u00fcnt\u0259z\u0259m xarakter da\u015f\u0131y\u0131r\u201d. Bu s\u00f6zl\u0259ri Az\u0259rbaycan Respublikas\u0131n\u0131n Prezidenti \u0130lham \u018fliyev fevral\u0131n 22-d\u0259 Moskvada Rusiya Federasiyas\u0131n\u0131n Prezidenti Vladimir Putinl\u0259 m\u0259tbuata b\u0259yanat\u0131nda deyib. \u201cT\u0259xmin\u0259n \u00fc\u00e7 ay bundan \u0259vv\u0259l d\u0259 g\u00f6r\u00fc\u015fd\u00fck v\u0259 ikit\u0259r\u0259fli g\u00fcnd\u0259liy\u0259, regional probleml\u0259r\u0259 aid m\u00fch\u00fcm m\u0259s\u0259l\u0259l\u0259ri m\u00fczakir\u0259 etdik. Bizim g\u00f6r\u00fc\u015fl\u0259rimizin intensivliyi \u0259laq\u0259l\u0259rimizin inki\u015faf\u0131n\u0131n dinamik xarakter da\u015f\u0131mas\u0131na parlaq s\u00fcbutdur. Rusiya il\u0259 Az\u0259rbaycan\u0131 \u00e7ox\u0259srlik dostluq, mehriban qon\u015fuluq tell\u0259ri ba\u011flay\u0131r. Vladimir Vladimirovi\u00e7in qeyd etdiyi kimi, bu \u0259laq\u0259l\u0259r bu g\u00fcn keyfiyy\u0259tc\u0259 yeni s\u0259viyy\u0259y\u0259 \u00e7at\u0131b\u201d, &#8211;&hellip;<\/p>\n","protected":false},"author":2,"featured_media":442605,"comment_status":"closed","ping_status":"closed","sticky":false,"template":"","format":"standard","meta":{"om_disable_all_campaigns":false,"_monsterinsights_skip_tracking":false,"_monsterinsights_sitenote_active":false,"_monsterinsights_sitenote_note":"","_monsterinsights_sitenote_category":0},"categories":[4],"tags":[],"aioseo_notices":[],"gutentor_comment":0,"rttpg_featured_image_url":{"full":["https:\/\/arantv.az\/wp-content\/uploads\/2022\/02\/164555721526923925_1000x669.jpg",620,409,false],"landscape":["https:\/\/arantv.az\/wp-content\/uploads\/2022\/02\/164555721526923925_1000x669.jpg",620,409,false],"portraits":["https:\/\/arantv.az\/wp-content\/uploads\/2022\/02\/164555721526923925_1000x669.jpg",620,409,false],"thumbnail":["https:\/\/arantv.az\/wp-content\/uploads\/2022\/02\/164555721526923925_1000x669-500x280.jpg",500,280,true],"medium":["https:\/\/arantv.az\/wp-content\/uploads\/2022\/02\/164555721526923925_1000x669-553x365.jpg",553,365,true],"large":["https:\/\/arantv.az\/wp-content\/uploads\/2022\/02\/164555721526923925_1000x669.jpg",620,409,false],"1536x1536":["https:\/\/arantv.az\/wp-content\/uploads\/2022\/02\/164555721526923925_1000x669.jpg",620,409,false],"2048x2048":["https:\/\/arantv.az\/wp-content\/uploads\/2022\/02\/164555721526923925_1000x669.jpg",620,409,false],"post-thumbnail":["https:\/\/arantv.az\/wp-content\/uploads\/2022\/02\/164555721526923925_1000x669-240x172.jpg",240,172,true],"advps-thumb-one":["https:\/\/arantv.az\/wp-content\/uploads\/2022\/02\/164555721526923925_1000x669.jpg",620,409,false]},"rttpg_author":{"display_name":"V\u00fcsal Rafiqo\u011flu","author_link":"https:\/\/arantv.az\/?author=2"},"rttpg_comment":0,"rttpg_category":"<a href=\"https:\/\/arantv.az\/?cat=4\" rel=\"category\">Siyas\u0259t<\/a>","rttpg_excerpt":"\u201c\u0130lk n\u00f6vb\u0259d\u0259, Rusiyaya r\u0259smi s\u0259f\u0259r\u0259 d\u0259v\u0259t\u0259 g\u00f6r\u0259 Siz\u0259 t\u0259\u015f\u0259kk\u00fcr\u00fcm\u00fc bildirm\u0259k ist\u0259rdim. M\u0259n yenid\u0259n Moskvada olma\u011f\u0131ma \u00e7ox \u015fadam. Bizim g\u00f6r\u00fc\u015fl\u0259rimiz m\u00fcnt\u0259z\u0259m xarakter da\u015f\u0131y\u0131r\u201d. Bu s\u00f6zl\u0259ri Az\u0259rbaycan Respublikas\u0131n\u0131n Prezidenti \u0130lham \u018fliyev fevral\u0131n 22-d\u0259 Moskvada Rusiya Federasiyas\u0131n\u0131n Prezidenti Vladimir Putinl\u0259 m\u0259tbuata b\u0259yanat\u0131nda deyib. \u201cT\u0259xmin\u0259n \u00fc\u00e7 ay bundan \u0259vv\u0259l d\u0259 g\u00f6r\u00fc\u015fd\u00fck v\u0259 ikit\u0259r\u0259fli g\u00fcnd\u0259liy\u0259, regional probleml\u0259r\u0259 aid m\u00fch\u00fcm m\u0259s\u0259l\u0259l\u0259ri&hellip;","_links":{"self":[{"href":"https:\/\/arantv.az\/index.php?rest_route=\/wp\/v2\/posts\/442604"}],"collection":[{"href":"https:\/\/arantv.az\/index.php?rest_route=\/wp\/v2\/posts"}],"about":[{"href":"https:\/\/arantv.az\/index.php?rest_route=\/wp\/v2\/types\/post"}],"author":[{"embeddable":true,"href":"https:\/\/arantv.az\/index.php?rest_route=\/wp\/v2\/users\/2"}],"replies":[{"embeddable":true,"href":"https:\/\/arantv.az\/index.php?rest_route=%2Fwp%2Fv2%2Fcomments&post=442604"}],"version-history":[{"count":0,"href":"https:\/\/arantv.az\/index.php?rest_route=\/wp\/v2\/posts\/442604\/revisions"}],"wp:featuredmedia":[{"embeddable":true,"href":"https:\/\/arantv.az\/index.php?rest_route=\/wp\/v2\/media\/442605"}],"wp:attachment":[{"href":"https:\/\/arantv.az\/index.php?rest_route=%2Fwp%2Fv2%2Fmedia&parent=442604"}],"wp:term":[{"taxonomy":"category","embeddable":true,"href":"https:\/\/arantv.az\/index.php?rest_route=%2Fwp%2Fv2%2Fcategories&post=442604"},{"taxonomy":"post_tag","embeddable":true,"href":"https:\/\/arantv.az\/index.php?rest_route=%2Fwp%2Fv2%2Ftags&post=442604"}],"curies":[{"name":"wp","href":"https:\/\/api.w.org\/{rel}","templated":true}]}}