{"id":442610,"date":"2022-02-23T07:12:22","date_gmt":"2022-02-23T04:12:22","guid":{"rendered":"http:\/\/arantv.az\/?p=442610"},"modified":"2022-02-23T07:12:22","modified_gmt":"2022-02-23T04:12:22","slug":"ilham-%c9%99liyev-bu-s%c9%99f%c9%99r-dovl%c9%99tl%c9%99rarasi-munasib%c9%99tl%c9%99r-tarixind%c9%99-qalacaq","status":"publish","type":"post","link":"https:\/\/arantv.az\/?p=442610","title":{"rendered":"\u0130lham \u018fliyev: \u201cBu s\u0259f\u0259r d\u00f6vl\u0259tl\u0259raras\u0131 m\u00fcnasib\u0259tl\u0259r tarixind\u0259 qalacaq\u201d"},"content":{"rendered":"<p>Az\u0259rbaycan Prezidenti \u0130lham \u018fliyev bildirib ki, onun Rusiya Federasiyas\u0131na haz\u0131rk\u0131\u00a0s\u0259f\u0259ri d\u00f6vl\u0259tl\u0259raras\u0131 m\u00fcnasib\u0259tl\u0259r tarixind\u0259 qalacaq.<\/p>\n<p>Bunu d\u00f6vl\u0259t ba\u015f\u00e7\u0131s\u0131 Rusiyan\u0131n ba\u015f naziri Mixail Mi\u015fustinl\u0259 g\u00f6r\u00fc\u015f\u00fc zaman\u0131 b\u0259yan edib.<\/p>\n<div class=\"AdviadNativeVideo\"><\/div>\n<p>O, iki \u00f6lk\u0259 aras\u0131nda ticari-iqtisadi \u0259laq\u0259l\u0259rin inki\u015faf\u0131na g\u00f6st\u0259rdiyi \u015f\u0259xsi diqq\u0259t\u0259 g\u00f6r\u0259 Mi\u015fustin\u0259 t\u0259\u015f\u0259kk\u00fcr edib.<\/p>\n<p>Az\u0259rbaycan Prezidenti \u0259min oldu\u011funu bildirib ki, ikit\u0259r\u0259fli ticar\u0259td\u0259 art\u0131m potensial\u0131 t\u00fck\u0259nm\u0259yib v\u0259 m\u00fcmk\u00fcn art\u0131m\u00a0\u00fc\u00e7\u00fcn ilkin \u015f\u0259rtl\u0259r m\u00f6vcuddur.<\/p>\n<p>\u201cRegional g\u00fcnd\u0259ml\u0259 ba\u011fl\u0131 m\u0259s\u0259l\u0259l\u0259r t\u0259kc\u0259 b\u00f6lg\u0259d\u0259 etimad\u0131n art\u0131r\u0131lmas\u0131, s\u00fclh\u00fcn v\u0259 t\u0259hl\u00fck\u0259sizliyin m\u00f6hk\u0259ml\u0259ndirilm\u0259si \u00fc\u00e7\u00fcn deyil, h\u0259m d\u0259 ikit\u0259r\u0259fli v\u0259 \u00e7oxt\u0259r\u0259fli formatda qar\u015f\u0131l\u0131ql\u0131 faydal\u0131 iqtisadi t\u0259r\u0259fda\u015fl\u0131q \u00fc\u00e7\u00fcn d\u0259 yax\u015f\u0131 z\u0259min yarad\u0131r\u201d, &#8211; dey\u0259 d\u00f6vl\u0259t ba\u015f\u00e7\u0131s\u0131 qeyd edib.<\/p>\n<p>Bir\u00a0m\u00fcdd\u0259t \u00f6nc\u0259 Vladimir Putinl\u0259 imzalad\u0131\u011f\u0131 b\u0259yannam\u0259d\u0259n dan\u0131\u015fan Az\u0259rbaycan Prezidenti bunu ikit\u0259r\u0259fli h\u00fcquqi baza portfelind\u0259ki x\u00fcsusi s\u0259n\u0259d adland\u0131r\u0131b.<\/p>\n<p>\u201c\u018fmin\u0259m ki, bu, \u00f6lk\u0259l\u0259rimiz aras\u0131nda dostluq, mehriban qon\u015fuluq v\u0259 bundan sonra art\u0131q m\u00fctt\u0259fiqlik m\u00fcnasib\u0259tl\u0259rinin m\u00f6hk\u0259ml\u0259nm\u0259sin\u0259 xidm\u0259t ed\u0259c\u0259k\u201d, &#8211; dey\u0259 o, \u0259lav\u0259 edib.<\/p>\n<p>M\u0259nb\u0259: TASS<\/p>\n","protected":false},"excerpt":{"rendered":"<p>Az\u0259rbaycan Prezidenti \u0130lham \u018fliyev bildirib ki, onun Rusiya Federasiyas\u0131na haz\u0131rk\u0131\u00a0s\u0259f\u0259ri d\u00f6vl\u0259tl\u0259raras\u0131 m\u00fcnasib\u0259tl\u0259r tarixind\u0259 qalacaq. Bunu d\u00f6vl\u0259t ba\u015f\u00e7\u0131s\u0131 Rusiyan\u0131n ba\u015f naziri Mixail Mi\u015fustinl\u0259 g\u00f6r\u00fc\u015f\u00fc zaman\u0131 b\u0259yan edib. O, iki \u00f6lk\u0259 aras\u0131nda ticari-iqtisadi \u0259laq\u0259l\u0259rin inki\u015faf\u0131na g\u00f6st\u0259rdiyi \u015f\u0259xsi diqq\u0259t\u0259 g\u00f6r\u0259 Mi\u015fustin\u0259 t\u0259\u015f\u0259kk\u00fcr edib. Az\u0259rbaycan Prezidenti \u0259min oldu\u011funu bildirib ki, ikit\u0259r\u0259fli ticar\u0259td\u0259 art\u0131m potensial\u0131 t\u00fck\u0259nm\u0259yib v\u0259 m\u00fcmk\u00fcn art\u0131m\u00a0\u00fc\u00e7\u00fcn ilkin \u015f\u0259rtl\u0259r m\u00f6vcuddur. \u201cRegional g\u00fcnd\u0259ml\u0259 ba\u011fl\u0131 m\u0259s\u0259l\u0259l\u0259r t\u0259kc\u0259 b\u00f6lg\u0259d\u0259 etimad\u0131n art\u0131r\u0131lmas\u0131, s\u00fclh\u00fcn v\u0259 t\u0259hl\u00fck\u0259sizliyin m\u00f6hk\u0259ml\u0259ndirilm\u0259si \u00fc\u00e7\u00fcn deyil, h\u0259m d\u0259 ikit\u0259r\u0259fli v\u0259 \u00e7oxt\u0259r\u0259fli formatda qar\u015f\u0131l\u0131ql\u0131 faydal\u0131 iqtisadi t\u0259r\u0259fda\u015fl\u0131q \u00fc\u00e7\u00fcn d\u0259 yax\u015f\u0131 z\u0259min yarad\u0131r\u201d, &#8211; dey\u0259 d\u00f6vl\u0259t ba\u015f\u00e7\u0131s\u0131&hellip;<\/p>\n","protected":false},"author":2,"featured_media":442611,"comment_status":"closed","ping_status":"closed","sticky":false,"template":"","format":"standard","meta":{"om_disable_all_campaigns":false,"_monsterinsights_skip_tracking":false,"_monsterinsights_sitenote_active":false,"_monsterinsights_sitenote_note":"","_monsterinsights_sitenote_category":0},"categories":[4],"tags":[],"aioseo_notices":[],"gutentor_comment":0,"rttpg_featured_image_url":{"full":["https:\/\/arantv.az\/wp-content\/uploads\/2022\/02\/1618293480_untitled-1.jpg",620,348,false],"landscape":["https:\/\/arantv.az\/wp-content\/uploads\/2022\/02\/1618293480_untitled-1.jpg",620,348,false],"portraits":["https:\/\/arantv.az\/wp-content\/uploads\/2022\/02\/1618293480_untitled-1.jpg",620,348,false],"thumbnail":["https:\/\/arantv.az\/wp-content\/uploads\/2022\/02\/1618293480_untitled-1-500x280.jpg",500,280,true],"medium":["https:\/\/arantv.az\/wp-content\/uploads\/2022\/02\/1618293480_untitled-1.jpg",620,348,false],"large":["https:\/\/arantv.az\/wp-content\/uploads\/2022\/02\/1618293480_untitled-1.jpg",620,348,false],"1536x1536":["https:\/\/arantv.az\/wp-content\/uploads\/2022\/02\/1618293480_untitled-1.jpg",620,348,false],"2048x2048":["https:\/\/arantv.az\/wp-content\/uploads\/2022\/02\/1618293480_untitled-1.jpg",620,348,false],"post-thumbnail":["https:\/\/arantv.az\/wp-content\/uploads\/2022\/02\/1618293480_untitled-1-240x172.jpg",240,172,true],"advps-thumb-one":["https:\/\/arantv.az\/wp-content\/uploads\/2022\/02\/1618293480_untitled-1.jpg",620,348,false]},"rttpg_author":{"display_name":"V\u00fcsal Rafiqo\u011flu","author_link":"https:\/\/arantv.az\/?author=2"},"rttpg_comment":0,"rttpg_category":"<a href=\"https:\/\/arantv.az\/?cat=4\" rel=\"category\">Siyas\u0259t<\/a>","rttpg_excerpt":"Az\u0259rbaycan Prezidenti \u0130lham \u018fliyev bildirib ki, onun Rusiya Federasiyas\u0131na haz\u0131rk\u0131\u00a0s\u0259f\u0259ri d\u00f6vl\u0259tl\u0259raras\u0131 m\u00fcnasib\u0259tl\u0259r tarixind\u0259 qalacaq. Bunu d\u00f6vl\u0259t ba\u015f\u00e7\u0131s\u0131 Rusiyan\u0131n ba\u015f naziri Mixail Mi\u015fustinl\u0259 g\u00f6r\u00fc\u015f\u00fc zaman\u0131 b\u0259yan edib. O, iki \u00f6lk\u0259 aras\u0131nda ticari-iqtisadi \u0259laq\u0259l\u0259rin inki\u015faf\u0131na g\u00f6st\u0259rdiyi \u015f\u0259xsi diqq\u0259t\u0259 g\u00f6r\u0259 Mi\u015fustin\u0259 t\u0259\u015f\u0259kk\u00fcr edib. Az\u0259rbaycan Prezidenti \u0259min oldu\u011funu bildirib ki, ikit\u0259r\u0259fli ticar\u0259td\u0259 art\u0131m potensial\u0131 t\u00fck\u0259nm\u0259yib v\u0259 m\u00fcmk\u00fcn art\u0131m\u00a0\u00fc\u00e7\u00fcn ilkin&hellip;","_links":{"self":[{"href":"https:\/\/arantv.az\/index.php?rest_route=\/wp\/v2\/posts\/442610"}],"collection":[{"href":"https:\/\/arantv.az\/index.php?rest_route=\/wp\/v2\/posts"}],"about":[{"href":"https:\/\/arantv.az\/index.php?rest_route=\/wp\/v2\/types\/post"}],"author":[{"embeddable":true,"href":"https:\/\/arantv.az\/index.php?rest_route=\/wp\/v2\/users\/2"}],"replies":[{"embeddable":true,"href":"https:\/\/arantv.az\/index.php?rest_route=%2Fwp%2Fv2%2Fcomments&post=442610"}],"version-history":[{"count":0,"href":"https:\/\/arantv.az\/index.php?rest_route=\/wp\/v2\/posts\/442610\/revisions"}],"wp:featuredmedia":[{"embeddable":true,"href":"https:\/\/arantv.az\/index.php?rest_route=\/wp\/v2\/media\/442611"}],"wp:attachment":[{"href":"https:\/\/arantv.az\/index.php?rest_route=%2Fwp%2Fv2%2Fmedia&parent=442610"}],"wp:term":[{"taxonomy":"category","embeddable":true,"href":"https:\/\/arantv.az\/index.php?rest_route=%2Fwp%2Fv2%2Fcategories&post=442610"},{"taxonomy":"post_tag","embeddable":true,"href":"https:\/\/arantv.az\/index.php?rest_route=%2Fwp%2Fv2%2Ftags&post=442610"}],"curies":[{"name":"wp","href":"https:\/\/api.w.org\/{rel}","templated":true}]}}