{"id":442616,"date":"2022-02-23T07:13:48","date_gmt":"2022-02-23T04:13:48","guid":{"rendered":"http:\/\/arantv.az\/?p=442616"},"modified":"2022-02-23T07:13:48","modified_gmt":"2022-02-23T04:13:48","slug":"canli-yayimda-dava-dusdu-aztv-nin-bas-redaktoru-p%c9%99nah-huseyni-doydu-video","status":"publish","type":"post","link":"https:\/\/arantv.az\/?p=442616","title":{"rendered":"Canl\u0131 yay\u0131mda dava d\u00fc\u015fd\u00fc: AzTV-nin ba\u015f redaktoru P\u0259nah H\u00fcseyni d\u00f6yd\u00fc \u2013 V\u0130DEO"},"content":{"rendered":"<article class=\"news\">\n<div class=\"news-inner\">\n<p>Rauf Arifo\u011flunun apar\u0131c\u0131l\u0131\u011f\u0131 il\u0259 yay\u0131mlanan \u201cD\u0259rin T\u0259hlil\u201d verili\u015find\u0259 dava d\u00fc\u015f\u00fcb.<\/p>\n<div class=\"AdviadNativeVideo\"><\/div>\n<p>Proqramda ke\u00e7mi\u015f Ba\u015f nazir P\u0259nah H\u00fcseynl\u0259 politoloq, AzTV-nin \u0130ctimai-siyasi proqramlar redaksiyas\u0131n\u0131n ba\u015f redaktoru Tofiq Abbasov aras\u0131nda m\u00fcbahis\u0259 yaran\u0131b.<\/p>\n<p>M\u00fcbahis\u0259 sonradan t\u0259hqir\u0259 ke\u00e7diyi \u00fc\u00e7\u00fcn davaya \u00e7evrilib. Tofiq Abbas P\u0259nah H\u00fcseyn\u0259 h\u00fccum ed\u0259r\u0259k ona z\u0259rb\u0259l\u0259r endirm\u0259y\u0259 ba\u015flay\u0131b.<\/p>\n<p>Rauf Arifo\u011flu yay\u0131m\u0131 dayand\u0131rma\u011fa m\u0259cbur olub.<\/p>\n<p>S\u00f6z\u00fcged\u0259n g\u00f6r\u00fcnt\u00fcl\u0259ri t\u0259qdim edirik:<\/p>\n<div><iframe loading=\"lazy\" src=\"https:\/\/player.baku.tv\/embed\/50762\" width=\"560\" height=\"315\" frameborder=\"0\" allowfullscreen=\"allowfullscreen\" data-mce-fragment=\"1\"><\/iframe><\/div>\n<\/div>\n<\/article>\n","protected":false},"excerpt":{"rendered":"<p>Rauf Arifo\u011flunun apar\u0131c\u0131l\u0131\u011f\u0131 il\u0259 yay\u0131mlanan \u201cD\u0259rin T\u0259hlil\u201d verili\u015find\u0259 dava d\u00fc\u015f\u00fcb. Proqramda ke\u00e7mi\u015f Ba\u015f nazir P\u0259nah H\u00fcseynl\u0259 politoloq, AzTV-nin \u0130ctimai-siyasi proqramlar redaksiyas\u0131n\u0131n ba\u015f redaktoru Tofiq Abbasov aras\u0131nda m\u00fcbahis\u0259 yaran\u0131b. M\u00fcbahis\u0259 sonradan t\u0259hqir\u0259 ke\u00e7diyi \u00fc\u00e7\u00fcn davaya \u00e7evrilib. Tofiq Abbas P\u0259nah H\u00fcseyn\u0259 h\u00fccum ed\u0259r\u0259k ona z\u0259rb\u0259l\u0259r endirm\u0259y\u0259 ba\u015flay\u0131b. Rauf Arifo\u011flu yay\u0131m\u0131 dayand\u0131rma\u011fa m\u0259cbur olub. S\u00f6z\u00fcged\u0259n g\u00f6r\u00fcnt\u00fcl\u0259ri t\u0259qdim edirik:<\/p>\n","protected":false},"author":2,"featured_media":442617,"comment_status":"closed","ping_status":"closed","sticky":false,"template":"","format":"standard","meta":{"om_disable_all_campaigns":false,"_monsterinsights_skip_tracking":false,"_monsterinsights_sitenote_active":false,"_monsterinsights_sitenote_note":"","_monsterinsights_sitenote_category":0},"categories":[1],"tags":[],"aioseo_notices":[],"gutentor_comment":0,"rttpg_featured_image_url":{"full":["https:\/\/arantv.az\/wp-content\/uploads\/2022\/02\/FotoJet-8-14.jpg",620,413,false],"landscape":["https:\/\/arantv.az\/wp-content\/uploads\/2022\/02\/FotoJet-8-14.jpg",620,413,false],"portraits":["https:\/\/arantv.az\/wp-content\/uploads\/2022\/02\/FotoJet-8-14.jpg",620,413,false],"thumbnail":["https:\/\/arantv.az\/wp-content\/uploads\/2022\/02\/FotoJet-8-14-500x280.jpg",500,280,true],"medium":["https:\/\/arantv.az\/wp-content\/uploads\/2022\/02\/FotoJet-8-14-548x365.jpg",548,365,true],"large":["https:\/\/arantv.az\/wp-content\/uploads\/2022\/02\/FotoJet-8-14.jpg",620,413,false],"1536x1536":["https:\/\/arantv.az\/wp-content\/uploads\/2022\/02\/FotoJet-8-14.jpg",620,413,false],"2048x2048":["https:\/\/arantv.az\/wp-content\/uploads\/2022\/02\/FotoJet-8-14.jpg",620,413,false],"post-thumbnail":["https:\/\/arantv.az\/wp-content\/uploads\/2022\/02\/FotoJet-8-14-240x172.jpg",240,172,true],"advps-thumb-one":["https:\/\/arantv.az\/wp-content\/uploads\/2022\/02\/FotoJet-8-14.jpg",620,413,false]},"rttpg_author":{"display_name":"V\u00fcsal Rafiqo\u011flu","author_link":"https:\/\/arantv.az\/?author=2"},"rttpg_comment":0,"rttpg_category":"<a href=\"https:\/\/arantv.az\/?cat=1\" rel=\"category\">C\u0259miyy\u0259t<\/a>","rttpg_excerpt":"Rauf Arifo\u011flunun apar\u0131c\u0131l\u0131\u011f\u0131 il\u0259 yay\u0131mlanan \u201cD\u0259rin T\u0259hlil\u201d verili\u015find\u0259 dava d\u00fc\u015f\u00fcb. Proqramda ke\u00e7mi\u015f Ba\u015f nazir P\u0259nah H\u00fcseynl\u0259 politoloq, AzTV-nin \u0130ctimai-siyasi proqramlar redaksiyas\u0131n\u0131n ba\u015f redaktoru Tofiq Abbasov aras\u0131nda m\u00fcbahis\u0259 yaran\u0131b. M\u00fcbahis\u0259 sonradan t\u0259hqir\u0259 ke\u00e7diyi \u00fc\u00e7\u00fcn davaya \u00e7evrilib. Tofiq Abbas P\u0259nah H\u00fcseyn\u0259 h\u00fccum ed\u0259r\u0259k ona z\u0259rb\u0259l\u0259r endirm\u0259y\u0259 ba\u015flay\u0131b. Rauf Arifo\u011flu yay\u0131m\u0131 dayand\u0131rma\u011fa m\u0259cbur olub. S\u00f6z\u00fcged\u0259n g\u00f6r\u00fcnt\u00fcl\u0259ri t\u0259qdim edirik:","_links":{"self":[{"href":"https:\/\/arantv.az\/index.php?rest_route=\/wp\/v2\/posts\/442616"}],"collection":[{"href":"https:\/\/arantv.az\/index.php?rest_route=\/wp\/v2\/posts"}],"about":[{"href":"https:\/\/arantv.az\/index.php?rest_route=\/wp\/v2\/types\/post"}],"author":[{"embeddable":true,"href":"https:\/\/arantv.az\/index.php?rest_route=\/wp\/v2\/users\/2"}],"replies":[{"embeddable":true,"href":"https:\/\/arantv.az\/index.php?rest_route=%2Fwp%2Fv2%2Fcomments&post=442616"}],"version-history":[{"count":0,"href":"https:\/\/arantv.az\/index.php?rest_route=\/wp\/v2\/posts\/442616\/revisions"}],"wp:featuredmedia":[{"embeddable":true,"href":"https:\/\/arantv.az\/index.php?rest_route=\/wp\/v2\/media\/442617"}],"wp:attachment":[{"href":"https:\/\/arantv.az\/index.php?rest_route=%2Fwp%2Fv2%2Fmedia&parent=442616"}],"wp:term":[{"taxonomy":"category","embeddable":true,"href":"https:\/\/arantv.az\/index.php?rest_route=%2Fwp%2Fv2%2Fcategories&post=442616"},{"taxonomy":"post_tag","embeddable":true,"href":"https:\/\/arantv.az\/index.php?rest_route=%2Fwp%2Fv2%2Ftags&post=442616"}],"curies":[{"name":"wp","href":"https:\/\/api.w.org\/{rel}","templated":true}]}}