{"id":442622,"date":"2022-02-23T07:15:14","date_gmt":"2022-02-23T04:15:14","guid":{"rendered":"http:\/\/arantv.az\/?p=442622"},"modified":"2022-02-23T07:15:14","modified_gmt":"2022-02-23T04:15:14","slug":"goranboyda-quyu-qazan-f%c9%99hl%c9%99nin-basina-d%c9%99mir-dusdu","status":"publish","type":"post","link":"https:\/\/arantv.az\/?p=442622","title":{"rendered":"Goranboyda quyu qazan f\u0259hl\u0259nin ba\u015f\u0131na d\u0259mir d\u00fc\u015fd\u00fc"},"content":{"rendered":"<p>Goranboy sakinin ba\u015f\u0131na d\u0259mir par\u00e7as\u0131 d\u00fc\u015f\u00fcb.<\/p>\n<div class=\"AdviadNativeVideo\"><\/div>\n<p>Bizim.Media x\u0259b\u0259r verir ki, hadis\u0259 R\u0259himli k\u0259ndi \u0259razisind\u0259 ba\u015f verib.<\/p>\n<p>1962-ci il t\u0259v\u0259ll\u00fcdl\u00fc Musayev Maqsud Knyaz o\u011flu qeyd olunan \u0259razid\u0259 subartezian quyusu qaz\u0131lark\u0259n ehtiyats\u0131zl\u0131\u011f\u0131n qurban\u0131 olub. Onun ba\u015f\u0131na a\u011f\u0131r d\u0259mir boru d\u00fc\u015f\u00fcb.<\/p>\n<p>M\u00fcxt\u0259lif b\u0259d\u0259n x\u0259sar\u0259rl\u0259ri alan i\u015f\u00e7i \u00f6nc\u0259 rayon m\u0259rk\u0259zi x\u0259st\u0259xanas\u0131na \u00e7atd\u0131r\u0131l\u0131b, daha sonra G\u0259nc\u0259d\u0259ki klinikalar\u0131ndan birin\u0259 k\u00f6\u00e7\u00fcr\u00fcl\u00fcb.<\/p>\n<p>Faktla ba\u011fl\u0131 ara\u015fd\u0131rma apar\u0131l\u0131r.<\/p>\n","protected":false},"excerpt":{"rendered":"<p>Goranboy sakinin ba\u015f\u0131na d\u0259mir par\u00e7as\u0131 d\u00fc\u015f\u00fcb. Bizim.Media x\u0259b\u0259r verir ki, hadis\u0259 R\u0259himli k\u0259ndi \u0259razisind\u0259 ba\u015f verib. 1962-ci il t\u0259v\u0259ll\u00fcdl\u00fc Musayev Maqsud Knyaz o\u011flu qeyd olunan \u0259razid\u0259 subartezian quyusu qaz\u0131lark\u0259n ehtiyats\u0131zl\u0131\u011f\u0131n qurban\u0131 olub. Onun ba\u015f\u0131na a\u011f\u0131r d\u0259mir boru d\u00fc\u015f\u00fcb. M\u00fcxt\u0259lif b\u0259d\u0259n x\u0259sar\u0259rl\u0259ri alan i\u015f\u00e7i \u00f6nc\u0259 rayon m\u0259rk\u0259zi x\u0259st\u0259xanas\u0131na \u00e7atd\u0131r\u0131l\u0131b, daha sonra G\u0259nc\u0259d\u0259ki klinikalar\u0131ndan birin\u0259 k\u00f6\u00e7\u00fcr\u00fcl\u00fcb. Faktla ba\u011fl\u0131 ara\u015fd\u0131rma apar\u0131l\u0131r.<\/p>\n","protected":false},"author":2,"featured_media":442623,"comment_status":"closed","ping_status":"closed","sticky":false,"template":"","format":"standard","meta":{"om_disable_all_campaigns":false,"_monsterinsights_skip_tracking":false,"_monsterinsights_sitenote_active":false,"_monsterinsights_sitenote_note":"","_monsterinsights_sitenote_category":0},"categories":[5],"tags":[],"aioseo_notices":[],"gutentor_comment":0,"rttpg_featured_image_url":{"full":["https:\/\/arantv.az\/wp-content\/uploads\/2022\/02\/FotoJet-29-3.jpg",620,413,false],"landscape":["https:\/\/arantv.az\/wp-content\/uploads\/2022\/02\/FotoJet-29-3.jpg",620,413,false],"portraits":["https:\/\/arantv.az\/wp-content\/uploads\/2022\/02\/FotoJet-29-3.jpg",620,413,false],"thumbnail":["https:\/\/arantv.az\/wp-content\/uploads\/2022\/02\/FotoJet-29-3-500x280.jpg",500,280,true],"medium":["https:\/\/arantv.az\/wp-content\/uploads\/2022\/02\/FotoJet-29-3-548x365.jpg",548,365,true],"large":["https:\/\/arantv.az\/wp-content\/uploads\/2022\/02\/FotoJet-29-3.jpg",620,413,false],"1536x1536":["https:\/\/arantv.az\/wp-content\/uploads\/2022\/02\/FotoJet-29-3.jpg",620,413,false],"2048x2048":["https:\/\/arantv.az\/wp-content\/uploads\/2022\/02\/FotoJet-29-3.jpg",620,413,false],"post-thumbnail":["https:\/\/arantv.az\/wp-content\/uploads\/2022\/02\/FotoJet-29-3-240x172.jpg",240,172,true],"advps-thumb-one":["https:\/\/arantv.az\/wp-content\/uploads\/2022\/02\/FotoJet-29-3.jpg",620,413,false]},"rttpg_author":{"display_name":"V\u00fcsal Rafiqo\u011flu","author_link":"https:\/\/arantv.az\/?author=2"},"rttpg_comment":0,"rttpg_category":"<a href=\"https:\/\/arantv.az\/?cat=5\" rel=\"category\">Hadis\u0259<\/a>","rttpg_excerpt":"Goranboy sakinin ba\u015f\u0131na d\u0259mir par\u00e7as\u0131 d\u00fc\u015f\u00fcb. Bizim.Media x\u0259b\u0259r verir ki, hadis\u0259 R\u0259himli k\u0259ndi \u0259razisind\u0259 ba\u015f verib. 1962-ci il t\u0259v\u0259ll\u00fcdl\u00fc Musayev Maqsud Knyaz o\u011flu qeyd olunan \u0259razid\u0259 subartezian quyusu qaz\u0131lark\u0259n ehtiyats\u0131zl\u0131\u011f\u0131n qurban\u0131 olub. Onun ba\u015f\u0131na a\u011f\u0131r d\u0259mir boru d\u00fc\u015f\u00fcb. M\u00fcxt\u0259lif b\u0259d\u0259n x\u0259sar\u0259rl\u0259ri alan i\u015f\u00e7i \u00f6nc\u0259 rayon m\u0259rk\u0259zi x\u0259st\u0259xanas\u0131na \u00e7atd\u0131r\u0131l\u0131b, daha sonra G\u0259nc\u0259d\u0259ki klinikalar\u0131ndan birin\u0259 k\u00f6\u00e7\u00fcr\u00fcl\u00fcb. Faktla&hellip;","_links":{"self":[{"href":"https:\/\/arantv.az\/index.php?rest_route=\/wp\/v2\/posts\/442622"}],"collection":[{"href":"https:\/\/arantv.az\/index.php?rest_route=\/wp\/v2\/posts"}],"about":[{"href":"https:\/\/arantv.az\/index.php?rest_route=\/wp\/v2\/types\/post"}],"author":[{"embeddable":true,"href":"https:\/\/arantv.az\/index.php?rest_route=\/wp\/v2\/users\/2"}],"replies":[{"embeddable":true,"href":"https:\/\/arantv.az\/index.php?rest_route=%2Fwp%2Fv2%2Fcomments&post=442622"}],"version-history":[{"count":0,"href":"https:\/\/arantv.az\/index.php?rest_route=\/wp\/v2\/posts\/442622\/revisions"}],"wp:featuredmedia":[{"embeddable":true,"href":"https:\/\/arantv.az\/index.php?rest_route=\/wp\/v2\/media\/442623"}],"wp:attachment":[{"href":"https:\/\/arantv.az\/index.php?rest_route=%2Fwp%2Fv2%2Fmedia&parent=442622"}],"wp:term":[{"taxonomy":"category","embeddable":true,"href":"https:\/\/arantv.az\/index.php?rest_route=%2Fwp%2Fv2%2Fcategories&post=442622"},{"taxonomy":"post_tag","embeddable":true,"href":"https:\/\/arantv.az\/index.php?rest_route=%2Fwp%2Fv2%2Ftags&post=442622"}],"curies":[{"name":"wp","href":"https:\/\/api.w.org\/{rel}","templated":true}]}}