{"id":442625,"date":"2022-02-23T07:17:43","date_gmt":"2022-02-23T04:17:43","guid":{"rendered":"http:\/\/arantv.az\/?p=442625"},"modified":"2022-02-23T07:17:43","modified_gmt":"2022-02-23T04:17:43","slug":"moskvada-az%c9%99rbaycan-gunl%c9%99ri-fotolar","status":"publish","type":"post","link":"https:\/\/arantv.az\/?p=442625","title":{"rendered":"\u201cMoskvada Az\u0259rbaycan g\u00fcnl\u0259ri\u201d &#8211; FOTOLAR"},"content":{"rendered":"<div class=\"content lead font-weight-normal\">\n<p>Heyd\u0259r \u018fliyev Fondunun d\u0259st\u0259yi il\u0259 fevral\u0131n 21-d\u0259n ba\u015flayaraq mart\u0131n 1-d\u0259k Moskvada Az\u0259rbaycan Respublikas\u0131 il\u0259 Rusiya Federasiyas\u0131 aras\u0131nda diplomatik m\u00fcnasib\u0259tl\u0259rin yarad\u0131lmas\u0131n\u0131n 30 illiyin\u0259 h\u0259sr olunmu\u015f silsil\u0259 m\u0259d\u0259niyy\u0259t t\u0259dbirl\u0259ri ke\u00e7iril\u0259c\u0259k.<\/p>\n<p><strong>ARANTV.AZ\u00a0 x\u0259b\u0259r verir ki,<\/strong>\u00a0\u201cMoskvada Az\u0259rbaycan g\u00fcnl\u0259ri\u201d adl\u0131 t\u0259dbirl\u0259r \u00e7\u0259r\u00e7iv\u0259sind\u0259 \u201cQelikon-opera\u201d Teatr\u0131n\u0131n s\u0259hn\u0259sind\u0259 \u201cAz\u0259rbaycan\u0131n musiqi ulduzlar\u0131 Moskva s\u0259hn\u0259sind\u0259\u201d adl\u0131 qala-konsert olub.<\/p>\n<p>Heyd\u0259r \u018fliyev Fondunun vitse-prezidenti Leyla \u018fliyeva konsertd\u0259 i\u015ftirak edib. Leyla \u018fliyeva konsertd\u0259n \u0259vv\u0259l musiqi\u00e7il\u0259rl\u0259 g\u00f6r\u00fc\u015f\u00fcb.<\/p>\n<p>Az\u0259rbaycan\u0131n \u018fm\u0259kdar artisti Fuad \u0130brahimovun dirijorlu\u011fu il\u0259 ke\u00e7iril\u0259n konsertd\u0259 Ceyla Seyidova, Dinara \u018fliyeva, El\u00e7in \u018fzizov, Elvin Q\u0259niyev, Murad Ad\u0131g\u00f6z\u0259lzad\u0259, Sahib Pa\u015fazad\u0259, \u015e\u0259hriyar \u0130manov, Yusif Eyvazov Az\u0259rbaycan v\u0259 Rusiya b\u0259st\u0259karlar\u0131n\u0131n \u0259s\u0259rl\u0259rind\u0259n ibar\u0259t repertuar t\u0259qdim edibl\u0259r.<\/p>\n<p>Az\u0259rbaycan\u0131n Xalq artisti Yusif Eyvazov jurnalistl\u0259r\u0259 m\u00fcsahib\u0259sind\u0259 deyib: \u201cH\u0259r birimiz\u0259 t\u0259brik d\u00fc\u015f\u00fcr. \u00c7\u00fcnki bu, m\u00f6ht\u0259\u015f\u0259m musiqi bayram\u0131d\u0131r. Biz inc\u0259s\u0259n\u0259t xadiml\u0259ri \u00fc\u00e7\u00fcn burada i\u015ftirak etm\u0259k \u015f\u0259r\u0259flidir. Az\u0259rbaycan il\u0259 Rusiya aras\u0131nda dostluq m\u00fcnasib\u0259tl\u0259ri h\u0259r sah\u0259d\u0259 inki\u015faf edir. Biz is\u0259 bu \u0259laq\u0259l\u0259rin daha da inki\u015faf etdirilm\u0259sind\u0259 yax\u0131ndan i\u015ftirak etm\u0259y\u0259 haz\u0131r\u0131q\u201d.<\/p>\n<p>Xalq artisti El\u00e7in \u018fzizov m\u00f6ht\u0259\u015f\u0259m konsertin t\u0259\u015fkil olundu\u011funu bildir\u0259r\u0259k deyib: \u201cBurada tan\u0131nm\u0131\u015f, istedadl\u0131 insanlar topla\u015f\u0131b. Az\u0259rbaycan ifa\u00e7\u0131lar\u0131 klassik rus b\u0259st\u0259karlar\u0131n\u0131n \u0259s\u0259rl\u0259rini ifa etm\u0259kl\u0259 \u00f6lk\u0259mizin rus m\u0259d\u0259niyy\u0259tin\u0259, inc\u0259s\u0259n\u0259tin\u0259, musiqisin\u0259 olan xo\u015f m\u00fcnasib\u0259tini s\u0259rgil\u0259mi\u015f olurlar\u201d.<\/p>\n<p>Bu m\u00f6ht\u0259\u015f\u0259m s\u0259hn\u0259d\u0259 \u00e7\u0131x\u0131\u015f etm\u0259sind\u0259n b\u00f6y\u00fck \u015f\u0259r\u0259f hissi duydu\u011funu bildir\u0259n Xalq artisti Murad Ad\u0131g\u00f6z\u0259lzad\u0259 Moskvada Az\u0259rbaycan g\u00fcnl\u0259rinin t\u0259\u015fkilinin \u00f6n\u0259mini vur\u011fulay\u0131b.<\/p>\n<p>Konsertd\u0259 \u00dczeyir Hac\u0131b\u0259yli, Qara Qarayev, Fikr\u0259t \u018fmirov, Niyazi, Tofiq Quliyev, F\u0259rhad B\u0259d\u0259lb\u0259yli, Pyotr \u00c7aykovski, Mixail Qlinka, Aleksandr Borodin v\u0259 dig\u0259r b\u0259st\u0259karlar\u0131n sevil\u0259n \u0259s\u0259rl\u0259ri s\u0259sl\u0259ndirilib.<\/p>\n<div class=\"clearfix\"><\/div>\n<\/div>\n<div class=\"fotorama--hidden\"><\/div>\n<div id=\"galleryList\" class=\"fotorama fotorama1645593388788\" data-nav=\"thumbs\" data-width=\"100%\" data-thumbwidth=\"90\" data-thumbheight=\"60\" data-allowfullscreen=\"true\" data-autoplay=\"3000\" data-ratio=\"1.5\" data-keyboard=\"true\" data-fit=\"contain\">\n<div class=\"fotorama__wrap fotorama__wrap--css3 fotorama__wrap--slide fotorama__wrap--toggle-arrows fotorama__wrap--no-controls\">\n<div class=\"fotorama__stage fotorama__pointer\">\n<div class=\"fotorama__fullscreen-icon\" tabindex=\"0\" role=\"button\"><\/div>\n<div class=\"fotorama__stage__shaft\">\n<div class=\"fotorama__stage__frame fotorama__loaded fotorama__loaded--img\"><img class=\"fotorama__img\" src=\"https:\/\/ikisahil.az\/photo\/0x0_2\/upload\/gallery\/2022\/02\/23\/-e61eaa38164556735820948351111038806.jpg\" \/><\/div>\n<div class=\"fotorama__stage__frame fotorama__loaded fotorama__loaded--img fotorama__active\"><img class=\"fotorama__img\" src=\"https:\/\/ikisahil.az\/photo\/0x0_2\/upload\/gallery\/2022\/02\/23\/-7137debd164556735934026129010667936.jpg\" \/><\/div>\n<div class=\"fotorama__stage__frame fotorama__loaded fotorama__loaded--img\"><img class=\"fotorama__img\" src=\"https:\/\/ikisahil.az\/photo\/0x0_2\/upload\/gallery\/2022\/02\/23\/-f8abea41164556735949528051710854006.jpg\" \/><\/div>\n<\/div>\n<div class=\"fotorama__arr fotorama__arr--prev\" tabindex=\"0\" role=\"button\"><\/div>\n<div class=\"fotorama__arr fotorama__arr--next\" tabindex=\"0\" role=\"button\"><\/div>\n<div class=\"fotorama__video-close\"><\/div>\n<\/div>\n<div class=\"fotorama__nav-wrap\">\n<div class=\"fotorama__nav fotorama__nav--thumbs fotorama__shadows--right\">\n<div class=\"fotorama__nav__shaft fotorama__grab\">\n<div class=\"fotorama__thumb-border\"><\/div>\n<div class=\"fotorama__nav__frame fotorama__nav__frame--thumb\" tabindex=\"0\" role=\"button\">\n<div class=\"fotorama__thumb fotorama__loaded fotorama__loaded--img\"><img class=\"fotorama__img\" src=\"https:\/\/ikisahil.az\/photo\/150x100_2\/upload\/gallery\/2022\/02\/23\/-e61eaa38164556735820948351111038806.jpg\" \/><\/div>\n<\/div>\n<div class=\"fotorama__nav__frame fotorama__nav__frame--thumb fotorama__active\" tabindex=\"0\" role=\"button\">\n<div class=\"fotorama__thumb fotorama__loaded fotorama__loaded--img\"><img class=\"fotorama__img\" src=\"https:\/\/ikisahil.az\/photo\/150x100_2\/upload\/gallery\/2022\/02\/23\/-7137debd164556735934026129010667936.jpg\" \/><\/div>\n<\/div>\n<div class=\"fotorama__nav__frame fotorama__nav__frame--thumb\" tabindex=\"0\" role=\"button\">\n<div class=\"fotorama__thumb fotorama__loaded fotorama__loaded--img\"><img class=\"fotorama__img\" src=\"https:\/\/ikisahil.az\/photo\/150x100_2\/upload\/gallery\/2022\/02\/23\/-f8abea41164556735949528051710854006.jpg\" \/><\/div>\n<\/div>\n<div class=\"fotorama__nav__frame fotorama__nav__frame--thumb\" tabindex=\"0\" role=\"button\">\n<div class=\"fotorama__thumb fotorama__loaded fotorama__loaded--img\"><img class=\"fotorama__img\" src=\"https:\/\/ikisahil.az\/photo\/150x100_2\/upload\/gallery\/2022\/02\/23\/-285c5957164556735957695587310094987.jpg\" \/><\/div>\n<\/div>\n<div class=\"fotorama__nav__frame fotorama__nav__frame--thumb\" tabindex=\"0\" role=\"button\">\n<div class=\"fotorama__thumb fotorama__loaded fotorama__loaded--img\"><img class=\"fotorama__img\" src=\"https:\/\/ikisahil.az\/photo\/150x100_2\/upload\/gallery\/2022\/02\/23\/-d5ade38a164556735970475248510206507.jpg\" \/><\/div>\n<\/div>\n<div class=\"fotorama__nav__frame fotorama__nav__frame--thumb\" tabindex=\"0\" role=\"button\">\n<div class=\"fotorama__thumb fotorama__loaded fotorama__loaded--img\"><img class=\"fotorama__img\" src=\"https:\/\/ikisahil.az\/photo\/150x100_2\/upload\/gallery\/2022\/02\/23\/-09eb27de164556735973063115610463211.jpg\" \/><\/div>\n<\/div>\n<div class=\"fotorama__nav__frame fotorama__nav__frame--thumb\" tabindex=\"0\" role=\"button\">\n<div class=\"fotorama__thumb fotorama__loaded fotorama__loaded--img\"><img class=\"fotorama__img\" src=\"https:\/\/ikisahil.az\/photo\/150x100_2\/upload\/gallery\/2022\/02\/23\/-93963474164556735977968034810181014.jpg\" \/><\/div>\n<\/div>\n<div class=\"fotorama__nav__frame fotorama__nav__frame--thumb\" tabindex=\"0\" role=\"button\">\n<div class=\"fotorama__thumb\"><\/div>\n<\/div>\n<div class=\"fotorama__nav__frame fotorama__nav__frame--thumb\" tabindex=\"0\" role=\"button\">\n<div class=\"fotorama__thumb\"><\/div>\n<\/div>\n<div class=\"fotorama__nav__frame fotorama__nav__frame--thumb\" tabindex=\"0\" role=\"button\">\n<div class=\"fotorama__thumb\"><\/div>\n<\/div>\n<div class=\"fotorama__nav__frame fotorama__nav__frame--thumb\" tabindex=\"0\" role=\"button\">\n<div class=\"fotorama__thumb\"><\/div>\n<\/div>\n<div class=\"fotorama__nav__frame fotorama__nav__frame--thumb\" tabindex=\"0\" role=\"button\">\n<div class=\"fotorama__thumb\"><\/div>\n<\/div>\n<div class=\"fotorama__nav__frame fotorama__nav__frame--thumb\" tabindex=\"0\" role=\"button\">\n<div class=\"fotorama__thumb\"><\/div>\n<\/div>\n<div class=\"fotorama__nav__frame fotorama__nav__frame--thumb\" tabindex=\"0\" role=\"button\">\n<div class=\"fotorama__thumb\"><\/div>\n<\/div>\n<div class=\"fotorama__nav__frame fotorama__nav__frame--thumb\" tabindex=\"0\" role=\"button\">\n<div class=\"fotorama__thumb\"><\/div>\n<\/div>\n<div class=\"fotorama__nav__frame fotorama__nav__frame--thumb\" tabindex=\"0\" role=\"button\">\n<div class=\"fotorama__thumb\"><\/div>\n<\/div>\n<div class=\"fotorama__nav__frame fotorama__nav__frame--thumb\" tabindex=\"0\" role=\"button\">\n<div class=\"fotorama__thumb\"><\/div>\n<\/div>\n<div class=\"fotorama__nav__frame fotorama__nav__frame--thumb\" tabindex=\"0\" role=\"button\">\n<div class=\"fotorama__thumb\"><\/div>\n<\/div>\n<div class=\"fotorama__nav__frame fotorama__nav__frame--thumb\" tabindex=\"0\" role=\"button\">\n<div class=\"fotorama__thumb\"><\/div>\n<\/div>\n<div class=\"fotorama__nav__frame fotorama__nav__frame--thumb\" tabindex=\"0\" role=\"button\">\n<div class=\"fotorama__thumb\"><\/div>\n<\/div>\n<div class=\"fotorama__nav__frame fotorama__nav__frame--thumb\" tabindex=\"0\" role=\"button\">\n<div class=\"fotorama__thumb\"><\/div>\n<\/div>\n<div class=\"fotorama__nav__frame fotorama__nav__frame--thumb\" tabindex=\"0\" role=\"button\">\n<div class=\"fotorama__thumb\"><\/div>\n<\/div>\n<\/div>\n<\/div>\n<\/div>\n<\/div>\n<\/div>\n<div class=\"sharing my-2 row no-gutters d-print-none\">\n<div class=\"col-md-3\"><\/div>\n<\/div>\n","protected":false},"excerpt":{"rendered":"<p>Heyd\u0259r \u018fliyev Fondunun d\u0259st\u0259yi il\u0259 fevral\u0131n 21-d\u0259n ba\u015flayaraq mart\u0131n 1-d\u0259k Moskvada Az\u0259rbaycan Respublikas\u0131 il\u0259 Rusiya Federasiyas\u0131 aras\u0131nda diplomatik m\u00fcnasib\u0259tl\u0259rin yarad\u0131lmas\u0131n\u0131n 30 illiyin\u0259 h\u0259sr olunmu\u015f silsil\u0259 m\u0259d\u0259niyy\u0259t t\u0259dbirl\u0259ri ke\u00e7iril\u0259c\u0259k. ARANTV.AZ\u00a0 x\u0259b\u0259r verir ki,\u00a0\u201cMoskvada Az\u0259rbaycan g\u00fcnl\u0259ri\u201d adl\u0131 t\u0259dbirl\u0259r \u00e7\u0259r\u00e7iv\u0259sind\u0259 \u201cQelikon-opera\u201d Teatr\u0131n\u0131n s\u0259hn\u0259sind\u0259 \u201cAz\u0259rbaycan\u0131n musiqi ulduzlar\u0131 Moskva s\u0259hn\u0259sind\u0259\u201d adl\u0131 qala-konsert olub. Heyd\u0259r \u018fliyev Fondunun vitse-prezidenti Leyla \u018fliyeva konsertd\u0259 i\u015ftirak edib. Leyla \u018fliyeva konsertd\u0259n \u0259vv\u0259l musiqi\u00e7il\u0259rl\u0259 g\u00f6r\u00fc\u015f\u00fcb. Az\u0259rbaycan\u0131n \u018fm\u0259kdar artisti Fuad \u0130brahimovun dirijorlu\u011fu il\u0259 ke\u00e7iril\u0259n konsertd\u0259 Ceyla Seyidova, Dinara \u018fliyeva, El\u00e7in \u018fzizov, Elvin Q\u0259niyev, Murad Ad\u0131g\u00f6z\u0259lzad\u0259, Sahib Pa\u015fazad\u0259, \u015e\u0259hriyar \u0130manov, Yusif Eyvazov Az\u0259rbaycan v\u0259&hellip;<\/p>\n","protected":false},"author":2,"featured_media":442626,"comment_status":"closed","ping_status":"closed","sticky":false,"template":"","format":"standard","meta":{"om_disable_all_campaigns":false,"_monsterinsights_skip_tracking":false,"_monsterinsights_sitenote_active":false,"_monsterinsights_sitenote_note":"","_monsterinsights_sitenote_category":0},"categories":[1],"tags":[],"aioseo_notices":[],"gutentor_comment":0,"rttpg_featured_image_url":{"full":["https:\/\/arantv.az\/wp-content\/uploads\/2022\/02\/9dc603ea164556734979005023010595276.jpg",975,540,false],"landscape":["https:\/\/arantv.az\/wp-content\/uploads\/2022\/02\/9dc603ea164556734979005023010595276.jpg",975,540,false],"portraits":["https:\/\/arantv.az\/wp-content\/uploads\/2022\/02\/9dc603ea164556734979005023010595276.jpg",975,540,false],"thumbnail":["https:\/\/arantv.az\/wp-content\/uploads\/2022\/02\/9dc603ea164556734979005023010595276-500x280.jpg",500,280,true],"medium":["https:\/\/arantv.az\/wp-content\/uploads\/2022\/02\/9dc603ea164556734979005023010595276-660x365.jpg",660,365,true],"large":["https:\/\/arantv.az\/wp-content\/uploads\/2022\/02\/9dc603ea164556734979005023010595276-840x465.jpg",640,354,true],"1536x1536":["https:\/\/arantv.az\/wp-content\/uploads\/2022\/02\/9dc603ea164556734979005023010595276.jpg",975,540,false],"2048x2048":["https:\/\/arantv.az\/wp-content\/uploads\/2022\/02\/9dc603ea164556734979005023010595276.jpg",975,540,false],"post-thumbnail":["https:\/\/arantv.az\/wp-content\/uploads\/2022\/02\/9dc603ea164556734979005023010595276-240x172.jpg",240,172,true],"advps-thumb-one":["https:\/\/arantv.az\/wp-content\/uploads\/2022\/02\/9dc603ea164556734979005023010595276.jpg",975,540,false]},"rttpg_author":{"display_name":"V\u00fcsal Rafiqo\u011flu","author_link":"https:\/\/arantv.az\/?author=2"},"rttpg_comment":0,"rttpg_category":"<a href=\"https:\/\/arantv.az\/?cat=1\" rel=\"category\">C\u0259miyy\u0259t<\/a>","rttpg_excerpt":"Heyd\u0259r \u018fliyev Fondunun d\u0259st\u0259yi il\u0259 fevral\u0131n 21-d\u0259n ba\u015flayaraq mart\u0131n 1-d\u0259k Moskvada Az\u0259rbaycan Respublikas\u0131 il\u0259 Rusiya Federasiyas\u0131 aras\u0131nda diplomatik m\u00fcnasib\u0259tl\u0259rin yarad\u0131lmas\u0131n\u0131n 30 illiyin\u0259 h\u0259sr olunmu\u015f silsil\u0259 m\u0259d\u0259niyy\u0259t t\u0259dbirl\u0259ri ke\u00e7iril\u0259c\u0259k. ARANTV.AZ\u00a0 x\u0259b\u0259r verir ki,\u00a0\u201cMoskvada Az\u0259rbaycan g\u00fcnl\u0259ri\u201d adl\u0131 t\u0259dbirl\u0259r \u00e7\u0259r\u00e7iv\u0259sind\u0259 \u201cQelikon-opera\u201d Teatr\u0131n\u0131n s\u0259hn\u0259sind\u0259 \u201cAz\u0259rbaycan\u0131n musiqi ulduzlar\u0131 Moskva s\u0259hn\u0259sind\u0259\u201d adl\u0131 qala-konsert olub. Heyd\u0259r \u018fliyev Fondunun vitse-prezidenti Leyla \u018fliyeva konsertd\u0259&hellip;","_links":{"self":[{"href":"https:\/\/arantv.az\/index.php?rest_route=\/wp\/v2\/posts\/442625"}],"collection":[{"href":"https:\/\/arantv.az\/index.php?rest_route=\/wp\/v2\/posts"}],"about":[{"href":"https:\/\/arantv.az\/index.php?rest_route=\/wp\/v2\/types\/post"}],"author":[{"embeddable":true,"href":"https:\/\/arantv.az\/index.php?rest_route=\/wp\/v2\/users\/2"}],"replies":[{"embeddable":true,"href":"https:\/\/arantv.az\/index.php?rest_route=%2Fwp%2Fv2%2Fcomments&post=442625"}],"version-history":[{"count":0,"href":"https:\/\/arantv.az\/index.php?rest_route=\/wp\/v2\/posts\/442625\/revisions"}],"wp:featuredmedia":[{"embeddable":true,"href":"https:\/\/arantv.az\/index.php?rest_route=\/wp\/v2\/media\/442626"}],"wp:attachment":[{"href":"https:\/\/arantv.az\/index.php?rest_route=%2Fwp%2Fv2%2Fmedia&parent=442625"}],"wp:term":[{"taxonomy":"category","embeddable":true,"href":"https:\/\/arantv.az\/index.php?rest_route=%2Fwp%2Fv2%2Fcategories&post=442625"},{"taxonomy":"post_tag","embeddable":true,"href":"https:\/\/arantv.az\/index.php?rest_route=%2Fwp%2Fv2%2Ftags&post=442625"}],"curies":[{"name":"wp","href":"https:\/\/api.w.org\/{rel}","templated":true}]}}