{"id":442628,"date":"2022-02-23T07:18:52","date_gmt":"2022-02-23T04:18:52","guid":{"rendered":"http:\/\/arantv.az\/?p=442628"},"modified":"2022-02-23T07:18:52","modified_gmt":"2022-02-23T04:18:52","slug":"leyla-%c9%99liyeva-tretyakov-qalereyasinin-kolleksiyasindan-olan-%c9%99s%c9%99rl%c9%99r-adli-s%c9%99rgi-il%c9%99-tanis-olub-fotolar","status":"publish","type":"post","link":"https:\/\/arantv.az\/?p=442628","title":{"rendered":"Leyla \u018fliyeva \u201cTretyakov Qalereyas\u0131n\u0131n kolleksiyas\u0131ndan olan \u0259s\u0259rl\u0259r\u201d adl\u0131 s\u0259rgi il\u0259 tan\u0131\u015f olub &#8211; FOTOLAR"},"content":{"rendered":"<div class=\"content lead font-weight-normal\">\n<p>Heyd\u0259r \u018fliyev Fondunun vitse-prezidenti Leyla \u018fliyeva Moskvada \u201cAz\u0259rbaycan g\u00fcnl\u0259ri\u201d \u00e7\u0259r\u00e7iv\u0259sind\u0259 t\u0259\u015fkil olunan \u201cTretyakov Qalereyas\u0131n\u0131n kolleksiyas\u0131ndan olan \u0259s\u0259rl\u0259r\u201d adl\u0131 s\u0259rgi il\u0259 tan\u0131\u015f olub.<\/p>\n<p><strong>ARANTV.AZ x\u0259b\u0259r verir ki,<\/strong>\u00a0Xalq r\u0259ssam\u0131 Tahir Salahovun m\u0259\u015fhur \u0259s\u0259rl\u0259rinin s\u0259rgil\u0259ndiyi ekspozisiyada m\u0259\u015fhur f\u0131r\u00e7a ustas\u0131n\u0131n \u201cQladioluslar\u201d, \u201cQara Qarayevin portreti\u201d v\u0259 \u201cAydan\u201d adl\u0131 \u0259s\u0259rl\u0259ri d\u0259 t\u0259qdim olunur.<\/p>\n<p>Ekspozisiyada Tahir Salahovun nat\u00fcrmort, peyzaj, portret janrlar\u0131nda m\u00fcxt\u0259lif d\u00f6vrl\u0259ri \u0259hat\u0259 ed\u0259n \u0259s\u0259rl\u0259ri d\u0259 yer al\u0131b. Tahir Salahov Az\u0259rbaycana v\u0259 Rusiyaya sevgini \u00f6z\u00fcnd\u0259 birl\u0259\u015fdir\u0259n b\u0259nz\u0259rsiz inc\u0259s\u0259n\u0259t xadimidir. Onun yarad\u0131c\u0131l\u0131\u011f\u0131nda iki xalq\u0131n \u0259n\u0259n\u0259l\u0259ri \u00f6z \u0259ksini tap\u0131r. G\u00f6rk\u0259mli r\u0259ssam \u0259s\u0259rl\u0259rind\u0259 h\u0259m d\u0259 Az\u0259rbaycan inc\u0259s\u0259n\u0259tinin \u00e7ox\u0259srlik \u0259n\u0259n\u0259l\u0259rini Avropa boyakarl\u0131q m\u0259kt\u0259binin nailiyy\u0259tl\u0259ri il\u0259 birl\u0259\u015fdirib.<\/p>\n<p>Tretyakov Qalereyas\u0131n\u0131n direktoru Zelfira Trequlova deyib: \u201cBiz r\u0259ssam\u0131n b\u00fct\u00fcn d\u00f6vr \u00fc\u00e7\u00fcn \u0259lam\u0259tdar olan \u201cAb\u015feron qad\u0131nlar\u0131\u201d \u0259s\u0259rini, h\u0259m\u00e7inin irih\u0259cmli \u0259s\u0259rl\u0259rini, b\u00f6y\u00fck rus b\u0259st\u0259kar\u0131 Dmitri \u015eostakovi\u00e7in t\u0259l\u0259b\u0259si olan b\u0259st\u0259kar Qara Qarayevin portretini n\u00fcmayi\u015f etdiririk. Bu ekspozisiyaya Tretyakov Qalereyas\u0131n\u0131n kolleksiyas\u0131ndan 7 \u0259s\u0259r v\u0259 bir s\u0131ra kolleksiyalardan \u0259s\u0259rl\u0259r daxildir. Bu s\u0259rgi 2014-c\u00fc ild\u0259n bu binada n\u00fcmayi\u015f etdirdiyimiz trilogiyan\u0131n \u00fc\u00e7\u00fcnc\u00fc hiss\u0259sidir\u201d.<\/p>\n<div class=\"clearfix\"><\/div>\n<\/div>\n<div class=\"fotorama--hidden\"><\/div>\n<div id=\"galleryList\" class=\"fotorama fotorama1645593494937\" data-nav=\"thumbs\" data-width=\"100%\" data-thumbwidth=\"90\" data-thumbheight=\"60\" data-allowfullscreen=\"true\" data-autoplay=\"3000\" data-ratio=\"1.5\" data-keyboard=\"true\" data-fit=\"contain\">\n<div class=\"fotorama__wrap fotorama__wrap--css3 fotorama__wrap--slide fotorama__wrap--toggle-arrows fotorama__wrap--no-controls\">\n<div class=\"fotorama__stage fotorama__pointer\">\n<div class=\"fotorama__fullscreen-icon\" tabindex=\"0\" role=\"button\"><\/div>\n<div class=\"fotorama__stage__shaft\">\n<div class=\"fotorama__stage__frame fotorama__loaded fotorama__loaded--img\"><img class=\"fotorama__img\" src=\"https:\/\/ikisahil.az\/photo\/0x0_2\/upload\/gallery\/2022\/02\/23\/-fd4f21f2164556589388775319811086292.jpg\" \/><\/div>\n<div class=\"fotorama__stage__frame fotorama__loaded fotorama__loaded--img fotorama__active\"><img class=\"fotorama__img\" src=\"https:\/\/ikisahil.az\/photo\/0x0_2\/upload\/gallery\/2022\/02\/23\/-0c048b3a164556589477613380910195690.jpg\" \/><\/div>\n<div class=\"fotorama__stage__frame fotorama__loaded fotorama__loaded--img\"><img class=\"fotorama__img\" src=\"https:\/\/ikisahil.az\/photo\/0x0_2\/upload\/gallery\/2022\/02\/23\/-eefc7bfe164556589424566281810659528.jpg\" \/><\/div>\n<\/div>\n<div class=\"fotorama__arr fotorama__arr--prev\" tabindex=\"0\" role=\"button\"><\/div>\n<div class=\"fotorama__arr fotorama__arr--next\" tabindex=\"0\" role=\"button\"><\/div>\n<div class=\"fotorama__video-close\"><\/div>\n<\/div>\n<div class=\"fotorama__nav-wrap\">\n<div class=\"fotorama__nav fotorama__nav--thumbs fotorama__shadows--right\">\n<div class=\"fotorama__nav__shaft fotorama__grab\">\n<div class=\"fotorama__thumb-border\"><\/div>\n<div class=\"fotorama__nav__frame fotorama__nav__frame--thumb\" tabindex=\"0\" role=\"button\">\n<div class=\"fotorama__thumb fotorama__loaded fotorama__loaded--img\"><img class=\"fotorama__img\" src=\"https:\/\/ikisahil.az\/photo\/150x100_2\/upload\/gallery\/2022\/02\/23\/-53420bd6164556589367466773010888642.jpg\" \/><\/div>\n<\/div>\n<div class=\"fotorama__nav__frame fotorama__nav__frame--thumb\" tabindex=\"0\" role=\"button\">\n<div class=\"fotorama__thumb fotorama__loaded fotorama__loaded--img\"><img class=\"fotorama__img\" src=\"https:\/\/ikisahil.az\/photo\/150x100_2\/upload\/gallery\/2022\/02\/23\/-fd4f21f2164556589388775319811086292.jpg\" \/><\/div>\n<\/div>\n<div class=\"fotorama__nav__frame fotorama__nav__frame--thumb fotorama__active\" tabindex=\"0\" role=\"button\">\n<div class=\"fotorama__thumb fotorama__loaded fotorama__loaded--img\"><img class=\"fotorama__img\" src=\"https:\/\/ikisahil.az\/photo\/150x100_2\/upload\/gallery\/2022\/02\/23\/-0c048b3a164556589477613380910195690.jpg\" \/><\/div>\n<\/div>\n<div class=\"fotorama__nav__frame fotorama__nav__frame--thumb\" tabindex=\"0\" role=\"button\">\n<div class=\"fotorama__thumb fotorama__loaded fotorama__loaded--img\"><img class=\"fotorama__img\" src=\"https:\/\/ikisahil.az\/photo\/150x100_2\/upload\/gallery\/2022\/02\/23\/-eefc7bfe164556589424566281810659528.jpg\" \/><\/div>\n<\/div>\n<div class=\"fotorama__nav__frame fotorama__nav__frame--thumb\" tabindex=\"0\" role=\"button\">\n<div class=\"fotorama__thumb fotorama__loaded fotorama__loaded--img\"><img class=\"fotorama__img\" src=\"https:\/\/ikisahil.az\/photo\/150x100_2\/upload\/gallery\/2022\/02\/23\/-3dcaf04c164556589466089311310932948.jpg\" \/><\/div>\n<\/div>\n<div class=\"fotorama__nav__frame fotorama__nav__frame--thumb\" tabindex=\"0\" role=\"button\">\n<div class=\"fotorama__thumb fotorama__loaded fotorama__loaded--img\"><img class=\"fotorama__img\" src=\"https:\/\/ikisahil.az\/photo\/150x100_2\/upload\/gallery\/2022\/02\/23\/-054ab897164556589463332415311107906.jpg\" \/><\/div>\n<\/div>\n<div class=\"fotorama__nav__frame fotorama__nav__frame--thumb\" tabindex=\"0\" role=\"button\">\n<div class=\"fotorama__thumb fotorama__loaded fotorama__loaded--img\"><img class=\"fotorama__img\" src=\"https:\/\/ikisahil.az\/photo\/150x100_2\/upload\/gallery\/2022\/02\/23\/-f065d878164556589490516034610978540.jpg\" \/><\/div>\n<\/div>\n<div class=\"fotorama__nav__frame fotorama__nav__frame--thumb\" tabindex=\"0\" role=\"button\">\n<div class=\"fotorama__thumb\"><\/div>\n<\/div>\n<div class=\"fotorama__nav__frame fotorama__nav__frame--thumb\" tabindex=\"0\" role=\"button\">\n<div class=\"fotorama__thumb\"><\/div>\n<\/div>\n<div class=\"fotorama__nav__frame fotorama__nav__frame--thumb\" tabindex=\"0\" role=\"button\">\n<div class=\"fotorama__thumb\"><\/div>\n<\/div>\n<div class=\"fotorama__nav__frame fotorama__nav__frame--thumb\" tabindex=\"0\" role=\"button\">\n<div class=\"fotorama__thumb\"><\/div>\n<\/div>\n<div class=\"fotorama__nav__frame fotorama__nav__frame--thumb\" tabindex=\"0\" role=\"button\">\n<div class=\"fotorama__thumb\"><\/div>\n<\/div>\n<div class=\"fotorama__nav__frame fotorama__nav__frame--thumb\" tabindex=\"0\" role=\"button\">\n<div class=\"fotorama__thumb\"><\/div>\n<\/div>\n<div class=\"fotorama__nav__frame fotorama__nav__frame--thumb\" tabindex=\"0\" role=\"button\">\n<div class=\"fotorama__thumb\"><\/div>\n<\/div>\n<div class=\"fotorama__nav__frame fotorama__nav__frame--thumb\" tabindex=\"0\" role=\"button\">\n<div class=\"fotorama__thumb\"><\/div>\n<\/div>\n<div class=\"fotorama__nav__frame fotorama__nav__frame--thumb\" tabindex=\"0\" role=\"button\">\n<div class=\"fotorama__thumb\"><\/div>\n<\/div>\n<\/div>\n<\/div>\n<\/div>\n<\/div>\n<\/div>\n<div class=\"sharing my-2 row no-gutters d-print-none\">\n<div class=\"col-md-3\"><\/div>\n<\/div>\n","protected":false},"excerpt":{"rendered":"<p>Heyd\u0259r \u018fliyev Fondunun vitse-prezidenti Leyla \u018fliyeva Moskvada \u201cAz\u0259rbaycan g\u00fcnl\u0259ri\u201d \u00e7\u0259r\u00e7iv\u0259sind\u0259 t\u0259\u015fkil olunan \u201cTretyakov Qalereyas\u0131n\u0131n kolleksiyas\u0131ndan olan \u0259s\u0259rl\u0259r\u201d adl\u0131 s\u0259rgi il\u0259 tan\u0131\u015f olub. ARANTV.AZ x\u0259b\u0259r verir ki,\u00a0Xalq r\u0259ssam\u0131 Tahir Salahovun m\u0259\u015fhur \u0259s\u0259rl\u0259rinin s\u0259rgil\u0259ndiyi ekspozisiyada m\u0259\u015fhur f\u0131r\u00e7a ustas\u0131n\u0131n \u201cQladioluslar\u201d, \u201cQara Qarayevin portreti\u201d v\u0259 \u201cAydan\u201d adl\u0131 \u0259s\u0259rl\u0259ri d\u0259 t\u0259qdim olunur. Ekspozisiyada Tahir Salahovun nat\u00fcrmort, peyzaj, portret janrlar\u0131nda m\u00fcxt\u0259lif d\u00f6vrl\u0259ri \u0259hat\u0259 ed\u0259n \u0259s\u0259rl\u0259ri d\u0259 yer al\u0131b. Tahir Salahov Az\u0259rbaycana v\u0259 Rusiyaya sevgini \u00f6z\u00fcnd\u0259 birl\u0259\u015fdir\u0259n b\u0259nz\u0259rsiz inc\u0259s\u0259n\u0259t xadimidir. Onun yarad\u0131c\u0131l\u0131\u011f\u0131nda iki xalq\u0131n \u0259n\u0259n\u0259l\u0259ri \u00f6z \u0259ksini tap\u0131r. G\u00f6rk\u0259mli r\u0259ssam \u0259s\u0259rl\u0259rind\u0259 h\u0259m d\u0259 Az\u0259rbaycan inc\u0259s\u0259n\u0259tinin \u00e7ox\u0259srlik \u0259n\u0259n\u0259l\u0259rini&hellip;<\/p>\n","protected":false},"author":2,"featured_media":442629,"comment_status":"closed","ping_status":"closed","sticky":false,"template":"","format":"standard","meta":{"om_disable_all_campaigns":false,"_monsterinsights_skip_tracking":false,"_monsterinsights_sitenote_active":false,"_monsterinsights_sitenote_note":"","_monsterinsights_sitenote_category":0},"categories":[19],"tags":[],"aioseo_notices":[],"gutentor_comment":0,"rttpg_featured_image_url":{"full":["https:\/\/arantv.az\/wp-content\/uploads\/2022\/02\/8b5c8441164556587820815024310056956.jpg",975,540,false],"landscape":["https:\/\/arantv.az\/wp-content\/uploads\/2022\/02\/8b5c8441164556587820815024310056956.jpg",975,540,false],"portraits":["https:\/\/arantv.az\/wp-content\/uploads\/2022\/02\/8b5c8441164556587820815024310056956.jpg",975,540,false],"thumbnail":["https:\/\/arantv.az\/wp-content\/uploads\/2022\/02\/8b5c8441164556587820815024310056956-500x280.jpg",500,280,true],"medium":["https:\/\/arantv.az\/wp-content\/uploads\/2022\/02\/8b5c8441164556587820815024310056956-660x365.jpg",660,365,true],"large":["https:\/\/arantv.az\/wp-content\/uploads\/2022\/02\/8b5c8441164556587820815024310056956-840x465.jpg",640,354,true],"1536x1536":["https:\/\/arantv.az\/wp-content\/uploads\/2022\/02\/8b5c8441164556587820815024310056956.jpg",975,540,false],"2048x2048":["https:\/\/arantv.az\/wp-content\/uploads\/2022\/02\/8b5c8441164556587820815024310056956.jpg",975,540,false],"post-thumbnail":["https:\/\/arantv.az\/wp-content\/uploads\/2022\/02\/8b5c8441164556587820815024310056956-240x172.jpg",240,172,true],"advps-thumb-one":["https:\/\/arantv.az\/wp-content\/uploads\/2022\/02\/8b5c8441164556587820815024310056956.jpg",975,540,false]},"rttpg_author":{"display_name":"V\u00fcsal Rafiqo\u011flu","author_link":"https:\/\/arantv.az\/?author=2"},"rttpg_comment":0,"rttpg_category":"<a href=\"https:\/\/arantv.az\/?cat=19\" rel=\"category\">G\u00fcnd\u0259m<\/a>","rttpg_excerpt":"Heyd\u0259r \u018fliyev Fondunun vitse-prezidenti Leyla \u018fliyeva Moskvada \u201cAz\u0259rbaycan g\u00fcnl\u0259ri\u201d \u00e7\u0259r\u00e7iv\u0259sind\u0259 t\u0259\u015fkil olunan \u201cTretyakov Qalereyas\u0131n\u0131n kolleksiyas\u0131ndan olan \u0259s\u0259rl\u0259r\u201d adl\u0131 s\u0259rgi il\u0259 tan\u0131\u015f olub. ARANTV.AZ x\u0259b\u0259r verir ki,\u00a0Xalq r\u0259ssam\u0131 Tahir Salahovun m\u0259\u015fhur \u0259s\u0259rl\u0259rinin s\u0259rgil\u0259ndiyi ekspozisiyada m\u0259\u015fhur f\u0131r\u00e7a ustas\u0131n\u0131n \u201cQladioluslar\u201d, \u201cQara Qarayevin portreti\u201d v\u0259 \u201cAydan\u201d adl\u0131 \u0259s\u0259rl\u0259ri d\u0259 t\u0259qdim olunur. Ekspozisiyada Tahir Salahovun nat\u00fcrmort, peyzaj, portret janrlar\u0131nda m\u00fcxt\u0259lif&hellip;","_links":{"self":[{"href":"https:\/\/arantv.az\/index.php?rest_route=\/wp\/v2\/posts\/442628"}],"collection":[{"href":"https:\/\/arantv.az\/index.php?rest_route=\/wp\/v2\/posts"}],"about":[{"href":"https:\/\/arantv.az\/index.php?rest_route=\/wp\/v2\/types\/post"}],"author":[{"embeddable":true,"href":"https:\/\/arantv.az\/index.php?rest_route=\/wp\/v2\/users\/2"}],"replies":[{"embeddable":true,"href":"https:\/\/arantv.az\/index.php?rest_route=%2Fwp%2Fv2%2Fcomments&post=442628"}],"version-history":[{"count":0,"href":"https:\/\/arantv.az\/index.php?rest_route=\/wp\/v2\/posts\/442628\/revisions"}],"wp:featuredmedia":[{"embeddable":true,"href":"https:\/\/arantv.az\/index.php?rest_route=\/wp\/v2\/media\/442629"}],"wp:attachment":[{"href":"https:\/\/arantv.az\/index.php?rest_route=%2Fwp%2Fv2%2Fmedia&parent=442628"}],"wp:term":[{"taxonomy":"category","embeddable":true,"href":"https:\/\/arantv.az\/index.php?rest_route=%2Fwp%2Fv2%2Fcategories&post=442628"},{"taxonomy":"post_tag","embeddable":true,"href":"https:\/\/arantv.az\/index.php?rest_route=%2Fwp%2Fv2%2Ftags&post=442628"}],"curies":[{"name":"wp","href":"https:\/\/api.w.org\/{rel}","templated":true}]}}