{"id":442637,"date":"2022-02-23T07:20:51","date_gmt":"2022-02-23T04:20:51","guid":{"rendered":"http:\/\/arantv.az\/?p=442637"},"modified":"2022-02-23T07:20:51","modified_gmt":"2022-02-23T04:20:51","slug":"t%c9%99qsirkar-s%c9%99xs-bar%c9%99sind%c9%99-qanunamuvafiq-t%c9%99dbirl%c9%99r-gorulub","status":"publish","type":"post","link":"https:\/\/arantv.az\/?p=442637","title":{"rendered":"T\u0259qsirkar \u015f\u0259xs bar\u0259sind\u0259 qanunam\u00fcvafiq t\u0259dbirl\u0259r g\u00f6r\u00fcl\u00fcb"},"content":{"rendered":"<p>Kor\u00e7ay D\u00f6vl\u0259t T\u0259bi\u0259t Qoru\u011funun \u0259m\u0259kda\u015flar\u0131 t\u0259r\u0259find\u0259n ke\u00e7iril\u0259n n\u0259zar\u0259t t\u0259dbirl\u0259ri zaman\u0131 qoru\u011fun m\u00fchafiz\u0259 rejimini pozan \u015f\u0259xs saxlan\u0131l\u0131b.<\/p>\n<p><strong>ARANTV.AZ\u00a0 x\u0259b\u0259r verir ki,<\/strong>\u00a0Bioloji M\u00fcxt\u0259lifliyin Qorunmas\u0131 Xidm\u0259tinin r\u0259smisi Arzu Babayeva bildirib ki, ara\u015fd\u0131rma zaman\u0131 qanun pozucusunun Da\u015fk\u0259s\u0259n rayon sakini C\u0259lal\u0259ddin Allahverdiyev oldu\u011fu m\u00fc\u0259yy\u0259n edilib.<\/p>\n<p>&#8220;T\u0259qsirkar \u015f\u0259xs bar\u0259sind\u0259 qanunam\u00fcvafiq t\u0259dbirl\u0259r g\u00f6r\u00fcl\u00fcb&#8221;,-dey\u0259 qurum r\u0259smisi bildirib.<\/p>\n","protected":false},"excerpt":{"rendered":"<p>Kor\u00e7ay D\u00f6vl\u0259t T\u0259bi\u0259t Qoru\u011funun \u0259m\u0259kda\u015flar\u0131 t\u0259r\u0259find\u0259n ke\u00e7iril\u0259n n\u0259zar\u0259t t\u0259dbirl\u0259ri zaman\u0131 qoru\u011fun m\u00fchafiz\u0259 rejimini pozan \u015f\u0259xs saxlan\u0131l\u0131b. ARANTV.AZ\u00a0 x\u0259b\u0259r verir ki,\u00a0Bioloji M\u00fcxt\u0259lifliyin Qorunmas\u0131 Xidm\u0259tinin r\u0259smisi Arzu Babayeva bildirib ki, ara\u015fd\u0131rma zaman\u0131 qanun pozucusunun Da\u015fk\u0259s\u0259n rayon sakini C\u0259lal\u0259ddin Allahverdiyev oldu\u011fu m\u00fc\u0259yy\u0259n edilib. &#8220;T\u0259qsirkar \u015f\u0259xs bar\u0259sind\u0259 qanunam\u00fcvafiq t\u0259dbirl\u0259r g\u00f6r\u00fcl\u00fcb&#8221;,-dey\u0259 qurum r\u0259smisi bildirib.<\/p>\n","protected":false},"author":2,"featured_media":442638,"comment_status":"closed","ping_status":"closed","sticky":false,"template":"","format":"standard","meta":{"om_disable_all_campaigns":false,"_monsterinsights_skip_tracking":false,"_monsterinsights_sitenote_active":false,"_monsterinsights_sitenote_note":"","_monsterinsights_sitenote_category":0},"categories":[1],"tags":[],"aioseo_notices":[],"gutentor_comment":0,"rttpg_featured_image_url":{"full":["https:\/\/arantv.az\/wp-content\/uploads\/2022\/02\/cfe8504b164555330237524126410355374.jpg",975,540,false],"landscape":["https:\/\/arantv.az\/wp-content\/uploads\/2022\/02\/cfe8504b164555330237524126410355374.jpg",975,540,false],"portraits":["https:\/\/arantv.az\/wp-content\/uploads\/2022\/02\/cfe8504b164555330237524126410355374.jpg",975,540,false],"thumbnail":["https:\/\/arantv.az\/wp-content\/uploads\/2022\/02\/cfe8504b164555330237524126410355374-500x280.jpg",500,280,true],"medium":["https:\/\/arantv.az\/wp-content\/uploads\/2022\/02\/cfe8504b164555330237524126410355374-660x365.jpg",660,365,true],"large":["https:\/\/arantv.az\/wp-content\/uploads\/2022\/02\/cfe8504b164555330237524126410355374-840x465.jpg",640,354,true],"1536x1536":["https:\/\/arantv.az\/wp-content\/uploads\/2022\/02\/cfe8504b164555330237524126410355374.jpg",975,540,false],"2048x2048":["https:\/\/arantv.az\/wp-content\/uploads\/2022\/02\/cfe8504b164555330237524126410355374.jpg",975,540,false],"post-thumbnail":["https:\/\/arantv.az\/wp-content\/uploads\/2022\/02\/cfe8504b164555330237524126410355374-240x172.jpg",240,172,true],"advps-thumb-one":["https:\/\/arantv.az\/wp-content\/uploads\/2022\/02\/cfe8504b164555330237524126410355374.jpg",975,540,false]},"rttpg_author":{"display_name":"V\u00fcsal Rafiqo\u011flu","author_link":"https:\/\/arantv.az\/?author=2"},"rttpg_comment":0,"rttpg_category":"<a href=\"https:\/\/arantv.az\/?cat=1\" rel=\"category\">C\u0259miyy\u0259t<\/a>","rttpg_excerpt":"Kor\u00e7ay D\u00f6vl\u0259t T\u0259bi\u0259t Qoru\u011funun \u0259m\u0259kda\u015flar\u0131 t\u0259r\u0259find\u0259n ke\u00e7iril\u0259n n\u0259zar\u0259t t\u0259dbirl\u0259ri zaman\u0131 qoru\u011fun m\u00fchafiz\u0259 rejimini pozan \u015f\u0259xs saxlan\u0131l\u0131b. ARANTV.AZ\u00a0 x\u0259b\u0259r verir ki,\u00a0Bioloji M\u00fcxt\u0259lifliyin Qorunmas\u0131 Xidm\u0259tinin r\u0259smisi Arzu Babayeva bildirib ki, ara\u015fd\u0131rma zaman\u0131 qanun pozucusunun Da\u015fk\u0259s\u0259n rayon sakini C\u0259lal\u0259ddin Allahverdiyev oldu\u011fu m\u00fc\u0259yy\u0259n edilib. &#8220;T\u0259qsirkar \u015f\u0259xs bar\u0259sind\u0259 qanunam\u00fcvafiq t\u0259dbirl\u0259r g\u00f6r\u00fcl\u00fcb&#8221;,-dey\u0259 qurum r\u0259smisi bildirib.","_links":{"self":[{"href":"https:\/\/arantv.az\/index.php?rest_route=\/wp\/v2\/posts\/442637"}],"collection":[{"href":"https:\/\/arantv.az\/index.php?rest_route=\/wp\/v2\/posts"}],"about":[{"href":"https:\/\/arantv.az\/index.php?rest_route=\/wp\/v2\/types\/post"}],"author":[{"embeddable":true,"href":"https:\/\/arantv.az\/index.php?rest_route=\/wp\/v2\/users\/2"}],"replies":[{"embeddable":true,"href":"https:\/\/arantv.az\/index.php?rest_route=%2Fwp%2Fv2%2Fcomments&post=442637"}],"version-history":[{"count":0,"href":"https:\/\/arantv.az\/index.php?rest_route=\/wp\/v2\/posts\/442637\/revisions"}],"wp:featuredmedia":[{"embeddable":true,"href":"https:\/\/arantv.az\/index.php?rest_route=\/wp\/v2\/media\/442638"}],"wp:attachment":[{"href":"https:\/\/arantv.az\/index.php?rest_route=%2Fwp%2Fv2%2Fmedia&parent=442637"}],"wp:term":[{"taxonomy":"category","embeddable":true,"href":"https:\/\/arantv.az\/index.php?rest_route=%2Fwp%2Fv2%2Fcategories&post=442637"},{"taxonomy":"post_tag","embeddable":true,"href":"https:\/\/arantv.az\/index.php?rest_route=%2Fwp%2Fv2%2Ftags&post=442637"}],"curies":[{"name":"wp","href":"https:\/\/api.w.org\/{rel}","templated":true}]}}