{"id":442640,"date":"2022-02-23T07:22:14","date_gmt":"2022-02-23T04:22:14","guid":{"rendered":"http:\/\/arantv.az\/?p=442640"},"modified":"2022-02-23T07:22:14","modified_gmt":"2022-02-23T04:22:14","slug":"prezidentin-moskva-s%c9%99f%c9%99rind%c9%99-imzalanan-b%c9%99yannam%c9%99d%c9%99-n%c9%99l%c9%99r-var","status":"publish","type":"post","link":"https:\/\/arantv.az\/?p=442640","title":{"rendered":"Prezidentin Moskva s\u0259f\u0259rind\u0259 imzalanan b\u0259yannam\u0259d\u0259 n\u0259l\u0259r var?"},"content":{"rendered":"<h3><strong>Az\u0259rbaycanla Rusiya aras\u0131nda \u201cM\u00fctt\u0259fiqlik v\u0259 qar\u015f\u0131l\u0131ql\u0131 f\u0259aliyy\u0259t haqq\u0131nda B\u0259yannam\u0259\u201d imzaland\u0131; iki \u00f6lk\u0259 m\u00fcnasib\u0259tl\u0259rind\u0259 yeni m\u0259rh\u0259l\u0259nin ba\u015flan\u0131ld\u0131\u011f\u0131 b\u0259yan edildi<\/strong><\/h3>\n<p>Rusiyada r\u0259smi s\u0259f\u0259rd\u0259 olan Az\u0259rbaycan Prezidenti \u0130lham \u018fliyev fevral\u0131n 22-d\u0259 Rusiya prezidenti Vladimir Putinl\u0259 g\u00f6r\u00fc\u015f\u00fcb.<\/p>\n<p>Putin deyib ki, iki \u00f6lk\u0259 aras\u0131nda m\u00fctt\u0259fiqlik m\u00fcnasib\u0259tl\u0259ri bar\u0259d\u0259 birg\u0259 b\u0259yannam\u0259 imzalanacaq: \u201cBu, tamamil\u0259 ayd\u0131nd\u0131r ki, m\u00fcnasib\u0259tl\u0259rimizin yeni inki\u015faf m\u0259rh\u0259l\u0259sidir v\u0259 \u015f\u00fcbh\u0259siz ki, o c\u00fcml\u0259d\u0259n sona q\u0259d\u0259r nizamlanmam\u0131\u015f, amma h\u0259llind\u0259 ir\u0259lil\u0259yi\u015f \u0259ld\u0259 olunmu\u015f m\u0259s\u0259l\u0259d\u0259-Qaraba\u011f nizamlanmas\u0131 m\u0259s\u0259l\u0259sind\u0259 \u0259ld\u0259 edilmi\u015f nailiyy\u0259td\u0259n sonra m\u00fcmk\u00fcn oldu\u201d.<\/p>\n<p>Rusiya prezidenti deyib ki, Qaraba\u011f nizamlanmas\u0131nda\u00a0 m\u00fcbahis\u0259l\u0259r, \u00fcz\u0259rind\u0259 i\u015fl\u0259nm\u0259li olan m\u0259s\u0259l\u0259l\u0259r var: \u201cLakin biz \u00f6z t\u0259r\u0259fimizd\u0259n prosesin dinc vasit\u0259l\u0259rl\u0259 getm\u0259si, dinc yollarla inki\u015faf etm\u0259si, \u015f\u00fcbh\u0259siz ki, proses\u0259 c\u0259lb olunmu\u015f b\u00fct\u00fcn t\u0259r\u0259fl\u0259rin m\u0259mnuniyy\u0259tin\u0259 nail olmaq \u00fc\u00e7\u00fcn h\u0259r \u015feyi ed\u0259c\u0259yik\u201d. Putin deyib ki, pandemiyaya baxmayaraq \u00f6t\u0259n il mal d\u00f6vriyy\u0259si 16 faizd\u0259n \u00e7ox art\u0131b. Rusiya d\u00f6vl\u0259t ba\u015f\u00e7\u0131s\u0131\u00a0 rus dilinin d\u0259st\u0259kl\u0259nm\u0259sin\u0259 v\u0259 inki\u015faf\u0131na g\u00f6r\u0259 Az\u0259rbaycan r\u0259hb\u0259rin\u0259 t\u0259.\u0259kk\u00fcr edib.<\/p>\n<p><strong>Putin Ukrayna istiqam\u0259tind\u0259 n\u0259l\u0259rin ba\u015f verdiyi bar\u0259d\u0259 dan\u0131\u015f\u0131b: \u201cD\u0259rhal dem\u0259k ist\u0259yir\u0259m: biz g\u00f6r\u00fcr\u00fck v\u0259 \u0259vv\u0259l d\u0259 g\u00f6rm\u00fc\u015f\u00fck ki, bu m\u00f6vzuda spekulyasiyalar olur, o m\u00f6vzuda ki, Rusiya \u00f6z\u00fcn\u00fcn imperiya s\u0259rh\u0259dl\u0259ri \u00e7\u0259r\u00e7iv\u0259sind\u0259 imperiyan\u0131 b\u0259rpa etm\u0259y\u0259 haz\u0131rla\u015f\u0131r. Bu, q\u0259tiyy\u0259n h\u0259qiq\u0259t\u0259 uy\u011fun deyil\u201d. Rusiya d\u00f6vl\u0259t ba\u015f\u00e7\u0131s\u0131 bildirib ki, Ukrayna il\u0259 ba\u011fl\u0131 v\u0259ziyy\u0259t\u00a0 qon\u015fu \u00f6lk\u0259l\u0259rl\u0259 m\u00fcnasib\u0259td\u0259n f\u0259rqlidir: \u201cBa\u015fqa situasiya onunla ba\u011fl\u0131d\u0131r ki, h\u0259min \u00f6lk\u0259nin \u0259razisi t\u0259\u0259ss\u00fcf ki, \u00fc\u00e7\u00fcnc\u00fc \u00f6lk\u0259l\u0259r t\u0259r\u0259find\u0259n Rusiya Federasiyas\u0131na t\u0259hdid yaratmaq \u00fc\u00e7\u00fcn istifad\u0259 olunur. M\u0259s\u0259l\u0259 ancaq bundad\u0131r. Bizim indi b\u00fct\u00fcn bunlar haqda daha \u0259trafl\u0131 dan\u0131\u015fmaq imkan\u0131m\u0131z olacaq. M\u0259n Sizi detallar haqda m\u0259lumatland\u0131raca\u011fam\u201d.<\/strong><\/p>\n<p>\u201cAz\u0259rbaycan v\u0259 Rusiya aras\u0131nda m\u00fcnasib\u0259tl\u0259r \u00e7ox dinamik inki\u015faf edir\u201d. Bunu Az\u0259rbaycan Prezidenti \u0130lham \u018fliyev Rusiya prezidenti il\u0259 g\u00f6r\u00fc\u015f zaman\u0131 bildirib. \u201cBiz daimi \u0259laq\u0259d\u0259yik, telefonla \u0259laq\u0259 saxlay\u0131r\u0131q v\u0259 t\u0259bii ki, \u015f\u0259xsi g\u00f6r\u00fc\u015fl\u0259r h\u0259r zaman x\u00fcsusi \u0259h\u0259miyy\u0259t k\u0259sb edir. \u00d6lk\u0259l\u0259rimiz aras\u0131nda son d\u0259r\u0259c\u0259 vacib s\u0259n\u0259din imzalanmas\u0131 \u00f6nc\u0259si is\u0259 bu, x\u00fcsusil\u0259 \u00f6n\u0259mlidir.<\/p>\n<p>Bunun, sizin d\u0259 qeyd etdiyiniz kimi, \u00f6lk\u0259l\u0259rimiz aras\u0131nda diplomatik m\u00fcnasib\u0259tl\u0259rin qurulmas\u0131n\u0131n 30 illiyinin qeyd olundu\u011fu bir zamanda ba\u015f verm\u0259si simvolik xarakter da\u015f\u0131y\u0131r. D\u00fc\u015f\u00fcn\u00fcr\u0259m ki, bu s\u0259n\u0259d \u00f6lk\u0259l\u0259rimiz, qar\u015f\u0131l\u0131ql\u0131 m\u00fcnasib\u0259tl\u0259rimiz, h\u0259m\u00e7inin regional t\u0259hl\u00fck\u0259sizlik \u00fc\u00e7\u00fcn birm\u0259nal\u0131 olaraq m\u00fcsb\u0259t \u0259h\u0259miyy\u0259t k\u0259sb ed\u0259c\u0259k&#8221;, &#8211; d\u00f6vl\u0259t ba\u015f\u00e7\u0131s\u0131 deyib.<\/p>\n<p><strong>Prezident \u0130lham \u018fliyev Az\u0259rbaycan\u0131n iki \u00f6lk\u0259 aras\u0131nda yaranm\u0131\u015f mehriban qon\u015fuluq m\u00fcnasib\u0259tl\u0259rini y\u00fcks\u0259k qiym\u0259tl\u0259ndirdiyini bildirib.<\/strong><\/p>\n<p>\u201cAz\u0259rbaycanla Rusiya aras\u0131nda imzalanacaq m\u00fctt\u0259fiqlik b\u0259yannam\u0259si kifay\u0259t q\u0259d\u0259r \u0259hat\u0259li s\u0259n\u0259ddir. Orada 40-a yax\u0131n b\u0259nd var v\u0259 m\u00fcxt\u0259lif sferalar\u0131 \u0259hat\u0259 edir. S\u0259n\u0259d birm\u0259nal\u0131 olaraq \u00e7ox m\u00fcsb\u0259t \u0259h\u0259miyy\u0259t\u0259 malik olacaq\u201d, &#8211; dey\u0259 \u0130.\u018fliyev\u00a0 qeyd edib. \u0130lham \u018fliyev \u0259lav\u0259 edib ki, Rusiya Az\u0259rbaycanla Erm\u0259nistan aras\u0131nda m\u00fcharib\u0259nin dayand\u0131r\u0131lmas\u0131nda m\u00fch\u00fcm rol oynay\u0131b. Prezident \u0130lham \u018fliyev qeyd edib ki, m\u0259hz Rusiyan\u0131n s\u0259yi n\u0259tic\u0259sind\u0259 proses h\u0259rbi fazadan siyasi-diplomatik m\u0259rh\u0259l\u0259y\u0259 ke\u00e7ib. Sonra g\u00f6r\u00fc\u015f ba\u011fl\u0131 qap\u0131lar arxas\u0131nda davam edib.<\/p>\n<p>****<\/p>\n<p><strong>Dani\u015fiqlardan sonra is\u0259 Az\u0259rbaycanla Rusiya aras\u0131nda \u201cM\u00fctt\u0259fiqlik v\u0259 qar\u015f\u0131l\u0131ql\u0131 f\u0259aliyy\u0259t haqq\u0131nda b\u0259yannam\u0259\u201d imzalan\u0131b. (B\u0259yannam\u0259 il\u0259 ba\u011fl\u0131 geni\u015f materiallar\u0131 Musavat.com-dan v\u0259 sabahk\u0131 say\u0131m\u0131zdan oxuya bil\u0259rsiz).<\/strong><\/p>\n<p><strong><img src=\"https:\/\/sfera.az\/file\/pic\/xeber\/2022-01\/1641288976_1602144262_elman_nesieov_modern.azdsc072221551674366.jpg\" alt=\"Elman N\u0259sirov: &amp;quot;Allah bel\u0259l\u0259rinin c\u0259zas\u0131n\u0131 versin&amp;quot; \u00bb Sfera.az Az\u0259rbaycanda  \u00f6z\u0259l x\u0259b\u0259rl\u0259r, ara\u015fd\u0131rmalar, t\u0259hlill\u0259r v\u0259 m\u00fcsahib\u0259l\u0259rin t\u0259k \u00fcnvan\u0131\" \/><\/strong><\/p>\n<p><strong>Elman N\u0259sirov<\/strong><\/p>\n<p>Milli M\u0259clisin \u00fczv\u00fc Elman N\u0259sirov \u201cYeni M\u00fcsavat\u201da \u015f\u0259rhind\u0259 bildirdi ki, Az\u0259rbaycan-Rusiya m\u00fcnasib\u0259tl\u0259ri \u00f6z mahiyy\u0259ti etibaril\u0259 strateji t\u0259r\u0259fda\u015fl\u0131q m\u00fcnasib\u0259tl\u0259ri idi. Lakin 22 fevral tarixind\u0259 imzalanan b\u0259yannam\u0259 il\u0259 m\u00fcnasib\u0259tl\u0259rimiz m\u00fctt\u0259fiqlik s\u0259viyy\u0259sin\u0259 qalxm\u0131\u015f olur: \u201cYeri g\u0259lmi\u015fk\u0259n, onu s\u00f6yl\u0259yim ki, Prezident \u0130lham \u018fliyev 31 dekabr D\u00fcnya Az\u0259raycanl\u0131lar\u0131n\u0131n H\u0259mr\u0259ylik G\u00fcn\u00fc il\u0259 ba\u011fl\u0131 xalqa t\u0259brik m\u00fcraci\u0259tind\u0259 Az\u0259rbaycan\u0131n xarici siyas\u0259ti il\u0259 ba\u011fl\u0131 m\u00f6vqeyini ifad\u0259 ed\u0259rk\u0259n Rusiya-Az\u0259rbaycan m\u00fcnasib\u0259tl\u0259rin\u0259 d\u0259 toxundu. O zaman Prezident qeyd etmi\u015fdi ki, bizim Rusiya il\u0259 m\u00fcnasib\u0259tl\u0259rimizin bundan sonrak\u0131 inki\u015faf\u0131na xidm\u0259t g\u00f6st\u0259r\u0259c\u0259k yeni \u0259m\u0259kda\u015fl\u0131q m\u00fchitinin formala\u015fd\u0131r\u0131lmas\u0131 il\u0259 ba\u011fl\u0131 add\u0131mlar at\u0131lacaq. Y\u0259ni bunun anonsunu c\u0259nab Prezident vermi\u015fdi. \u0130ndiki halda is\u0259 bizim m\u00fcnasib\u0259tl\u0259rimizin m\u00fctt\u0259fiqlik s\u0259viyy\u0259sin\u0259 qalxmas\u0131 o dem\u0259kdir ki, b\u00fct\u00fcn sferalar \u00fczr\u0259 \u0259m\u0259kda\u015fl\u0131q yeni m\u0259rh\u0259l\u0259y\u0259 qalx\u0131r v\u0259 art\u0131q yeni imzalanan s\u0259n\u0259d Az\u0259rbaycan-Rusiya m\u00fcnasib\u0259tl\u0259rinin bundan sonrak\u0131 inki\u015faf\u0131n\u0131n yol x\u0259rit\u0259si d\u0259 hesab oluna bil\u0259r. B\u00fct\u00fcn sah\u0259l\u0259rd\u0259 \u0259m\u0259kda\u015fl\u0131\u011f\u0131n bundan sonrak\u0131 inki\u015faf\u0131 \u00f6z \u0259ksini tap\u0131b. H\u0259r iki t\u0259r\u0259fin bu m\u00fcnasib\u0259tl\u0259rin daha da y\u00fcks\u0259y\u0259 qald\u0131r\u0131lmas\u0131nda maraql\u0131 oldu\u011fu \u00f6z ifad\u0259sini tap\u0131r\u201d.<\/p>\n<p>Deputat qeyd etdi ki, bu s\u0259n\u0259din imzalanmas\u0131 x\u00fcsusi bir tarixi d\u00f6vr\u0259 t\u0259sad\u00fcf edir: \u201cAz\u0259rbaycanla Rusiya aras\u0131nda imzalanan s\u0259n\u0259d iki \u00f6lk\u0259nin m\u00fcnasib\u0259tl\u0259rini m\u00fctt\u0259fiqlik s\u0259viyy\u0259sin\u0259 qald\u0131rmaqla h\u0259m d\u0259 he\u00e7 bir halda \u00fc\u00e7\u00fcnc\u00fc t\u0259r\u0259fi h\u0259d\u0259f\u0259 alm\u0131r. Bu, he\u00e7 bir halda NATO-ya qar\u015f\u0131 deyil, AB\u015e-a qar\u015f\u0131 deyil, Avropaya qar\u015f\u0131 deyil. Az\u0259rbaycan d\u00f6vl\u0259ti v\u0259 Prezidenti ilk n\u00f6vb\u0259d\u0259 m\u00fcst\u0259qil siyas\u0259t, milli maraqlara s\u00f6yk\u0259n\u0259n siyas\u0259t h\u0259yata ke\u00e7irir v\u0259 bu siyas\u0259t \u00fc\u00e7\u00fcnc\u00fc t\u0259r\u0259fi h\u0259d\u0259f\u0259 almayan siyas\u0259tdir\u201d.<\/p>\n<p><img loading=\"lazy\" src=\"https:\/\/adalet.az\/uploads\/img\/posts\/2021\/09\/13\/CEYHUN-1jpg-1631514199.jpg\" alt=\"Ceyhun M\u0259mm\u0259dov: &amp;quot;\u018fks t\u0259qdird\u0259, Az\u0259rbaycan \u0130rana...&amp;quot;\" width=\"841\" height=\"842\" \/><\/p>\n<p><strong>Ceyhun M\u0259mm\u0259dov<\/strong><\/p>\n<p><strong>Milli M\u0259clisin deputat\u0131 Ceyhun M\u0259mm\u0259dov is\u0259 bildirdi ki, iki \u00f6lk\u0259 aras\u0131nda m\u00fcnasib\u0259tl\u0259rin yeni m\u0259rh\u0259l\u0259sinin ba\u015fland\u0131\u011f\u0131n\u0131n \u015fahidiyik:<\/strong>\u00a0\u201cBu g\u00fcn Rusiya-Q\u0259rb m\u00fcnasib\u0259tl\u0259rind\u0259 \u00e7ox k\u0259skin qar\u015f\u0131durma var. Ukrayna m\u00fcst\u0259visind\u0259 biz bunu g\u00f6r\u00fcr\u00fck. G\u00f6r\u00fcn\u0259n odur ki, Rusiyan\u0131n b\u00f6lg\u0259d\u0259 \u00e7ox ciddi maraqlar\u0131 var. Az\u0259rbaycan h\u0259mi\u015f\u0259 Rusiya il\u0259 yax\u0131n m\u00fcnasib\u0259tl\u0259rin inki\u015faf\u0131na maraq g\u00f6st\u0259rib. C\u0259nab Prezidentin h\u0259yata ke\u00e7irdiyi siyas\u0259tin u\u011furlar\u0131ndan biri odur ki, biz Rusiya il\u0259 T\u00fcrkiy\u0259nin m\u00fcnasib\u0259tl\u0259rini uzla\u015fd\u0131ra bilmi\u015fik. Bu uzla\u015fd\u0131rman\u0131n n\u0259tic\u0259sind\u0259 m\u00fcnasib\u0259tl\u0259rin yeni bir m\u0259rh\u0259l\u0259y\u0259 q\u0259d\u0259m qoydu\u011funu g\u00f6r\u00fcr\u00fck. Rusiya il\u0259 m\u00fcnasib\u0259tl\u0259rin k\u0259skinl\u0259\u015fdirilm\u0259sinin ke\u00e7mi\u015f SSR\u0130 respublikalar\u0131na n\u0259yin bahas\u0131na ba\u015fa g\u0259ldiyini g\u00f6r\u00fcr\u00fck, bilirik. Biz Rusiya il\u0259 yax\u0131n \u0259m\u0259kda\u015fl\u0131q m\u00fcnasib\u0259tl\u0259rini qururuq. Az\u0259rbaycan c\u0259miyy\u0259tind\u0259 m\u00fc\u0259yy\u0259n narahatl\u0131qlar var. Buna \u0259sas yoxdur. Az\u0259rbaycanla T\u00fcrkiy\u0259 aras\u0131nda \u015eu\u015fa B\u0259yannam\u0259si imzalan\u0131b v\u0259 bu f\u0259rqli s\u0259n\u0259ddir. Rusiya il\u0259 imzalanan s\u0259n\u0259d is\u0259 \u00fcmumiyy\u0259tl\u0259, siyasi, t\u0259hl\u00fck\u0259sizlik, iqtisadi sah\u0259d\u0259 \u0259m\u0259kda\u015fl\u0131\u011f\u0131 ehtiva edir. Bu g\u00fcn d\u00fcnyada yeni yana\u015fmalar\u0131 g\u00f6r\u00fcr\u00fck. Bu g\u00fcn Az\u0259rbaycan\u0131n qar\u015f\u0131s\u0131nda dayanan m\u00fch\u00fcm v\u0259zif\u0259l\u0259rd\u0259n biri t\u0259hl\u00fck\u0259l\u0259rd\u0259n \u00f6z\u00fcn\u00fc s\u0131\u011fortalamaqd\u0131r\u201d.<\/p>\n<p><strong>Deputat qeyd edib ki, Rusiya il\u0259 b\u0259yannam\u0259nin imzalanmas\u0131 \u0259laq\u0259l\u0259ri daha da g\u00fccl\u0259ndir\u0259c\u0259k, Qaraba\u011fda ba\u015f ver\u0259n t\u0259xribatlar\u0131n qar\u015f\u0131s\u0131n\u0131 alacaq, Erm\u0259nistan-Az\u0259rbaycan m\u00fcnasib\u0259tl\u0259rind\u0259 d\u0259 yeni bir m\u0259rh\u0259l\u0259y\u0259 q\u0259d\u0259m qoyuldu\u011funun \u015fahidi olaca\u011f\u0131q.<\/strong><\/p>\n<p><strong>Politoloq El\u00e7in Mirz\u0259b\u0259yli is\u0259 bildirib ki, Rusiya il\u0259 strateji t\u0259r\u0259fda\u015fl\u0131q haqq\u0131nda B\u0259yannam\u0259 2008-ci ild\u0259, iyulun 3-d\u0259 imzalan\u0131b:<\/strong>\u00a0\u201cRusiya il\u0259 strateji t\u0259r\u0259fda\u015fl\u0131q haqq\u0131nda B\u0259yannam\u0259 Az\u0259rbaycan\u0131n xarici siyas\u0259t kursunun t\u0259m\u0259l prinsipl\u0259rin\u0259, \u00f6lk\u0259mizin siyasi, iqtisadi v\u0259 h\u0259rbi c\u0259h\u0259td\u0259n m\u00fcst\u0259qilliyin\u0259 h\u0259r hans\u0131 bir t\u0259sir g\u00f6st\u0259rm\u0259di. \u018fksin\u0259, Rusiya il\u0259 m\u00fcnasib\u0259tl\u0259rin daha etimadl\u0131 m\u00fcst\u0259viy\u0259 da\u015f\u0131nmas\u0131na z\u0259min yaratd\u0131 ki, bu da \u00f6z\u00fcn\u00fc 44 g\u00fcnl\u00fck V\u0259t\u0259n m\u00fcharib\u0259sind\u0259 qabar\u0131q \u015f\u0259kild\u0259 n\u00fcmayi\u015f etdirdi.<\/p>\n<p><img loading=\"lazy\" src=\"https:\/\/azertag.az\/files\/galleryphoto\/2021\/3\/1000x669\/16389780936039159823_1000x669.jpg\" alt=\"El\u00e7in Mirz\u0259b\u0259yli: Az\u0259rbaycan d\u00f6y\u00fc\u015f meydan\u0131nda oldu\u011fu kimi h\u00fcquq  m\u00fcst\u0259visind\u0259 d\u0259 Erm\u0259nistan\u0131 m\u0259\u011flub etdi - AZ\u018fRTAC \u2013 Az\u0259rbaycan D\u00f6vl\u0259t  \u0130nformasiya Agentliyi\" width=\"822\" height=\"553\" \/><\/p>\n<p><strong>\u00a0El\u00e7in Mirz\u0259b\u0259yli\u00a0<\/strong><\/p>\n<p>Qeyd edim ki, s\u00f6z\u00fcged\u0259n b\u0259yannam\u0259d\u0259 t\u0259hl\u00fck\u0259sizlik sah\u0259sind\u0259 s\u0131x \u0259m\u0259kda\u015fl\u0131qdan, h\u0259tta birg\u0259 f\u0259aliyy\u0259td\u0259n ba\u015flayaraq, beyn\u0259lxalq t\u0259cr\u00fcb\u0259d\u0259 m\u00f6vcud olan b\u00fct\u00fcn \u0259m\u0259kda\u015fl\u0131q istiqam\u0259tl\u0259ri \u00f6z \u0259ksini tap\u0131b. Bu b\u0259yannam\u0259d\u0259n sonra Az\u0259rbaycan-Rusiya s\u0259rh\u0259dl\u0259rinin delimitasiya v\u0259 demarkasiya prosesi u\u011furla, ziddiyy\u0259tl\u0259r\u0259, fikir ayr\u0131l\u0131\u011f\u0131na yol verilm\u0259d\u0259n ba\u015fa \u00e7atd\u0131r\u0131ld\u0131. \u201cX\u0259z\u0259rin h\u00fcquqi statusu haqq\u0131nda\u201d Konvensiyan\u0131n haz\u0131rlanmas\u0131 v\u0259 q\u0259bul edilm\u0259si istiqam\u0259tind\u0259 ciddi add\u0131mlar at\u0131ld\u0131. Az\u0259rbaycan\u0131n m\u00f6vqeyi v\u0259 maraqlar\u0131 h\u0259r iki \u00f6lk\u0259nin i\u015ftirak etdiyi prosesl\u0259rd\u0259 n\u0259z\u0259r\u0259 al\u0131nd\u0131 v\u0259 \u00f6lk\u0259mizin suveren h\u00fcquqlar\u0131n\u0131 m\u0259hdudla\u015fd\u0131racaq, iqtisadi v\u0259 siyasi maraqlar\u0131m\u0131za z\u0259rb\u0259 vura bil\u0259c\u0259k ciddi, tutarl\u0131 faktlar n\u0259z\u0259r\u0259 \u00e7arpmad\u0131.<\/p>\n<p>Bu bax\u0131mdan, ba\u015f ver\u0259nl\u0259rin mahiyy\u0259tin\u0259 varmadan, prosesl\u0259rin gedi\u015fat\u0131n\u0131n bizi hans\u0131 m\u00fcst\u0259viy\u0259 da\u015f\u0131yaca\u011f\u0131n\u0131 t\u0259xmin etm\u0259d\u0259n, h\u0259tta yeni imzalanan s\u0259n\u0259din m\u0259zmununun n\u0259d\u0259n ibar\u0259t olaca\u011f\u0131n\u0131 bel\u0259 bilm\u0259d\u0259n sosial \u015f\u0259b\u0259k\u0259l\u0259rd\u0259 \u201ctufan qoparan\u201d \u201cicaz\u0259li q\u0259hr\u0259man\u201dlar\u0131n n\u0259 ist\u0259dikl\u0259rini anlaya bilmir\u0259m. S\u0259brinizi bas\u0131n! V\u0259 Az\u0259rbaycan\u0131n n\u0259h\u0259ng bir co\u011frafiyan\u0131n parlaq ulduzuna \u00e7evrildiyin\u0259 \u015fahidlik edin&#8221;.<\/p>\n","protected":false},"excerpt":{"rendered":"<p>Az\u0259rbaycanla Rusiya aras\u0131nda \u201cM\u00fctt\u0259fiqlik v\u0259 qar\u015f\u0131l\u0131ql\u0131 f\u0259aliyy\u0259t haqq\u0131nda B\u0259yannam\u0259\u201d imzaland\u0131; iki \u00f6lk\u0259 m\u00fcnasib\u0259tl\u0259rind\u0259 yeni m\u0259rh\u0259l\u0259nin ba\u015flan\u0131ld\u0131\u011f\u0131 b\u0259yan edildi Rusiyada r\u0259smi s\u0259f\u0259rd\u0259 olan Az\u0259rbaycan Prezidenti \u0130lham \u018fliyev fevral\u0131n 22-d\u0259 Rusiya prezidenti Vladimir Putinl\u0259 g\u00f6r\u00fc\u015f\u00fcb. Putin deyib ki, iki \u00f6lk\u0259 aras\u0131nda m\u00fctt\u0259fiqlik m\u00fcnasib\u0259tl\u0259ri bar\u0259d\u0259 birg\u0259 b\u0259yannam\u0259 imzalanacaq: \u201cBu, tamamil\u0259 ayd\u0131nd\u0131r ki, m\u00fcnasib\u0259tl\u0259rimizin yeni inki\u015faf m\u0259rh\u0259l\u0259sidir v\u0259 \u015f\u00fcbh\u0259siz ki, o c\u00fcml\u0259d\u0259n sona q\u0259d\u0259r nizamlanmam\u0131\u015f, amma h\u0259llind\u0259 ir\u0259lil\u0259yi\u015f \u0259ld\u0259 olunmu\u015f m\u0259s\u0259l\u0259d\u0259-Qaraba\u011f nizamlanmas\u0131 m\u0259s\u0259l\u0259sind\u0259 \u0259ld\u0259 edilmi\u015f nailiyy\u0259td\u0259n sonra m\u00fcmk\u00fcn oldu\u201d. Rusiya prezidenti deyib ki, Qaraba\u011f nizamlanmas\u0131nda\u00a0 m\u00fcbahis\u0259l\u0259r, \u00fcz\u0259rind\u0259 i\u015fl\u0259nm\u0259li olan m\u0259s\u0259l\u0259l\u0259r var: \u201cLakin biz \u00f6z&hellip;<\/p>\n","protected":false},"author":2,"featured_media":442641,"comment_status":"closed","ping_status":"closed","sticky":false,"template":"","format":"standard","meta":{"om_disable_all_campaigns":false,"_monsterinsights_skip_tracking":false,"_monsterinsights_sitenote_active":false,"_monsterinsights_sitenote_note":"","_monsterinsights_sitenote_category":0},"categories":[19],"tags":[],"aioseo_notices":[],"gutentor_comment":0,"rttpg_featured_image_url":{"full":["https:\/\/arantv.az\/wp-content\/uploads\/2022\/02\/f7f6c3ccaf7194ce5f5a6c93de0cb7f5.jpg",450,300,false],"landscape":["https:\/\/arantv.az\/wp-content\/uploads\/2022\/02\/f7f6c3ccaf7194ce5f5a6c93de0cb7f5.jpg",450,300,false],"portraits":["https:\/\/arantv.az\/wp-content\/uploads\/2022\/02\/f7f6c3ccaf7194ce5f5a6c93de0cb7f5.jpg",450,300,false],"thumbnail":["https:\/\/arantv.az\/wp-content\/uploads\/2022\/02\/f7f6c3ccaf7194ce5f5a6c93de0cb7f5-450x280.jpg",450,280,true],"medium":["https:\/\/arantv.az\/wp-content\/uploads\/2022\/02\/f7f6c3ccaf7194ce5f5a6c93de0cb7f5.jpg",450,300,false],"large":["https:\/\/arantv.az\/wp-content\/uploads\/2022\/02\/f7f6c3ccaf7194ce5f5a6c93de0cb7f5.jpg",450,300,false],"1536x1536":["https:\/\/arantv.az\/wp-content\/uploads\/2022\/02\/f7f6c3ccaf7194ce5f5a6c93de0cb7f5.jpg",450,300,false],"2048x2048":["https:\/\/arantv.az\/wp-content\/uploads\/2022\/02\/f7f6c3ccaf7194ce5f5a6c93de0cb7f5.jpg",450,300,false],"post-thumbnail":["https:\/\/arantv.az\/wp-content\/uploads\/2022\/02\/f7f6c3ccaf7194ce5f5a6c93de0cb7f5-240x172.jpg",240,172,true],"advps-thumb-one":["https:\/\/arantv.az\/wp-content\/uploads\/2022\/02\/f7f6c3ccaf7194ce5f5a6c93de0cb7f5.jpg",450,300,false]},"rttpg_author":{"display_name":"V\u00fcsal Rafiqo\u011flu","author_link":"https:\/\/arantv.az\/?author=2"},"rttpg_comment":0,"rttpg_category":"<a href=\"https:\/\/arantv.az\/?cat=19\" rel=\"category\">G\u00fcnd\u0259m<\/a>","rttpg_excerpt":"Az\u0259rbaycanla Rusiya aras\u0131nda \u201cM\u00fctt\u0259fiqlik v\u0259 qar\u015f\u0131l\u0131ql\u0131 f\u0259aliyy\u0259t haqq\u0131nda B\u0259yannam\u0259\u201d imzaland\u0131; iki \u00f6lk\u0259 m\u00fcnasib\u0259tl\u0259rind\u0259 yeni m\u0259rh\u0259l\u0259nin ba\u015flan\u0131ld\u0131\u011f\u0131 b\u0259yan edildi Rusiyada r\u0259smi s\u0259f\u0259rd\u0259 olan Az\u0259rbaycan Prezidenti \u0130lham \u018fliyev fevral\u0131n 22-d\u0259 Rusiya prezidenti Vladimir Putinl\u0259 g\u00f6r\u00fc\u015f\u00fcb. Putin deyib ki, iki \u00f6lk\u0259 aras\u0131nda m\u00fctt\u0259fiqlik m\u00fcnasib\u0259tl\u0259ri bar\u0259d\u0259 birg\u0259 b\u0259yannam\u0259 imzalanacaq: \u201cBu, tamamil\u0259 ayd\u0131nd\u0131r ki, m\u00fcnasib\u0259tl\u0259rimizin yeni inki\u015faf m\u0259rh\u0259l\u0259sidir v\u0259 \u015f\u00fcbh\u0259siz&hellip;","_links":{"self":[{"href":"https:\/\/arantv.az\/index.php?rest_route=\/wp\/v2\/posts\/442640"}],"collection":[{"href":"https:\/\/arantv.az\/index.php?rest_route=\/wp\/v2\/posts"}],"about":[{"href":"https:\/\/arantv.az\/index.php?rest_route=\/wp\/v2\/types\/post"}],"author":[{"embeddable":true,"href":"https:\/\/arantv.az\/index.php?rest_route=\/wp\/v2\/users\/2"}],"replies":[{"embeddable":true,"href":"https:\/\/arantv.az\/index.php?rest_route=%2Fwp%2Fv2%2Fcomments&post=442640"}],"version-history":[{"count":0,"href":"https:\/\/arantv.az\/index.php?rest_route=\/wp\/v2\/posts\/442640\/revisions"}],"wp:featuredmedia":[{"embeddable":true,"href":"https:\/\/arantv.az\/index.php?rest_route=\/wp\/v2\/media\/442641"}],"wp:attachment":[{"href":"https:\/\/arantv.az\/index.php?rest_route=%2Fwp%2Fv2%2Fmedia&parent=442640"}],"wp:term":[{"taxonomy":"category","embeddable":true,"href":"https:\/\/arantv.az\/index.php?rest_route=%2Fwp%2Fv2%2Fcategories&post=442640"},{"taxonomy":"post_tag","embeddable":true,"href":"https:\/\/arantv.az\/index.php?rest_route=%2Fwp%2Fv2%2Ftags&post=442640"}],"curies":[{"name":"wp","href":"https:\/\/api.w.org\/{rel}","templated":true}]}}