{"id":442643,"date":"2022-02-23T07:23:49","date_gmt":"2022-02-23T04:23:49","guid":{"rendered":"http:\/\/arantv.az\/?p=442643"},"modified":"2022-02-23T07:23:49","modified_gmt":"2022-02-23T04:23:49","slug":"votsapda-qrup-yazismasina-gor%c9%99-dubinka-il%c9%99-doyub-basini-divara-cirpib","status":"publish","type":"post","link":"https:\/\/arantv.az\/?p=442643","title":{"rendered":"&#8220;Votsapda qrup yaz\u0131\u015fmas\u0131na g\u00f6r\u0259 dubinka il\u0259 d\u00f6y\u00fcb, ba\u015f\u0131n\u0131 divara \u00e7\u0131rp\u0131b&#8221;"},"content":{"rendered":"<p>Polis \u015f\u00f6b\u0259sind\u0259 arvad\u0131n\u0131 \u00f6ld\u00fcr\u0259n serjant \u0130smay\u0131l M\u0259mm\u0259dovun m\u0259hk\u0259m\u0259sind\u0259 \u015fahidl\u0259r ifad\u0259 verib.<\/p>\n<p>&#8220;Qafqazinfo&#8221;\u00a0<a title=\"xeberler son xeberler 2021\" href=\"https:\/\/big.az\/\" target=\"_blank\" rel=\"noopener\">x\u0259b\u0259r<\/a>\u00a0verir ki, Bak\u0131 A\u011f\u0131r Cinay\u0259tl\u0259r M\u0259hk\u0259m\u0259sind\u0259 ke\u00e7iril\u0259n prosesd\u0259 m\u0259rhumun qarda\u015f\u0131 Asif \u018fliyev\u0259 s\u00f6z verilib.<\/p>\n<p>O, bac\u0131s\u0131n\u0131n\u0131n \u0130.M\u0259mm\u0259dov t\u0259r\u0259find\u0259n\u00a0<a title=\"xidmetler\" href=\"https:\/\/xidmetler.az\/\" target=\"_blank\" rel=\"noopener\">xidm\u0259ti<\/a>\u00a0dubinka il\u0259 d\u00f6y\u00fcld\u00fcy\u00fcn\u00fc bildirib:<\/p>\n<p>&#8220;Bac\u0131m bir d\u0259f\u0259 m\u0259n\u0259 z\u0259ng el\u0259di ki, &#8220;g\u0259l m\u0259ni g\u00f6t\u00fcr, \u00f6z\u00fcm\u00fc \u00f6ld\u00fcr\u0259c\u0259m, bu adamla ya\u015faya bilm\u0259r\u0259m&#8221;. Dubinka v\u0259 t\u0259pikl\u0259 onu d\u00f6ym\u00fc\u015fd\u00fc. Bu hadis\u0259 bir d\u0259f\u0259 d\u0259 t\u0259krarlanm\u0131\u015fd\u0131. Qarda\u015f\u0131 olsam da, ail\u0259 i\u015fin\u0259 qar\u0131\u015fmaq ist\u0259mirdim. T\u0259s\u0259vv\u00fcr etm\u0259zdim ki, o, iki u\u015fa\u011f\u0131n qar\u015f\u0131s\u0131nda bac\u0131m\u0131 q\u0259tl\u0259 yetir\u0259r. D\u0259fnd\u0259 v\u0259 ya yasda onlar t\u0259r\u0259fd\u0259n he\u00e7 kimi g\u00f6rm\u0259dim. D\u0259fn x\u0259rcl\u0259rini anam \u00e7\u0259kib. Haz\u0131rda u\u015faqlar Qaxda atam v\u0259 qarda\u015f\u0131m\u0131n himay\u0259sind\u0259dir. \u0130smay\u0131la \u00f6m\u00fcrl\u00fck h\u0259bs verilm\u0259sini xahi\u015f edir\u0259m&#8221;.<\/p>\n<p>\u015eahid qismind\u0259 ifad\u0259 ver\u0259n G\u00fclxan\u0131m Yol\u00e7uyeva m\u0259rhumun bibisi oldu\u011funu deyib. Onun s\u00f6zl\u0259rin\u0259 g\u00f6r\u0259, X.M\u0259mm\u0259dova q\u0259tl\u0259 yetiril\u0259nd\u0259 hadis\u0259 yerind\u0259 u\u015faqlarla olub:<\/p>\n<div class=\"AdviadNativeVideo\"><\/div>\n<p>&#8220;H\u0259min g\u00fcn Xan\u0131m taksi s\u00fcr\u00fcc\u00fcs\u00fcn\u0259 yalvar\u0131b ki, onu biz\u0259 \u00e7atd\u0131rs\u0131n. S\u00fcr\u00fcc\u00fc g\u00f6t\u00fcrm\u0259k ist\u0259m\u0259yib. Deyib ki, m\u0259ni bibimgil\u0259 \u00e7atd\u0131r, n\u0259 q\u0259d\u0259r pul des\u0259n, ver\u0259c\u0259m. H\u0259min ax\u015fam m\u0259n d\u0259, Xan\u0131m da yatmad\u0131q. \u0130smay\u0131l\u0131n onu n\u0259y\u0259 g\u00f6r\u0259 d\u00f6yd\u00fcy\u00fcn\u00fc m\u0259n\u0259 dan\u0131\u015fd\u0131.<\/p>\n<p>Votsapda adi bir qrup yaz\u0131\u015fmas\u0131na g\u00f6r\u0259 q\u0131z\u0131m\u0131z\u0131 dubinka il\u0259 d\u00f6y\u00fcb, ba\u015f\u0131n\u0131 divara \u00e7\u0131rp\u0131b. S\u0259h\u0259r b\u00f6lm\u0259d\u0259 t\u0259hqiqat\u00e7\u0131n\u0131n ota\u011f\u0131na girib hadis\u0259ni dan\u0131\u015fd\u0131q v\u0259 ekspertizaya getm\u0259k \u00fc\u00e7\u00fcn s\u0259n\u0259dl\u0259r haz\u0131rland\u0131. \u0130smay\u0131l i\u00e7\u0259ri g\u0259ldi, u\u015faqlar\u0131 \u00f6pd\u00fc. \u0130kisinin aras\u0131nda he\u00e7 bir dialoq olmad\u0131. Sonra balam\u0131 qan\u0131na q\u0259ltan el\u0259di&#8221;.<\/p>\n<p>M\u0259hk\u0259m\u0259 prosesi mart\u0131n 1-d\u0259 davam etdiril\u0259c\u0259k.<\/p>\n<p>Qeyd ed\u0259k ki, hadis\u0259 2021-ci il sentyabr\u0131n 30-da Nizami rayonundak\u0131 24-c\u00fc polis \u015f\u00f6b\u0259sind\u0259 ba\u015f verib. \u0130.M\u0259mm\u0259dov azya\u015fl\u0131 \u00f6vladlar\u0131n\u0131n g\u00f6z\u00fc qar\u015f\u0131s\u0131nda xidm\u0259ti silahla 15 d\u0259f\u0259 at\u0259\u015f a\u00e7araq h\u0259yat yolda\u015f\u0131n\u0131 q\u0259sd\u0259n \u00f6ld\u00fcr\u00fcb.<\/p>\n","protected":false},"excerpt":{"rendered":"<p>Polis \u015f\u00f6b\u0259sind\u0259 arvad\u0131n\u0131 \u00f6ld\u00fcr\u0259n serjant \u0130smay\u0131l M\u0259mm\u0259dovun m\u0259hk\u0259m\u0259sind\u0259 \u015fahidl\u0259r ifad\u0259 verib. &#8220;Qafqazinfo&#8221;\u00a0x\u0259b\u0259r\u00a0verir ki, Bak\u0131 A\u011f\u0131r Cinay\u0259tl\u0259r M\u0259hk\u0259m\u0259sind\u0259 ke\u00e7iril\u0259n prosesd\u0259 m\u0259rhumun qarda\u015f\u0131 Asif \u018fliyev\u0259 s\u00f6z verilib. O, bac\u0131s\u0131n\u0131n\u0131n \u0130.M\u0259mm\u0259dov t\u0259r\u0259find\u0259n\u00a0xidm\u0259ti\u00a0dubinka il\u0259 d\u00f6y\u00fcld\u00fcy\u00fcn\u00fc bildirib: &#8220;Bac\u0131m bir d\u0259f\u0259 m\u0259n\u0259 z\u0259ng el\u0259di ki, &#8220;g\u0259l m\u0259ni g\u00f6t\u00fcr, \u00f6z\u00fcm\u00fc \u00f6ld\u00fcr\u0259c\u0259m, bu adamla ya\u015faya bilm\u0259r\u0259m&#8221;. Dubinka v\u0259 t\u0259pikl\u0259 onu d\u00f6ym\u00fc\u015fd\u00fc. Bu hadis\u0259 bir d\u0259f\u0259 d\u0259 t\u0259krarlanm\u0131\u015fd\u0131. Qarda\u015f\u0131 olsam da, ail\u0259 i\u015fin\u0259 qar\u0131\u015fmaq ist\u0259mirdim. T\u0259s\u0259vv\u00fcr etm\u0259zdim ki, o, iki u\u015fa\u011f\u0131n qar\u015f\u0131s\u0131nda bac\u0131m\u0131 q\u0259tl\u0259 yetir\u0259r. D\u0259fnd\u0259 v\u0259 ya yasda onlar t\u0259r\u0259fd\u0259n he\u00e7 kimi g\u00f6rm\u0259dim. D\u0259fn x\u0259rcl\u0259rini anam \u00e7\u0259kib. Haz\u0131rda&hellip;<\/p>\n","protected":false},"author":2,"featured_media":442644,"comment_status":"closed","ping_status":"closed","sticky":false,"template":"","format":"standard","meta":{"om_disable_all_campaigns":false,"_monsterinsights_skip_tracking":false,"_monsterinsights_sitenote_active":false,"_monsterinsights_sitenote_note":"","_monsterinsights_sitenote_category":0},"categories":[5],"tags":[],"aioseo_notices":[],"gutentor_comment":0,"rttpg_featured_image_url":{"full":["https:\/\/arantv.az\/wp-content\/uploads\/2022\/02\/ikl_31645551178.jpg",637,400,false],"landscape":["https:\/\/arantv.az\/wp-content\/uploads\/2022\/02\/ikl_31645551178.jpg",637,400,false],"portraits":["https:\/\/arantv.az\/wp-content\/uploads\/2022\/02\/ikl_31645551178.jpg",637,400,false],"thumbnail":["https:\/\/arantv.az\/wp-content\/uploads\/2022\/02\/ikl_31645551178-500x280.jpg",500,280,true],"medium":["https:\/\/arantv.az\/wp-content\/uploads\/2022\/02\/ikl_31645551178-581x365.jpg",581,365,true],"large":["https:\/\/arantv.az\/wp-content\/uploads\/2022\/02\/ikl_31645551178.jpg",637,400,false],"1536x1536":["https:\/\/arantv.az\/wp-content\/uploads\/2022\/02\/ikl_31645551178.jpg",637,400,false],"2048x2048":["https:\/\/arantv.az\/wp-content\/uploads\/2022\/02\/ikl_31645551178.jpg",637,400,false],"post-thumbnail":["https:\/\/arantv.az\/wp-content\/uploads\/2022\/02\/ikl_31645551178-240x172.jpg",240,172,true],"advps-thumb-one":["https:\/\/arantv.az\/wp-content\/uploads\/2022\/02\/ikl_31645551178.jpg",637,400,false]},"rttpg_author":{"display_name":"V\u00fcsal Rafiqo\u011flu","author_link":"https:\/\/arantv.az\/?author=2"},"rttpg_comment":0,"rttpg_category":"<a href=\"https:\/\/arantv.az\/?cat=5\" rel=\"category\">Hadis\u0259<\/a>","rttpg_excerpt":"Polis \u015f\u00f6b\u0259sind\u0259 arvad\u0131n\u0131 \u00f6ld\u00fcr\u0259n serjant \u0130smay\u0131l M\u0259mm\u0259dovun m\u0259hk\u0259m\u0259sind\u0259 \u015fahidl\u0259r ifad\u0259 verib. &#8220;Qafqazinfo&#8221;\u00a0x\u0259b\u0259r\u00a0verir ki, Bak\u0131 A\u011f\u0131r Cinay\u0259tl\u0259r M\u0259hk\u0259m\u0259sind\u0259 ke\u00e7iril\u0259n prosesd\u0259 m\u0259rhumun qarda\u015f\u0131 Asif \u018fliyev\u0259 s\u00f6z verilib. O, bac\u0131s\u0131n\u0131n\u0131n \u0130.M\u0259mm\u0259dov t\u0259r\u0259find\u0259n\u00a0xidm\u0259ti\u00a0dubinka il\u0259 d\u00f6y\u00fcld\u00fcy\u00fcn\u00fc bildirib: &#8220;Bac\u0131m bir d\u0259f\u0259 m\u0259n\u0259 z\u0259ng el\u0259di ki, &#8220;g\u0259l m\u0259ni g\u00f6t\u00fcr, \u00f6z\u00fcm\u00fc \u00f6ld\u00fcr\u0259c\u0259m, bu adamla ya\u015faya bilm\u0259r\u0259m&#8221;. Dubinka v\u0259 t\u0259pikl\u0259 onu d\u00f6ym\u00fc\u015fd\u00fc. Bu hadis\u0259&hellip;","_links":{"self":[{"href":"https:\/\/arantv.az\/index.php?rest_route=\/wp\/v2\/posts\/442643"}],"collection":[{"href":"https:\/\/arantv.az\/index.php?rest_route=\/wp\/v2\/posts"}],"about":[{"href":"https:\/\/arantv.az\/index.php?rest_route=\/wp\/v2\/types\/post"}],"author":[{"embeddable":true,"href":"https:\/\/arantv.az\/index.php?rest_route=\/wp\/v2\/users\/2"}],"replies":[{"embeddable":true,"href":"https:\/\/arantv.az\/index.php?rest_route=%2Fwp%2Fv2%2Fcomments&post=442643"}],"version-history":[{"count":0,"href":"https:\/\/arantv.az\/index.php?rest_route=\/wp\/v2\/posts\/442643\/revisions"}],"wp:featuredmedia":[{"embeddable":true,"href":"https:\/\/arantv.az\/index.php?rest_route=\/wp\/v2\/media\/442644"}],"wp:attachment":[{"href":"https:\/\/arantv.az\/index.php?rest_route=%2Fwp%2Fv2%2Fmedia&parent=442643"}],"wp:term":[{"taxonomy":"category","embeddable":true,"href":"https:\/\/arantv.az\/index.php?rest_route=%2Fwp%2Fv2%2Fcategories&post=442643"},{"taxonomy":"post_tag","embeddable":true,"href":"https:\/\/arantv.az\/index.php?rest_route=%2Fwp%2Fv2%2Ftags&post=442643"}],"curies":[{"name":"wp","href":"https:\/\/api.w.org\/{rel}","templated":true}]}}