{"id":442878,"date":"2022-02-23T13:34:47","date_gmt":"2022-02-23T10:34:47","guid":{"rendered":"http:\/\/arantv.az\/?p=442878"},"modified":"2022-02-23T13:34:47","modified_gmt":"2022-02-23T10:34:47","slug":"polis-m%c9%99kt%c9%99bliy%c9%99-qarsi-bullingin-qarsisini-alib-video","status":"publish","type":"post","link":"https:\/\/arantv.az\/?p=442878","title":{"rendered":"Polis m\u0259kt\u0259bliy\u0259 qar\u015f\u0131 \u201cbulling\u201din qar\u015f\u0131s\u0131n\u0131 al\u0131b &#8211; V\u0130DEO"},"content":{"rendered":"<article class=\"news\">\n<div class=\"news-inner\">\n<p>Baku TV-d\u0259 yay\u0131mlanan \u201c\u00dczb\u0259\u00fcz\u201d verili\u015find\u0259 Daxili \u0130\u015fl\u0259r Nazirliyinin \u015f\u00f6b\u0259 r\u0259isi El\u015fad Hac\u0131yev polisl\u0259rin m\u0259kt\u0259bliy\u0259 qar\u015f\u0131 \u201cbulling\u201din qar\u015f\u0131s\u0131n\u0131 almas\u0131ndan dan\u0131\u015f\u0131b.<\/p>\n<div class=\"AdviadNativeVideo\"><\/div>\n<p>\u015e\u00f6b\u0259 r\u0259isi bildirib ki, Daxili \u0130\u015fl\u0259r Nazirliyin\u0259 rayonlar\u0131n birind\u0259 m\u0259kt\u0259bliy\u0259 qar\u015f\u0131 \u201cbulling\u201d edil\u0259c\u0259yi haqq\u0131nda m\u0259lumat daxil olub:<\/p>\n<p>\u201cBiz h\u0259min m\u0259kt\u0259bi, u\u015fa\u011f\u0131 v\u0259 ail\u0259sini m\u00fc\u0259yy\u0259n etdik. Gec\u0259 il\u0259 m\u0259kt\u0259blini \u201cbulling\u201d ed\u0259c\u0259k ail\u0259l\u0259ri tapd\u0131q v\u0259 m\u0259s\u0259l\u0259 h\u0259ll olundu. O u\u015fa\u011f\u0131n kollektiv i\u00e7ind\u0259 t\u0259hqir olunmas\u0131 a\u011f\u0131r n\u0259tic\u0259l\u0259r\u0259 s\u0259b\u0259b ola bil\u0259rdi\u201d.<\/p>\n<p>Daha \u0259trafl\u0131 s\u00fcjetd\u0259:<\/p>\n<div><iframe loading=\"lazy\" title=\"YouTube video player\" src=\"https:\/\/www.youtube.com\/embed\/fH52-zZgft0\" width=\"560\" height=\"315\" frameborder=\"0\" allowfullscreen=\"allowfullscreen\" data-mce-fragment=\"1\"><\/iframe><\/div>\n<\/div>\n<\/article>\n","protected":false},"excerpt":{"rendered":"<p>Baku TV-d\u0259 yay\u0131mlanan \u201c\u00dczb\u0259\u00fcz\u201d verili\u015find\u0259 Daxili \u0130\u015fl\u0259r Nazirliyinin \u015f\u00f6b\u0259 r\u0259isi El\u015fad Hac\u0131yev polisl\u0259rin m\u0259kt\u0259bliy\u0259 qar\u015f\u0131 \u201cbulling\u201din qar\u015f\u0131s\u0131n\u0131 almas\u0131ndan dan\u0131\u015f\u0131b. \u015e\u00f6b\u0259 r\u0259isi bildirib ki, Daxili \u0130\u015fl\u0259r Nazirliyin\u0259 rayonlar\u0131n birind\u0259 m\u0259kt\u0259bliy\u0259 qar\u015f\u0131 \u201cbulling\u201d edil\u0259c\u0259yi haqq\u0131nda m\u0259lumat daxil olub: \u201cBiz h\u0259min m\u0259kt\u0259bi, u\u015fa\u011f\u0131 v\u0259 ail\u0259sini m\u00fc\u0259yy\u0259n etdik. Gec\u0259 il\u0259 m\u0259kt\u0259blini \u201cbulling\u201d ed\u0259c\u0259k ail\u0259l\u0259ri tapd\u0131q v\u0259 m\u0259s\u0259l\u0259 h\u0259ll olundu. O u\u015fa\u011f\u0131n kollektiv i\u00e7ind\u0259 t\u0259hqir olunmas\u0131 a\u011f\u0131r n\u0259tic\u0259l\u0259r\u0259 s\u0259b\u0259b ola bil\u0259rdi\u201d. Daha \u0259trafl\u0131 s\u00fcjetd\u0259:<\/p>\n","protected":false},"author":2,"featured_media":436448,"comment_status":"closed","ping_status":"closed","sticky":false,"template":"","format":"standard","meta":{"om_disable_all_campaigns":false,"_monsterinsights_skip_tracking":false,"_monsterinsights_sitenote_active":false,"_monsterinsights_sitenote_note":"","_monsterinsights_sitenote_category":0},"categories":[1],"tags":[],"aioseo_notices":[],"gutentor_comment":0,"rttpg_featured_image_url":{"full":["https:\/\/arantv.az\/wp-content\/uploads\/2022\/02\/mektebehazirliq_0236.jpg",800,600,false],"landscape":["https:\/\/arantv.az\/wp-content\/uploads\/2022\/02\/mektebehazirliq_0236.jpg",800,600,false],"portraits":["https:\/\/arantv.az\/wp-content\/uploads\/2022\/02\/mektebehazirliq_0236.jpg",800,600,false],"thumbnail":["https:\/\/arantv.az\/wp-content\/uploads\/2022\/02\/mektebehazirliq_0236-500x280.jpg",500,280,true],"medium":["https:\/\/arantv.az\/wp-content\/uploads\/2022\/02\/mektebehazirliq_0236-487x365.jpg",487,365,true],"large":["https:\/\/arantv.az\/wp-content\/uploads\/2022\/02\/mektebehazirliq_0236.jpg",640,480,false],"1536x1536":["https:\/\/arantv.az\/wp-content\/uploads\/2022\/02\/mektebehazirliq_0236.jpg",800,600,false],"2048x2048":["https:\/\/arantv.az\/wp-content\/uploads\/2022\/02\/mektebehazirliq_0236.jpg",800,600,false],"post-thumbnail":["https:\/\/arantv.az\/wp-content\/uploads\/2022\/02\/mektebehazirliq_0236-240x172.jpg",240,172,true],"advps-thumb-one":["https:\/\/arantv.az\/wp-content\/uploads\/2022\/02\/mektebehazirliq_0236.jpg",800,600,false]},"rttpg_author":{"display_name":"V\u00fcsal Rafiqo\u011flu","author_link":"https:\/\/arantv.az\/?author=2"},"rttpg_comment":0,"rttpg_category":"<a href=\"https:\/\/arantv.az\/?cat=1\" rel=\"category\">C\u0259miyy\u0259t<\/a>","rttpg_excerpt":"Baku TV-d\u0259 yay\u0131mlanan \u201c\u00dczb\u0259\u00fcz\u201d verili\u015find\u0259 Daxili \u0130\u015fl\u0259r Nazirliyinin \u015f\u00f6b\u0259 r\u0259isi El\u015fad Hac\u0131yev polisl\u0259rin m\u0259kt\u0259bliy\u0259 qar\u015f\u0131 \u201cbulling\u201din qar\u015f\u0131s\u0131n\u0131 almas\u0131ndan dan\u0131\u015f\u0131b. \u015e\u00f6b\u0259 r\u0259isi bildirib ki, Daxili \u0130\u015fl\u0259r Nazirliyin\u0259 rayonlar\u0131n birind\u0259 m\u0259kt\u0259bliy\u0259 qar\u015f\u0131 \u201cbulling\u201d edil\u0259c\u0259yi haqq\u0131nda m\u0259lumat daxil olub: \u201cBiz h\u0259min m\u0259kt\u0259bi, u\u015fa\u011f\u0131 v\u0259 ail\u0259sini m\u00fc\u0259yy\u0259n etdik. Gec\u0259 il\u0259 m\u0259kt\u0259blini \u201cbulling\u201d ed\u0259c\u0259k ail\u0259l\u0259ri tapd\u0131q v\u0259 m\u0259s\u0259l\u0259 h\u0259ll olundu.&hellip;","_links":{"self":[{"href":"https:\/\/arantv.az\/index.php?rest_route=\/wp\/v2\/posts\/442878"}],"collection":[{"href":"https:\/\/arantv.az\/index.php?rest_route=\/wp\/v2\/posts"}],"about":[{"href":"https:\/\/arantv.az\/index.php?rest_route=\/wp\/v2\/types\/post"}],"author":[{"embeddable":true,"href":"https:\/\/arantv.az\/index.php?rest_route=\/wp\/v2\/users\/2"}],"replies":[{"embeddable":true,"href":"https:\/\/arantv.az\/index.php?rest_route=%2Fwp%2Fv2%2Fcomments&post=442878"}],"version-history":[{"count":0,"href":"https:\/\/arantv.az\/index.php?rest_route=\/wp\/v2\/posts\/442878\/revisions"}],"wp:featuredmedia":[{"embeddable":true,"href":"https:\/\/arantv.az\/index.php?rest_route=\/wp\/v2\/media\/436448"}],"wp:attachment":[{"href":"https:\/\/arantv.az\/index.php?rest_route=%2Fwp%2Fv2%2Fmedia&parent=442878"}],"wp:term":[{"taxonomy":"category","embeddable":true,"href":"https:\/\/arantv.az\/index.php?rest_route=%2Fwp%2Fv2%2Fcategories&post=442878"},{"taxonomy":"post_tag","embeddable":true,"href":"https:\/\/arantv.az\/index.php?rest_route=%2Fwp%2Fv2%2Ftags&post=442878"}],"curies":[{"name":"wp","href":"https:\/\/api.w.org\/{rel}","templated":true}]}}