{"id":442880,"date":"2022-02-23T13:38:08","date_gmt":"2022-02-23T10:38:08","guid":{"rendered":"http:\/\/arantv.az\/?p=442880"},"modified":"2022-02-23T13:38:08","modified_gmt":"2022-02-23T10:38:08","slug":"maskalara-n%c9%99-vaxt-%c9%99lvida-dey%c9%99c%c9%99yik","status":"publish","type":"post","link":"https:\/\/arantv.az\/?p=442880","title":{"rendered":"Maskalara n\u0259 vaxt \u0259lvida dey\u0259c\u0259yik?"},"content":{"rendered":"<p><strong>S\u0259hiyy\u0259 Nazirliyinin m\u00fct\u0259x\u0259ssis-eksperti, infeksionist T\u0259yyar Eyvazov haz\u0131rda Az\u0259rbaycanda epidemioloji v\u0259ziyy\u0259tin q\u0259na\u0259tb\u0259x\u015f oldu\u011funu deyib.\u00a0<\/strong><\/p>\n<p><strong>ARANTV.AZ<\/strong> x\u0259b\u0259r verir ki, ba\u015f infeksionistin s\u00f6zl\u0259rin\u0259 g\u00f6r\u0259, \u00f6lk\u0259d\u0259 &#8220;omikron&#8221; \u015ftam\u0131na qar\u015f\u0131 k\u00fctl\u0259vi immunitet h\u0259l\u0259 yaranmay\u0131b.<\/p>\n<p>&#8211;\u00a0<strong>Doktor, h<\/strong><strong>az\u0131rda epidemioloji v\u0259ziyy\u0259ti nec\u0259 qiym\u0259tl\u0259ndirirsiniz? \u00dcmumiyy\u0259tl\u0259, Az\u0259rbaycan s\u0259hiyy\u0259si &#8220;omikron&#8221; \u015ftam\u0131n\u0131n \u00f6hd\u0259sind\u0259n nec\u0259 g\u0259ldi v\u0259 ya g\u0259lir?\u00a0<\/strong><\/p>\n<p><strong><img class=\"fr-fic fr-dib\" src=\"https:\/\/publika.az\/files\/upload\/3de7099e1ac4a63ec6d55ad5cd6d633acba7c5a8.jpg\" \/><\/strong><\/p>\n<p>&#8211; Haz\u0131rda epidemioloji durum q\u0259na\u0259tb\u0259x\u015fdir, son g\u00fcnl\u0259r pozitiv dinamika izl\u0259nilir. Y\u0259ni, yoluxma hallar\u0131n\u0131n say\u0131nda, \u0259halinin test olunmaq \u00fc\u00e7\u00fcn m\u00fcraci\u0259tl\u0259rind\u0259 azalma qeyd olunur, sa\u011falan x\u0259st\u0259l\u0259rin say\u0131 yeni yoluxanlar\u0131 \u00fcst\u0259l\u0259yir, y\u0259ni biz haz\u0131rda dal\u011fan\u0131n eni\u015find\u0259yik. G\u00f6r\u00fclm\u00fc\u015f kompleks t\u0259dbirl\u0259r n\u0259tic\u0259sind\u0259 &#8220;omikron&#8221; \u015ftam\u0131n\u0131n yay\u0131lma s\u00fcr\u0259ti s\u0259ngiyib, ambulator m\u00fc\u0259ssis\u0259l\u0259rin i\u015f y\u00fck\u00fc artsa da, stasionarlar\u0131n izafi y\u00fckl\u0259nm\u0259si ba\u015f verm\u0259yib. Kritik x\u0259st\u0259l\u0259rin say\u0131 v\u0259 \u00f6l\u00fcm g\u00f6st\u0259ricisi \u0259vv\u0259lki dal\u011falarla m\u00fcqayis\u0259d\u0259 a\u015fa\u011f\u0131d\u0131r.<\/p>\n<div class=\"AdviadNativeVideo\"><\/div>\n<div class=\"AdviadNativeVideo\"><\/div>\n<p>&#8211;\u00a0<strong>Bir \u00e7ox m\u00fct\u0259x\u0259ssis \u00f6lk\u0259d\u0259 art\u0131q k\u00fctl\u0259vi immunitetin formala\u015fd\u0131\u011f\u0131n\u0131 qeyd edir. Bu halda maska qada\u011fas\u0131n\u0131n aradan qald\u0131r\u0131lmas\u0131 m\u00fcmk\u00fcnd\u00fcrm\u00fc?\u00a0<\/strong><\/p>\n<div class=\"AdviadNativeVideo\"><\/div>\n<p>&#8211; M\u00fct\u0259x\u0259ssisl\u0259r hesab edirl\u0259r ki, &#8220;omikron&#8221; \u015ftam\u0131n\u0131n hegemonlu\u011fu d\u00f6vr\u00fcnd\u0259 populyasion immunitetin \u0259ld\u0259 olunmas\u0131 \u00fc\u00e7\u00fcn \u0259halinin 80 faizd\u0259n \u00e7ox hiss\u0259sind\u0259 peyv\u0259nd v\u0259 ya t\u0259bii yolla qoruyuculu\u011fun formala\u015fmas\u0131 t\u0259l\u0259b olunur. \u00d6lk\u0259mizd\u0259 h\u0259l\u0259 ki, bu h\u0259d\u0259fl\u0259r\u0259 \u00e7atmam\u0131\u015f\u0131q. Ona g\u00f6r\u0259 d\u0259 maska qada\u011fas\u0131n\u0131n qapal\u0131 m\u0259kanlarda aradan qald\u0131r\u0131lmas\u0131 q\u0259rar\u0131n\u0131n zamana ehtiyac\u0131 var.<\/p>\n<p>&#8211;\u00a0<strong>Vaksinasiya prosesinin n\u0259 zamana q\u0259d\u0259r davam etdiril\u0259c\u0259yi g\u00f6zl\u0259nilir?<\/strong><\/p>\n<div class=\"AdviadNativeVideo\"><\/div>\n<p>&#8211; \u00c7ox g\u00fcman ki, pandemiya davam etdikc\u0259 vaksinasiya aktual olaraq qalacaq. Pandemiya bitdikd\u0259n sonra is\u0259 m\u00f6vs\u00fcml\u0259 \u0259laq\u0259dar peyv\u0259ndl\u0259m\u0259nin t\u00f6vsiy\u0259 olunmas\u0131 d\u00fc\u015f\u00fcn\u00fcl\u00fcr.<\/p>\n","protected":false},"excerpt":{"rendered":"<p>S\u0259hiyy\u0259 Nazirliyinin m\u00fct\u0259x\u0259ssis-eksperti, infeksionist T\u0259yyar Eyvazov haz\u0131rda Az\u0259rbaycanda epidemioloji v\u0259ziyy\u0259tin q\u0259na\u0259tb\u0259x\u015f oldu\u011funu deyib.\u00a0 ARANTV.AZ x\u0259b\u0259r verir ki, ba\u015f infeksionistin s\u00f6zl\u0259rin\u0259 g\u00f6r\u0259, \u00f6lk\u0259d\u0259 &#8220;omikron&#8221; \u015ftam\u0131na qar\u015f\u0131 k\u00fctl\u0259vi immunitet h\u0259l\u0259 yaranmay\u0131b. &#8211;\u00a0Doktor, haz\u0131rda epidemioloji v\u0259ziyy\u0259ti nec\u0259 qiym\u0259tl\u0259ndirirsiniz? \u00dcmumiyy\u0259tl\u0259, Az\u0259rbaycan s\u0259hiyy\u0259si &#8220;omikron&#8221; \u015ftam\u0131n\u0131n \u00f6hd\u0259sind\u0259n nec\u0259 g\u0259ldi v\u0259 ya g\u0259lir?\u00a0 &#8211; Haz\u0131rda epidemioloji durum q\u0259na\u0259tb\u0259x\u015fdir, son g\u00fcnl\u0259r pozitiv dinamika izl\u0259nilir. Y\u0259ni, yoluxma hallar\u0131n\u0131n say\u0131nda, \u0259halinin test olunmaq \u00fc\u00e7\u00fcn m\u00fcraci\u0259tl\u0259rind\u0259 azalma qeyd olunur, sa\u011falan x\u0259st\u0259l\u0259rin say\u0131 yeni yoluxanlar\u0131 \u00fcst\u0259l\u0259yir, y\u0259ni biz haz\u0131rda dal\u011fan\u0131n eni\u015find\u0259yik. G\u00f6r\u00fclm\u00fc\u015f kompleks t\u0259dbirl\u0259r n\u0259tic\u0259sind\u0259 &#8220;omikron&#8221; \u015ftam\u0131n\u0131n yay\u0131lma s\u00fcr\u0259ti s\u0259ngiyib, ambulator m\u00fc\u0259ssis\u0259l\u0259rin&hellip;<\/p>\n","protected":false},"author":2,"featured_media":442881,"comment_status":"closed","ping_status":"closed","sticky":false,"template":"","format":"standard","meta":{"om_disable_all_campaigns":false,"_monsterinsights_skip_tracking":false,"_monsterinsights_sitenote_active":false,"_monsterinsights_sitenote_note":"","_monsterinsights_sitenote_category":0},"categories":[1],"tags":[],"aioseo_notices":[],"gutentor_comment":0,"rttpg_featured_image_url":{"full":["https:\/\/arantv.az\/wp-content\/uploads\/2022\/02\/142b80b8641cc54f1327a58b8a2288dd.jpg",736,600,false],"landscape":["https:\/\/arantv.az\/wp-content\/uploads\/2022\/02\/142b80b8641cc54f1327a58b8a2288dd.jpg",736,600,false],"portraits":["https:\/\/arantv.az\/wp-content\/uploads\/2022\/02\/142b80b8641cc54f1327a58b8a2288dd.jpg",736,600,false],"thumbnail":["https:\/\/arantv.az\/wp-content\/uploads\/2022\/02\/142b80b8641cc54f1327a58b8a2288dd-500x280.jpg",500,280,true],"medium":["https:\/\/arantv.az\/wp-content\/uploads\/2022\/02\/142b80b8641cc54f1327a58b8a2288dd-448x365.jpg",448,365,true],"large":["https:\/\/arantv.az\/wp-content\/uploads\/2022\/02\/142b80b8641cc54f1327a58b8a2288dd.jpg",640,522,false],"1536x1536":["https:\/\/arantv.az\/wp-content\/uploads\/2022\/02\/142b80b8641cc54f1327a58b8a2288dd.jpg",736,600,false],"2048x2048":["https:\/\/arantv.az\/wp-content\/uploads\/2022\/02\/142b80b8641cc54f1327a58b8a2288dd.jpg",736,600,false],"post-thumbnail":["https:\/\/arantv.az\/wp-content\/uploads\/2022\/02\/142b80b8641cc54f1327a58b8a2288dd-240x172.jpg",240,172,true],"advps-thumb-one":["https:\/\/arantv.az\/wp-content\/uploads\/2022\/02\/142b80b8641cc54f1327a58b8a2288dd.jpg",736,600,false]},"rttpg_author":{"display_name":"V\u00fcsal Rafiqo\u011flu","author_link":"https:\/\/arantv.az\/?author=2"},"rttpg_comment":0,"rttpg_category":"<a href=\"https:\/\/arantv.az\/?cat=1\" rel=\"category\">C\u0259miyy\u0259t<\/a>","rttpg_excerpt":"S\u0259hiyy\u0259 Nazirliyinin m\u00fct\u0259x\u0259ssis-eksperti, infeksionist T\u0259yyar Eyvazov haz\u0131rda Az\u0259rbaycanda epidemioloji v\u0259ziyy\u0259tin q\u0259na\u0259tb\u0259x\u015f oldu\u011funu deyib.\u00a0 ARANTV.AZ x\u0259b\u0259r verir ki, ba\u015f infeksionistin s\u00f6zl\u0259rin\u0259 g\u00f6r\u0259, \u00f6lk\u0259d\u0259 &#8220;omikron&#8221; \u015ftam\u0131na qar\u015f\u0131 k\u00fctl\u0259vi immunitet h\u0259l\u0259 yaranmay\u0131b. &#8211;\u00a0Doktor, haz\u0131rda epidemioloji v\u0259ziyy\u0259ti nec\u0259 qiym\u0259tl\u0259ndirirsiniz? \u00dcmumiyy\u0259tl\u0259, Az\u0259rbaycan s\u0259hiyy\u0259si &#8220;omikron&#8221; \u015ftam\u0131n\u0131n \u00f6hd\u0259sind\u0259n nec\u0259 g\u0259ldi v\u0259 ya g\u0259lir?\u00a0 &#8211; Haz\u0131rda epidemioloji durum q\u0259na\u0259tb\u0259x\u015fdir, son g\u00fcnl\u0259r pozitiv dinamika&hellip;","_links":{"self":[{"href":"https:\/\/arantv.az\/index.php?rest_route=\/wp\/v2\/posts\/442880"}],"collection":[{"href":"https:\/\/arantv.az\/index.php?rest_route=\/wp\/v2\/posts"}],"about":[{"href":"https:\/\/arantv.az\/index.php?rest_route=\/wp\/v2\/types\/post"}],"author":[{"embeddable":true,"href":"https:\/\/arantv.az\/index.php?rest_route=\/wp\/v2\/users\/2"}],"replies":[{"embeddable":true,"href":"https:\/\/arantv.az\/index.php?rest_route=%2Fwp%2Fv2%2Fcomments&post=442880"}],"version-history":[{"count":0,"href":"https:\/\/arantv.az\/index.php?rest_route=\/wp\/v2\/posts\/442880\/revisions"}],"wp:featuredmedia":[{"embeddable":true,"href":"https:\/\/arantv.az\/index.php?rest_route=\/wp\/v2\/media\/442881"}],"wp:attachment":[{"href":"https:\/\/arantv.az\/index.php?rest_route=%2Fwp%2Fv2%2Fmedia&parent=442880"}],"wp:term":[{"taxonomy":"category","embeddable":true,"href":"https:\/\/arantv.az\/index.php?rest_route=%2Fwp%2Fv2%2Fcategories&post=442880"},{"taxonomy":"post_tag","embeddable":true,"href":"https:\/\/arantv.az\/index.php?rest_route=%2Fwp%2Fv2%2Ftags&post=442880"}],"curies":[{"name":"wp","href":"https:\/\/api.w.org\/{rel}","templated":true}]}}