{"id":442883,"date":"2022-02-23T13:39:28","date_gmt":"2022-02-23T10:39:28","guid":{"rendered":"http:\/\/arantv.az\/?p=442883"},"modified":"2022-02-23T13:39:28","modified_gmt":"2022-02-23T10:39:28","slug":"az%c9%99rbaycanli-deputatlar-ir%c9%99vanda-goy-m%c9%99scidi-ziyar%c9%99t-edibl%c9%99r-foto","status":"publish","type":"post","link":"https:\/\/arantv.az\/?p=442883","title":{"rendered":"Az\u0259rbaycanl\u0131 deputatlar \u0130r\u0259vanda G\u00f6y m\u0259scidi ziyar\u0259t edibl\u0259r &#8211; FOTO"},"content":{"rendered":"<p>Erm\u0259nistanda s\u0259f\u0259rd\u0259 olan Az\u0259rbaycan Milli M\u0259clisinin deputatlar\u0131 paytaxt \u0130r\u0259vanda G\u00f6y m\u0259scidi ziyar\u0259t edibl\u0259r.<\/p>\n<p>Milli M\u0259clisin \u0130qtisadi siyas\u0259t, s\u0259naye v\u0259 sahibkarl\u0131q komit\u0259sinin s\u0259dri Tahir Mirki\u015fili \u201cFacebook\u201d s\u0259hif\u0259sind\u0259 m\u0259scidd\u0259n fotolar payla\u015f\u0131b.<\/p>\n<div class=\"AdviadNativeVideo\"><\/div>\n<p>O bildirib ki, m\u0259scid \u0130r\u0259vanda salamat qalan yegan\u0259 Az\u0259rbaycan abid\u0259sidir:<\/p>\n<p>\u201cDivarlar\u0131nda ba\u015fqa d\u00f6vl\u0259t\u0259 aid yaz\u0131lar olsa da, amma divarlar\u0131, arxitekturas\u0131, ruhu s\u0131rf biz\u0259 aiddir. Biz bu do\u011fmal\u0131\u011f\u0131 hiss etdik, inan\u0131ram ki, m\u0259scid d\u0259. \u0130nan\u0131r\u0131q ki, bu m\u0259scidd\u0259 \u0259sl sahibl\u0259ri tezlikl\u0259 \u00f6z dualar\u0131n\u0131 ed\u0259c\u0259kl\u0259r. Az\u0259rbaycanl\u0131lar\u0131n dualar\u0131 is\u0259 daim xeyirxah olur v\u0259 yekunda da q\u0259bul olunur!\u201d<\/p>\n<p>Qeyd ed\u0259k ki, iki az\u0259rbaycanl\u0131 deputat &#8211; Tahir Mirki\u015fili v\u0259 Soltan M\u0259mm\u0259dov Avronest Parlament Assambleyas\u0131nda i\u015ftirak etm\u0259k \u00fc\u00e7\u00fcn \u0130r\u0259vanda s\u0259f\u0259rd\u0259dir.<\/p>\n<p>&nbsp;<\/p>\n<div class=\"gallery\">\n<div class=\"gallery-i\"><img src=\"https:\/\/cdn.oxu.az\/uploads\/W1siZiIsIjIwMjIvMDIvMjMvMTQvMTkvNTMvMWY2MDZlMDItZTU1Yi00ZWM3LWI2MWUtZWE4ZWNlZGNmOTlhL3QyLmpwZyJdLFsicCIsImVuY29kZSIsImpwZyIsIi1xdWFsaXR5IDgwIl0sWyJwIiwidGh1bWIiLCI1OTB4NTkwXHUwMDNlIl1d?sha=514f75e149f9a580\" alt=\"\" \/><\/p>\n<div class=\"gallery-i-caption\"><\/div>\n<\/div>\n<div class=\"gallery-i\"><img src=\"https:\/\/cdn.oxu.az\/uploads\/W1siZiIsIjIwMjIvMDIvMjMvMTQvMTkvNTMvNzYxNGUyNTAtMzliYy00MGYyLWI3MmMtYjM3ZjA3ZTNkNTViL3QxLmpwZyJdLFsicCIsImVuY29kZSIsImpwZyIsIi1xdWFsaXR5IDgwIl0sWyJwIiwidGh1bWIiLCI1OTB4NTkwXHUwMDNlIl1d?sha=856361c562c8d7fc\" alt=\"\" \/><\/div>\n<\/div>\n","protected":false},"excerpt":{"rendered":"<p>Erm\u0259nistanda s\u0259f\u0259rd\u0259 olan Az\u0259rbaycan Milli M\u0259clisinin deputatlar\u0131 paytaxt \u0130r\u0259vanda G\u00f6y m\u0259scidi ziyar\u0259t edibl\u0259r. Milli M\u0259clisin \u0130qtisadi siyas\u0259t, s\u0259naye v\u0259 sahibkarl\u0131q komit\u0259sinin s\u0259dri Tahir Mirki\u015fili \u201cFacebook\u201d s\u0259hif\u0259sind\u0259 m\u0259scidd\u0259n fotolar payla\u015f\u0131b. O bildirib ki, m\u0259scid \u0130r\u0259vanda salamat qalan yegan\u0259 Az\u0259rbaycan abid\u0259sidir: \u201cDivarlar\u0131nda ba\u015fqa d\u00f6vl\u0259t\u0259 aid yaz\u0131lar olsa da, amma divarlar\u0131, arxitekturas\u0131, ruhu s\u0131rf biz\u0259 aiddir. Biz bu do\u011fmal\u0131\u011f\u0131 hiss etdik, inan\u0131ram ki, m\u0259scid d\u0259. \u0130nan\u0131r\u0131q ki, bu m\u0259scidd\u0259 \u0259sl sahibl\u0259ri tezlikl\u0259 \u00f6z dualar\u0131n\u0131 ed\u0259c\u0259kl\u0259r. Az\u0259rbaycanl\u0131lar\u0131n dualar\u0131 is\u0259 daim xeyirxah olur v\u0259 yekunda da q\u0259bul olunur!\u201d Qeyd ed\u0259k ki, iki az\u0259rbaycanl\u0131 deputat &#8211;&hellip;<\/p>\n","protected":false},"author":2,"featured_media":442884,"comment_status":"closed","ping_status":"closed","sticky":false,"template":"","format":"standard","meta":{"om_disable_all_campaigns":false,"_monsterinsights_skip_tracking":false,"_monsterinsights_sitenote_active":false,"_monsterinsights_sitenote_note":"","_monsterinsights_sitenote_category":0},"categories":[4],"tags":[],"aioseo_notices":[],"gutentor_comment":0,"rttpg_featured_image_url":{"full":["https:\/\/arantv.az\/wp-content\/uploads\/2022\/02\/FotoJet-4-9.jpg",620,416,false],"landscape":["https:\/\/arantv.az\/wp-content\/uploads\/2022\/02\/FotoJet-4-9.jpg",620,416,false],"portraits":["https:\/\/arantv.az\/wp-content\/uploads\/2022\/02\/FotoJet-4-9.jpg",620,416,false],"thumbnail":["https:\/\/arantv.az\/wp-content\/uploads\/2022\/02\/FotoJet-4-9-500x280.jpg",500,280,true],"medium":["https:\/\/arantv.az\/wp-content\/uploads\/2022\/02\/FotoJet-4-9-544x365.jpg",544,365,true],"large":["https:\/\/arantv.az\/wp-content\/uploads\/2022\/02\/FotoJet-4-9.jpg",620,416,false],"1536x1536":["https:\/\/arantv.az\/wp-content\/uploads\/2022\/02\/FotoJet-4-9.jpg",620,416,false],"2048x2048":["https:\/\/arantv.az\/wp-content\/uploads\/2022\/02\/FotoJet-4-9.jpg",620,416,false],"post-thumbnail":["https:\/\/arantv.az\/wp-content\/uploads\/2022\/02\/FotoJet-4-9-240x172.jpg",240,172,true],"advps-thumb-one":["https:\/\/arantv.az\/wp-content\/uploads\/2022\/02\/FotoJet-4-9.jpg",620,416,false]},"rttpg_author":{"display_name":"V\u00fcsal Rafiqo\u011flu","author_link":"https:\/\/arantv.az\/?author=2"},"rttpg_comment":0,"rttpg_category":"<a href=\"https:\/\/arantv.az\/?cat=4\" rel=\"category\">Siyas\u0259t<\/a>","rttpg_excerpt":"Erm\u0259nistanda s\u0259f\u0259rd\u0259 olan Az\u0259rbaycan Milli M\u0259clisinin deputatlar\u0131 paytaxt \u0130r\u0259vanda G\u00f6y m\u0259scidi ziyar\u0259t edibl\u0259r. Milli M\u0259clisin \u0130qtisadi siyas\u0259t, s\u0259naye v\u0259 sahibkarl\u0131q komit\u0259sinin s\u0259dri Tahir Mirki\u015fili \u201cFacebook\u201d s\u0259hif\u0259sind\u0259 m\u0259scidd\u0259n fotolar payla\u015f\u0131b. O bildirib ki, m\u0259scid \u0130r\u0259vanda salamat qalan yegan\u0259 Az\u0259rbaycan abid\u0259sidir: \u201cDivarlar\u0131nda ba\u015fqa d\u00f6vl\u0259t\u0259 aid yaz\u0131lar olsa da, amma divarlar\u0131, arxitekturas\u0131, ruhu s\u0131rf biz\u0259 aiddir. Biz bu&hellip;","_links":{"self":[{"href":"https:\/\/arantv.az\/index.php?rest_route=\/wp\/v2\/posts\/442883"}],"collection":[{"href":"https:\/\/arantv.az\/index.php?rest_route=\/wp\/v2\/posts"}],"about":[{"href":"https:\/\/arantv.az\/index.php?rest_route=\/wp\/v2\/types\/post"}],"author":[{"embeddable":true,"href":"https:\/\/arantv.az\/index.php?rest_route=\/wp\/v2\/users\/2"}],"replies":[{"embeddable":true,"href":"https:\/\/arantv.az\/index.php?rest_route=%2Fwp%2Fv2%2Fcomments&post=442883"}],"version-history":[{"count":0,"href":"https:\/\/arantv.az\/index.php?rest_route=\/wp\/v2\/posts\/442883\/revisions"}],"wp:featuredmedia":[{"embeddable":true,"href":"https:\/\/arantv.az\/index.php?rest_route=\/wp\/v2\/media\/442884"}],"wp:attachment":[{"href":"https:\/\/arantv.az\/index.php?rest_route=%2Fwp%2Fv2%2Fmedia&parent=442883"}],"wp:term":[{"taxonomy":"category","embeddable":true,"href":"https:\/\/arantv.az\/index.php?rest_route=%2Fwp%2Fv2%2Fcategories&post=442883"},{"taxonomy":"post_tag","embeddable":true,"href":"https:\/\/arantv.az\/index.php?rest_route=%2Fwp%2Fv2%2Ftags&post=442883"}],"curies":[{"name":"wp","href":"https:\/\/api.w.org\/{rel}","templated":true}]}}