{"id":442893,"date":"2022-02-23T13:52:22","date_gmt":"2022-02-23T10:52:22","guid":{"rendered":"http:\/\/arantv.az\/?p=442893"},"modified":"2022-02-23T13:52:22","modified_gmt":"2022-02-23T10:52:22","slug":"moskvada-az%c9%99rbaycan-gunl%c9%99ri-vacib-v%c9%99-%c9%99lam%c9%99tdar-hadis%c9%99dir-timur-vaynsteyn","status":"publish","type":"post","link":"https:\/\/arantv.az\/?p=442893","title":{"rendered":"Moskvada Az\u0259rbaycan g\u00fcnl\u0259ri vacib v\u0259 \u0259lam\u0259tdar hadis\u0259dir &#8211; Timur Vayn\u015fteyn"},"content":{"rendered":"<p><strong>Fevral\u0131n 21-d\u0259n mart\u0131n 1-d\u0259k Moskvada Heyd\u0259r \u018fliyev Fondunun d\u0259st\u0259yi il\u0259 Az\u0259rbaycan v\u0259 Rusiya aras\u0131nda diplomatik m\u00fcnasib\u0259tl\u0259rin qurulmas\u0131n\u0131n 30 illiyi m\u00fcnasib\u0259til\u0259 silsil\u0259 t\u0259dbirl\u0259r ke\u00e7irilir.<\/strong><\/p>\n<p><strong>ARANTV.AZ<\/strong> <a href=\"https:\/\/az.trend.az\/\" target=\"_blank\" rel=\"noopener\">Trend<\/a>-\u0259 istinad\u0259n bildirir ki,\u00a0Moskvada Az\u0259rbaycan g\u00fcnl\u0259ri t\u0259dbirl\u0259ri \u00e7\u0259r\u00e7iv\u0259sind\u0259 &#8220;Gelikon-opera&#8221; teatr\u0131nda &#8220;Az\u0259rbaycan\u0131n musiqi ulduzlar\u0131 Moskva s\u0259hn\u0259sind\u0259&#8221; qala-konserti ke\u00e7irilib.<\/p>\n<p>Tan\u0131nm\u0131\u015f teleprod\u00fcser Timur Vayn\u015fteyn bildirib ki, Moskvada Az\u0259rbaycan g\u00fcnl\u0259rinin ke\u00e7irilm\u0259si vacib v\u0259 \u0259lam\u0259tdar hadis\u0259dir.<\/p>\n<p>&#8220;Bu c\u00fcr t\u0259dbirl\u0259rin ke\u00e7irilm\u0259si vacibdir. \u00c7\u00fcnki xalqlar\u0131m\u0131z aras\u0131nda uzun ill\u0259r m\u00f6vcud olmu\u015f m\u0259d\u0259ni m\u00fcbadil\u0259l\u0259r bundan sonra da davam ed\u0259c\u0259k. Bu c\u00fcr t\u0259dbirl\u0259rd\u0259 i\u015ftirak etm\u0259k d\u0259 vacibdir&#8221;, &#8211; dey\u0259 o bildirib.<\/p>\n<p>T.Vayn\u015fteyn \u0259lav\u0259 edib ki, &#8220;Gelikon-opera&#8221; teatr\u0131n\u0131n repertuar\u0131nda Az\u0259rbaycan b\u0259st\u0259karl\u0131q m\u0259kt\u0259binin n\u00fcmay\u0259nd\u0259si olan Leonid Vayn\u015fteynin &#8220;Zolu\u015fka&#8221; operas\u0131 da yer al\u0131r.<\/p>\n","protected":false},"excerpt":{"rendered":"<p>Fevral\u0131n 21-d\u0259n mart\u0131n 1-d\u0259k Moskvada Heyd\u0259r \u018fliyev Fondunun d\u0259st\u0259yi il\u0259 Az\u0259rbaycan v\u0259 Rusiya aras\u0131nda diplomatik m\u00fcnasib\u0259tl\u0259rin qurulmas\u0131n\u0131n 30 illiyi m\u00fcnasib\u0259til\u0259 silsil\u0259 t\u0259dbirl\u0259r ke\u00e7irilir. ARANTV.AZ Trend-\u0259 istinad\u0259n bildirir ki,\u00a0Moskvada Az\u0259rbaycan g\u00fcnl\u0259ri t\u0259dbirl\u0259ri \u00e7\u0259r\u00e7iv\u0259sind\u0259 &#8220;Gelikon-opera&#8221; teatr\u0131nda &#8220;Az\u0259rbaycan\u0131n musiqi ulduzlar\u0131 Moskva s\u0259hn\u0259sind\u0259&#8221; qala-konserti ke\u00e7irilib. Tan\u0131nm\u0131\u015f teleprod\u00fcser Timur Vayn\u015fteyn bildirib ki, Moskvada Az\u0259rbaycan g\u00fcnl\u0259rinin ke\u00e7irilm\u0259si vacib v\u0259 \u0259lam\u0259tdar hadis\u0259dir. &#8220;Bu c\u00fcr t\u0259dbirl\u0259rin ke\u00e7irilm\u0259si vacibdir. \u00c7\u00fcnki xalqlar\u0131m\u0131z aras\u0131nda uzun ill\u0259r m\u00f6vcud olmu\u015f m\u0259d\u0259ni m\u00fcbadil\u0259l\u0259r bundan sonra da davam ed\u0259c\u0259k. Bu c\u00fcr t\u0259dbirl\u0259rd\u0259 i\u015ftirak etm\u0259k d\u0259 vacibdir&#8221;, &#8211; dey\u0259 o bildirib. T.Vayn\u015fteyn \u0259lav\u0259 edib ki, &#8220;Gelikon-opera&#8221;&hellip;<\/p>\n","protected":false},"author":2,"featured_media":442894,"comment_status":"closed","ping_status":"closed","sticky":false,"template":"","format":"standard","meta":{"om_disable_all_campaigns":false,"_monsterinsights_skip_tracking":false,"_monsterinsights_sitenote_active":false,"_monsterinsights_sitenote_note":"","_monsterinsights_sitenote_category":0},"categories":[4],"tags":[],"aioseo_notices":[],"gutentor_comment":0,"rttpg_featured_image_url":{"full":["https:\/\/arantv.az\/wp-content\/uploads\/2022\/02\/1021874.jpg",800,600,false],"landscape":["https:\/\/arantv.az\/wp-content\/uploads\/2022\/02\/1021874.jpg",800,600,false],"portraits":["https:\/\/arantv.az\/wp-content\/uploads\/2022\/02\/1021874.jpg",800,600,false],"thumbnail":["https:\/\/arantv.az\/wp-content\/uploads\/2022\/02\/1021874-500x280.jpg",500,280,true],"medium":["https:\/\/arantv.az\/wp-content\/uploads\/2022\/02\/1021874-487x365.jpg",487,365,true],"large":["https:\/\/arantv.az\/wp-content\/uploads\/2022\/02\/1021874.jpg",640,480,false],"1536x1536":["https:\/\/arantv.az\/wp-content\/uploads\/2022\/02\/1021874.jpg",800,600,false],"2048x2048":["https:\/\/arantv.az\/wp-content\/uploads\/2022\/02\/1021874.jpg",800,600,false],"post-thumbnail":["https:\/\/arantv.az\/wp-content\/uploads\/2022\/02\/1021874-240x172.jpg",240,172,true],"advps-thumb-one":["https:\/\/arantv.az\/wp-content\/uploads\/2022\/02\/1021874.jpg",800,600,false]},"rttpg_author":{"display_name":"V\u00fcsal Rafiqo\u011flu","author_link":"https:\/\/arantv.az\/?author=2"},"rttpg_comment":0,"rttpg_category":"<a href=\"https:\/\/arantv.az\/?cat=4\" rel=\"category\">Siyas\u0259t<\/a>","rttpg_excerpt":"Fevral\u0131n 21-d\u0259n mart\u0131n 1-d\u0259k Moskvada Heyd\u0259r \u018fliyev Fondunun d\u0259st\u0259yi il\u0259 Az\u0259rbaycan v\u0259 Rusiya aras\u0131nda diplomatik m\u00fcnasib\u0259tl\u0259rin qurulmas\u0131n\u0131n 30 illiyi m\u00fcnasib\u0259til\u0259 silsil\u0259 t\u0259dbirl\u0259r ke\u00e7irilir. ARANTV.AZ Trend-\u0259 istinad\u0259n bildirir ki,\u00a0Moskvada Az\u0259rbaycan g\u00fcnl\u0259ri t\u0259dbirl\u0259ri \u00e7\u0259r\u00e7iv\u0259sind\u0259 &#8220;Gelikon-opera&#8221; teatr\u0131nda &#8220;Az\u0259rbaycan\u0131n musiqi ulduzlar\u0131 Moskva s\u0259hn\u0259sind\u0259&#8221; qala-konserti ke\u00e7irilib. Tan\u0131nm\u0131\u015f teleprod\u00fcser Timur Vayn\u015fteyn bildirib ki, Moskvada Az\u0259rbaycan g\u00fcnl\u0259rinin ke\u00e7irilm\u0259si vacib v\u0259 \u0259lam\u0259tdar hadis\u0259dir.&hellip;","_links":{"self":[{"href":"https:\/\/arantv.az\/index.php?rest_route=\/wp\/v2\/posts\/442893"}],"collection":[{"href":"https:\/\/arantv.az\/index.php?rest_route=\/wp\/v2\/posts"}],"about":[{"href":"https:\/\/arantv.az\/index.php?rest_route=\/wp\/v2\/types\/post"}],"author":[{"embeddable":true,"href":"https:\/\/arantv.az\/index.php?rest_route=\/wp\/v2\/users\/2"}],"replies":[{"embeddable":true,"href":"https:\/\/arantv.az\/index.php?rest_route=%2Fwp%2Fv2%2Fcomments&post=442893"}],"version-history":[{"count":0,"href":"https:\/\/arantv.az\/index.php?rest_route=\/wp\/v2\/posts\/442893\/revisions"}],"wp:featuredmedia":[{"embeddable":true,"href":"https:\/\/arantv.az\/index.php?rest_route=\/wp\/v2\/media\/442894"}],"wp:attachment":[{"href":"https:\/\/arantv.az\/index.php?rest_route=%2Fwp%2Fv2%2Fmedia&parent=442893"}],"wp:term":[{"taxonomy":"category","embeddable":true,"href":"https:\/\/arantv.az\/index.php?rest_route=%2Fwp%2Fv2%2Fcategories&post=442893"},{"taxonomy":"post_tag","embeddable":true,"href":"https:\/\/arantv.az\/index.php?rest_route=%2Fwp%2Fv2%2Ftags&post=442893"}],"curies":[{"name":"wp","href":"https:\/\/api.w.org\/{rel}","templated":true}]}}