{"id":442903,"date":"2022-02-23T13:55:06","date_gmt":"2022-02-23T10:55:06","guid":{"rendered":"http:\/\/arantv.az\/?p=442903"},"modified":"2022-02-23T13:55:06","modified_gmt":"2022-02-23T10:55:06","slug":"bakida-kafed%c9%99-dava-x%c9%99sar%c9%99t-alan-var","status":"publish","type":"post","link":"https:\/\/arantv.az\/?p=442903","title":{"rendered":"Bak\u0131da kafed\u0259 DAVA: X\u0259sar\u0259t alan var"},"content":{"rendered":"<p>Bak\u0131da kafed\u0259 b\u0131\u00e7aqlanma olub.<\/p>\n<div class=\"AdviadNativeVideo\"><\/div>\n<p>Lent.az\u00a0x\u0259b\u0259r verir ki, hadis\u0259 paytaxt\u0131n L\u00f6kbatan q\u0259s\u0259b\u0259sind\u0259 yerl\u0259\u015f\u0259n kafel\u0259rd\u0259n birind\u0259 qeyd\u0259 al\u0131n\u0131b.<\/p>\n<p>Orada yeyib-i\u00e7\u0259n \u015f\u0259xsl\u0259r aras\u0131nda dava d\u00fc\u015f\u00fcb. N\u0259tic\u0259d\u0259 41 ya\u015fl\u0131 Adil \u00c7\u0259rk\u0259z o\u011flu Quliyev b\u0131\u00e7aqlan\u0131b. Yaral\u0131 x\u0259st\u0259xanaya yerl\u0259\u015fdirilib.<\/p>\n<p>Ara\u015fd\u0131rmalar n\u0259tic\u0259sind\u0259 onu b\u0131\u00e7aqlayan \u015f\u0259xsin 27 ya\u015fl\u0131 \u015eirvan Quliyev olmas\u0131 m\u00fc\u0259yy\u0259n edilib v\u0259 saxlan\u0131l\u0131b.<\/p>\n<p>Faktla ba\u011fl\u0131 ara\u015fd\u0131rma apar\u0131l\u0131r.<\/p>\n","protected":false},"excerpt":{"rendered":"<p>Bak\u0131da kafed\u0259 b\u0131\u00e7aqlanma olub. Lent.az\u00a0x\u0259b\u0259r verir ki, hadis\u0259 paytaxt\u0131n L\u00f6kbatan q\u0259s\u0259b\u0259sind\u0259 yerl\u0259\u015f\u0259n kafel\u0259rd\u0259n birind\u0259 qeyd\u0259 al\u0131n\u0131b. Orada yeyib-i\u00e7\u0259n \u015f\u0259xsl\u0259r aras\u0131nda dava d\u00fc\u015f\u00fcb. N\u0259tic\u0259d\u0259 41 ya\u015fl\u0131 Adil \u00c7\u0259rk\u0259z o\u011flu Quliyev b\u0131\u00e7aqlan\u0131b. Yaral\u0131 x\u0259st\u0259xanaya yerl\u0259\u015fdirilib. Ara\u015fd\u0131rmalar n\u0259tic\u0259sind\u0259 onu b\u0131\u00e7aqlayan \u015f\u0259xsin 27 ya\u015fl\u0131 \u015eirvan Quliyev olmas\u0131 m\u00fc\u0259yy\u0259n edilib v\u0259 saxlan\u0131l\u0131b. Faktla ba\u011fl\u0131 ara\u015fd\u0131rma apar\u0131l\u0131r.<\/p>\n","protected":false},"author":2,"featured_media":426249,"comment_status":"closed","ping_status":"closed","sticky":false,"template":"","format":"standard","meta":{"om_disable_all_campaigns":false,"_monsterinsights_skip_tracking":false,"_monsterinsights_sitenote_active":false,"_monsterinsights_sitenote_note":"","_monsterinsights_sitenote_category":0},"categories":[5],"tags":[],"aioseo_notices":[],"gutentor_comment":0,"rttpg_featured_image_url":{"full":["https:\/\/arantv.az\/wp-content\/uploads\/2022\/01\/bicaq_3848.jpg",850,530,false],"landscape":["https:\/\/arantv.az\/wp-content\/uploads\/2022\/01\/bicaq_3848.jpg",850,530,false],"portraits":["https:\/\/arantv.az\/wp-content\/uploads\/2022\/01\/bicaq_3848.jpg",850,530,false],"thumbnail":["https:\/\/arantv.az\/wp-content\/uploads\/2022\/01\/bicaq_3848-500x280.jpg",500,280,true],"medium":["https:\/\/arantv.az\/wp-content\/uploads\/2022\/01\/bicaq_3848-585x365.jpg",585,365,true],"large":["https:\/\/arantv.az\/wp-content\/uploads\/2022\/01\/bicaq_3848-840x524.jpg",640,399,true],"1536x1536":["https:\/\/arantv.az\/wp-content\/uploads\/2022\/01\/bicaq_3848.jpg",850,530,false],"2048x2048":["https:\/\/arantv.az\/wp-content\/uploads\/2022\/01\/bicaq_3848.jpg",850,530,false],"post-thumbnail":["https:\/\/arantv.az\/wp-content\/uploads\/2022\/01\/bicaq_3848-240x172.jpg",240,172,true],"advps-thumb-one":["https:\/\/arantv.az\/wp-content\/uploads\/2022\/01\/bicaq_3848.jpg",850,530,false]},"rttpg_author":{"display_name":"V\u00fcsal Rafiqo\u011flu","author_link":"https:\/\/arantv.az\/?author=2"},"rttpg_comment":0,"rttpg_category":"<a href=\"https:\/\/arantv.az\/?cat=5\" rel=\"category\">Hadis\u0259<\/a>","rttpg_excerpt":"Bak\u0131da kafed\u0259 b\u0131\u00e7aqlanma olub. Lent.az\u00a0x\u0259b\u0259r verir ki, hadis\u0259 paytaxt\u0131n L\u00f6kbatan q\u0259s\u0259b\u0259sind\u0259 yerl\u0259\u015f\u0259n kafel\u0259rd\u0259n birind\u0259 qeyd\u0259 al\u0131n\u0131b. Orada yeyib-i\u00e7\u0259n \u015f\u0259xsl\u0259r aras\u0131nda dava d\u00fc\u015f\u00fcb. N\u0259tic\u0259d\u0259 41 ya\u015fl\u0131 Adil \u00c7\u0259rk\u0259z o\u011flu Quliyev b\u0131\u00e7aqlan\u0131b. Yaral\u0131 x\u0259st\u0259xanaya yerl\u0259\u015fdirilib. Ara\u015fd\u0131rmalar n\u0259tic\u0259sind\u0259 onu b\u0131\u00e7aqlayan \u015f\u0259xsin 27 ya\u015fl\u0131 \u015eirvan Quliyev olmas\u0131 m\u00fc\u0259yy\u0259n edilib v\u0259 saxlan\u0131l\u0131b. Faktla ba\u011fl\u0131 ara\u015fd\u0131rma apar\u0131l\u0131r.","_links":{"self":[{"href":"https:\/\/arantv.az\/index.php?rest_route=\/wp\/v2\/posts\/442903"}],"collection":[{"href":"https:\/\/arantv.az\/index.php?rest_route=\/wp\/v2\/posts"}],"about":[{"href":"https:\/\/arantv.az\/index.php?rest_route=\/wp\/v2\/types\/post"}],"author":[{"embeddable":true,"href":"https:\/\/arantv.az\/index.php?rest_route=\/wp\/v2\/users\/2"}],"replies":[{"embeddable":true,"href":"https:\/\/arantv.az\/index.php?rest_route=%2Fwp%2Fv2%2Fcomments&post=442903"}],"version-history":[{"count":0,"href":"https:\/\/arantv.az\/index.php?rest_route=\/wp\/v2\/posts\/442903\/revisions"}],"wp:featuredmedia":[{"embeddable":true,"href":"https:\/\/arantv.az\/index.php?rest_route=\/wp\/v2\/media\/426249"}],"wp:attachment":[{"href":"https:\/\/arantv.az\/index.php?rest_route=%2Fwp%2Fv2%2Fmedia&parent=442903"}],"wp:term":[{"taxonomy":"category","embeddable":true,"href":"https:\/\/arantv.az\/index.php?rest_route=%2Fwp%2Fv2%2Fcategories&post=442903"},{"taxonomy":"post_tag","embeddable":true,"href":"https:\/\/arantv.az\/index.php?rest_route=%2Fwp%2Fv2%2Ftags&post=442903"}],"curies":[{"name":"wp","href":"https:\/\/api.w.org\/{rel}","templated":true}]}}