{"id":442909,"date":"2022-02-23T14:10:36","date_gmt":"2022-02-23T11:10:36","guid":{"rendered":"http:\/\/arantv.az\/?p=442909"},"modified":"2022-02-23T14:10:36","modified_gmt":"2022-02-23T11:10:36","slug":"abs-in-uc-s%c9%99h%c9%99rind%c9%99-26-fevral-xocalinin-anim-gunu-elan-edilib","status":"publish","type":"post","link":"https:\/\/arantv.az\/?p=442909","title":{"rendered":"AB\u015e-\u0131n \u00fc\u00e7 \u015f\u0259h\u0259rind\u0259 26 fevral \u201cXocal\u0131n\u0131n An\u0131m G\u00fcn\u00fc\u201d elan edilib"},"content":{"rendered":"<p>AB\u015e-\u0131n \u015eimali Karolina \u015ftat\u0131n\u0131n\u00a0Fayetvill, Darem v\u0259 Apeks \u015f\u0259h\u0259r merl\u0259ri 26 fevral tarixini \u201cXocal\u0131n\u0131n An\u0131m G\u00fcn\u00fc\u201d kimi tan\u0131y\u0131b.<\/p>\n<div class=\"AdviadNativeVideo\"><\/div>\n<p>Mit\u00e7 Kolvin, Eleyn M. O&#8217;Nil v\u0259 Jak Qilbertin imzalad\u0131qlar\u0131 b\u0259yannam\u0259l\u0259rd\u0259 bildirilib\u00a0ki, Apeks, Darem v\u0259 Fayetvill \u015f\u0259h\u0259rl\u0259rind\u0259 v\u0259 d\u00fcnyada ya\u015fayan Az\u0259rbaycan icmas\u0131 h\u0259r il 26 fevral tarixind\u0259 Xocal\u0131 soyq\u0131r\u0131m\u0131 qurbanlar\u0131n\u0131n xatir\u0259sini d\u0259rin h\u00fczn v\u0259 k\u0259d\u0259r hissi il\u0259 yad edir.<\/p>\n<p>S\u0259n\u0259dl\u0259rd\u0259 Az\u0259rbaycan dilinin, m\u0259d\u0259niyy\u0259tinin, tarixinin v\u0259 m\u0259d\u0259ni irsinin bu \u015f\u0259h\u0259rl\u0259rd\u0259ki t\u0259bli\u011fin\u0259 Az\u0259rbaycan Dostluq T\u0259\u015fkilat\u0131n\u0131n \u00f6z t\u00f6hf\u0259sini verdiyin\u0259 diqq\u0259t c\u0259lb edilib.<\/p>\n<p>Qeyd ed\u0259k ki, b\u0259yannam\u0259l\u0259r Az\u0259rbaycan Dostluq T\u0259\u015fkilat\u0131n\u0131n r\u0259hb\u0259ri Adika \u0130qbal\u0131n t\u0259\u015f\u0259bb\u00fcs\u00fc il\u0259 q\u0259bul edilib.<\/p>\n<p>&nbsp;<\/p>\n<div class=\"gallery\">\n<div class=\"gallery-i\"><img src=\"https:\/\/cdn.oxu.az\/uploads\/W1siZiIsIjIwMjIvMDIvMjMvMTQvNDMvMTEvMzNlM2QzNjItMjdiYi00MGE4LWI4NzMtZTYyM2E1M2JjOTEwLzI3NDEwODYyOV8xMDg0MTQ4OTQyMzYzNzY1XzcxMjI5NTA5ODgwODYyNjk1MjJfbi5qcGciXSxbInAiLCJlbmNvZGUiLCJqcGciLCItcXVhbGl0eSA4MCJdLFsicCIsInRodW1iIiwiNTkweDU5MFx1MDAzZSJdXQ?sha=c499de0f1bfa6250\" alt=\"\" \/><\/p>\n<div class=\"gallery-i-caption\"><\/div>\n<\/div>\n<div class=\"gallery-i\"><img src=\"https:\/\/cdn.oxu.az\/uploads\/W1siZiIsIjIwMjIvMDIvMjMvMTQvNDMvMTEvZjlmMmNkMTItZjI3Zi00NWIxLTg1NmYtOTM1OTM3ZGRmZjRhLzI3MzkyNjQyNF8xMDU5MTc0ODU0OTQ2MDYwXzE2OTcyMTcyMzk0NjEzMTA0NDlfbi5qcGciXSxbInAiLCJlbmNvZGUiLCJqcGciLCItcXVhbGl0eSA4MCJdLFsicCIsInRodW1iIiwiNTkweDU5MFx1MDAzZSJdXQ?sha=08a88e00a9245a24\" alt=\"\" \/><\/p>\n<div class=\"gallery-i-caption\"><\/div>\n<\/div>\n<div class=\"gallery-i\"><img src=\"https:\/\/cdn.oxu.az\/uploads\/W1siZiIsIjIwMjIvMDIvMjMvMTQvNDMvMTEvZjhmZDY1ZjktMjk5OC00NmViLWEwYTgtYTU2OTIwMDg3NGM3LzI3NDYwNTczMl8xNDAwODQ0MDkzNzA1ODQwXzQ5NTI4Mzg3MTE1NjM2MDE3OF9uLmpwZyJdLFsicCIsImVuY29kZSIsImpwZyIsIi1xdWFsaXR5IDgwIl0sWyJwIiwidGh1bWIiLCI1OTB4NTkwXHUwMDNlIl1d?sha=b249496f7676b74e\" alt=\"\" \/><\/div>\n<\/div>\n","protected":false},"excerpt":{"rendered":"<p>AB\u015e-\u0131n \u015eimali Karolina \u015ftat\u0131n\u0131n\u00a0Fayetvill, Darem v\u0259 Apeks \u015f\u0259h\u0259r merl\u0259ri 26 fevral tarixini \u201cXocal\u0131n\u0131n An\u0131m G\u00fcn\u00fc\u201d kimi tan\u0131y\u0131b. Mit\u00e7 Kolvin, Eleyn M. O&#8217;Nil v\u0259 Jak Qilbertin imzalad\u0131qlar\u0131 b\u0259yannam\u0259l\u0259rd\u0259 bildirilib\u00a0ki, Apeks, Darem v\u0259 Fayetvill \u015f\u0259h\u0259rl\u0259rind\u0259 v\u0259 d\u00fcnyada ya\u015fayan Az\u0259rbaycan icmas\u0131 h\u0259r il 26 fevral tarixind\u0259 Xocal\u0131 soyq\u0131r\u0131m\u0131 qurbanlar\u0131n\u0131n xatir\u0259sini d\u0259rin h\u00fczn v\u0259 k\u0259d\u0259r hissi il\u0259 yad edir. S\u0259n\u0259dl\u0259rd\u0259 Az\u0259rbaycan dilinin, m\u0259d\u0259niyy\u0259tinin, tarixinin v\u0259 m\u0259d\u0259ni irsinin bu \u015f\u0259h\u0259rl\u0259rd\u0259ki t\u0259bli\u011fin\u0259 Az\u0259rbaycan Dostluq T\u0259\u015fkilat\u0131n\u0131n \u00f6z t\u00f6hf\u0259sini verdiyin\u0259 diqq\u0259t c\u0259lb edilib. Qeyd ed\u0259k ki, b\u0259yannam\u0259l\u0259r Az\u0259rbaycan Dostluq T\u0259\u015fkilat\u0131n\u0131n r\u0259hb\u0259ri Adika \u0130qbal\u0131n t\u0259\u015f\u0259bb\u00fcs\u00fc il\u0259 q\u0259bul edilib. &nbsp;<\/p>\n","protected":false},"author":2,"featured_media":442910,"comment_status":"closed","ping_status":"closed","sticky":false,"template":"","format":"standard","meta":{"om_disable_all_campaigns":false,"_monsterinsights_skip_tracking":false,"_monsterinsights_sitenote_active":false,"_monsterinsights_sitenote_note":"","_monsterinsights_sitenote_category":0},"categories":[10],"tags":[],"aioseo_notices":[],"gutentor_comment":0,"rttpg_featured_image_url":{"full":["https:\/\/arantv.az\/wp-content\/uploads\/2022\/02\/xo.jpg",620,413,false],"landscape":["https:\/\/arantv.az\/wp-content\/uploads\/2022\/02\/xo.jpg",620,413,false],"portraits":["https:\/\/arantv.az\/wp-content\/uploads\/2022\/02\/xo.jpg",620,413,false],"thumbnail":["https:\/\/arantv.az\/wp-content\/uploads\/2022\/02\/xo-500x280.jpg",500,280,true],"medium":["https:\/\/arantv.az\/wp-content\/uploads\/2022\/02\/xo-548x365.jpg",548,365,true],"large":["https:\/\/arantv.az\/wp-content\/uploads\/2022\/02\/xo.jpg",620,413,false],"1536x1536":["https:\/\/arantv.az\/wp-content\/uploads\/2022\/02\/xo.jpg",620,413,false],"2048x2048":["https:\/\/arantv.az\/wp-content\/uploads\/2022\/02\/xo.jpg",620,413,false],"post-thumbnail":["https:\/\/arantv.az\/wp-content\/uploads\/2022\/02\/xo-240x172.jpg",240,172,true],"advps-thumb-one":["https:\/\/arantv.az\/wp-content\/uploads\/2022\/02\/xo.jpg",620,413,false]},"rttpg_author":{"display_name":"V\u00fcsal Rafiqo\u011flu","author_link":"https:\/\/arantv.az\/?author=2"},"rttpg_comment":0,"rttpg_category":"<a href=\"https:\/\/arantv.az\/?cat=10\" rel=\"category\">C\u0259bh\u0259d\u0259n X\u0259b\u0259r<\/a>","rttpg_excerpt":"AB\u015e-\u0131n \u015eimali Karolina \u015ftat\u0131n\u0131n\u00a0Fayetvill, Darem v\u0259 Apeks \u015f\u0259h\u0259r merl\u0259ri 26 fevral tarixini \u201cXocal\u0131n\u0131n An\u0131m G\u00fcn\u00fc\u201d kimi tan\u0131y\u0131b. Mit\u00e7 Kolvin, Eleyn M. O&#8217;Nil v\u0259 Jak Qilbertin imzalad\u0131qlar\u0131 b\u0259yannam\u0259l\u0259rd\u0259 bildirilib\u00a0ki, Apeks, Darem v\u0259 Fayetvill \u015f\u0259h\u0259rl\u0259rind\u0259 v\u0259 d\u00fcnyada ya\u015fayan Az\u0259rbaycan icmas\u0131 h\u0259r il 26 fevral tarixind\u0259 Xocal\u0131 soyq\u0131r\u0131m\u0131 qurbanlar\u0131n\u0131n xatir\u0259sini d\u0259rin h\u00fczn v\u0259 k\u0259d\u0259r hissi il\u0259 yad edir.&hellip;","_links":{"self":[{"href":"https:\/\/arantv.az\/index.php?rest_route=\/wp\/v2\/posts\/442909"}],"collection":[{"href":"https:\/\/arantv.az\/index.php?rest_route=\/wp\/v2\/posts"}],"about":[{"href":"https:\/\/arantv.az\/index.php?rest_route=\/wp\/v2\/types\/post"}],"author":[{"embeddable":true,"href":"https:\/\/arantv.az\/index.php?rest_route=\/wp\/v2\/users\/2"}],"replies":[{"embeddable":true,"href":"https:\/\/arantv.az\/index.php?rest_route=%2Fwp%2Fv2%2Fcomments&post=442909"}],"version-history":[{"count":0,"href":"https:\/\/arantv.az\/index.php?rest_route=\/wp\/v2\/posts\/442909\/revisions"}],"wp:featuredmedia":[{"embeddable":true,"href":"https:\/\/arantv.az\/index.php?rest_route=\/wp\/v2\/media\/442910"}],"wp:attachment":[{"href":"https:\/\/arantv.az\/index.php?rest_route=%2Fwp%2Fv2%2Fmedia&parent=442909"}],"wp:term":[{"taxonomy":"category","embeddable":true,"href":"https:\/\/arantv.az\/index.php?rest_route=%2Fwp%2Fv2%2Fcategories&post=442909"},{"taxonomy":"post_tag","embeddable":true,"href":"https:\/\/arantv.az\/index.php?rest_route=%2Fwp%2Fv2%2Ftags&post=442909"}],"curies":[{"name":"wp","href":"https:\/\/api.w.org\/{rel}","templated":true}]}}