{"id":442912,"date":"2022-02-23T14:25:20","date_gmt":"2022-02-23T11:25:20","guid":{"rendered":"http:\/\/arantv.az\/?p=442912"},"modified":"2022-02-23T14:25:20","modified_gmt":"2022-02-23T11:25:20","slug":"rusiyali-politoloqlar-mutt%c9%99fiqlik-haqqinda-b%c9%99yannam%c9%99ni-s%c9%99rh-etdil%c9%99r","status":"publish","type":"post","link":"https:\/\/arantv.az\/?p=442912","title":{"rendered":"Rusiyal\u0131 politoloqlar m\u00fctt\u0259fiqlik haqq\u0131nda b\u0259yannam\u0259ni \u015f\u0259rh etdil\u0259r"},"content":{"rendered":"<p><strong>Fevral\u0131n 22-d\u0259 Az\u0259rbaycanla Rusiya aras\u0131nda m\u00fctt\u0259fiqlik qar\u015f\u0131l\u0131ql\u0131 f\u0259aliyy\u0259ti haqq\u0131nda b\u0259yannam\u0259 imzalan\u0131b. Bu, iki \u00f6lk\u0259 aras\u0131nda m\u00fcnasib\u0259tl\u0259rin inki\u015faf\u0131nda yeni m\u0259rh\u0259l\u0259y\u0259 \u00e7evrilib.<\/strong><\/p>\n<p>Rusiyal\u0131 polioloq, Etnik v\u0259 Beyn\u0259lxalq Ara\u015fd\u0131rmalar M\u0259rk\u0259zinin elmi r\u0259hb\u0259ri\u00a0<strong>Anton Bredixin<\/strong>\u00a0<a href=\"http:\/\/trend.az\/\" target=\"_blank\" rel=\"noopener\">Trend<\/a>-\u0259 bildirib ki, b\u0259yannam\u0259nin imzalanmas\u0131 il\u0259 iki \u00f6lk\u0259 aras\u0131nda t\u0259hl\u00fck\u0259sizlik, iqtisadiyyat, n\u0259qliyyat sah\u0259l\u0259rind\u0259 m\u00fcnasib\u0259tl\u0259r yeni s\u0259viyy\u0259y\u0259 \u00e7\u0131x\u0131r.<\/p>\n<p>&#8220;Az\u0259rbaycanla Rusiya aras\u0131nda m\u00fctt\u0259fiqlik qar\u015f\u0131l\u0131ql\u0131 f\u0259aliyy\u0259ti haqq\u0131nda b\u0259yannam\u0259 geni\u015f spektrli m\u0259s\u0259l\u0259l\u0259r\u0259, el\u0259c\u0259 d\u0259 qar\u015f\u0131l\u0131ql\u0131 f\u0259aliyy\u0259tin problemli n\u00f6qt\u0259l\u0259rin\u0259 d\u0259 toxunur. B\u0259yannam\u0259 Moskva il\u0259 Bak\u0131n\u0131n m\u00fcnasib\u0259tl\u0259rini Moskva il\u0259 \u0130r\u0259van\u0131n m\u00fcnasib\u0259tl\u0259ri il\u0259 tarazla\u015fd\u0131r\u0131r. Az\u0259rbaycan onsuz da Rusiyan\u0131n strateji m\u00fctt\u0259fiqidir, indi is\u0259 m\u00fcnasib\u0259tl\u0259r t\u0259hl\u00fck\u0259sizlik, iqtisadiyyat, n\u0259qliyyat sah\u0259l\u0259rind\u0259 yeni s\u0259viyy\u0259y\u0259 \u00e7\u0131x\u0131r&#8221;, &#8211; dey\u0259 o bildirib.<\/p>\n<p>O, h\u0259m\u00e7inin qeyd edib ki, b\u0259yannam\u0259d\u0259 Qaraba\u011f\u0131n g\u0259l\u0259c\u0259k inki\u015faf\u0131 yollar\u0131 v\u0259 Rusiyan\u0131n bu prosesd\u0259 i\u015ftirak\u0131 m\u00fc\u0259yy\u0259n edilib.<\/p>\n<p>Rusiyal\u0131 politoloq, Siyasi Ara\u015fd\u0131rmalar \u0130nstitutunun direktor m\u00fcavini\u00a0<strong>Darya Qrevtsova<\/strong>\u00a0qeyd edib ki, m\u00fctt\u0259fiqlik qar\u015f\u0131l\u0131ql\u0131 f\u0259aliyy\u0259ti haqq\u0131nda b\u0259yannam\u0259 Rusiya il\u0259 Az\u0259rbaycan aras\u0131nda m\u00fcnasib\u0259tl\u0259rin inki\u015faf\u0131 v\u0259 d\u0259rinl\u0259\u015fm\u0259sinin m\u00f6hk\u0259m t\u0259m\u0259lini qoyur.<\/p>\n<p>&#8220;B\u0259yannam\u0259 m\u00fcnasib\u0259tl\u0259ri yeni s\u0259viyy\u0259y\u0259 \u00e7\u0131xar\u0131r. Vur\u011fulamaq laz\u0131md\u0131r ki, bu h\u00fcquqi s\u0259n\u0259dd\u0259 liderl\u0259r m\u00fcnasib\u0259tl\u0259rin m\u00fctt\u0259fiqlik xarakterin\u0259 s\u00f6zd\u0259 deyil, h\u0259m d\u0259 \u0259m\u0259ld\u0259 sadiq olduqlar\u0131n\u0131 ifad\u0259 edir. Liderl\u0259rimiz aras\u0131nda m\u00fcnasib\u0259tl\u0259r t\u0259kc\u0259 i\u015fg\u00fczar deyil, h\u0259m d\u0259 dostluq s\u0259viyy\u0259sind\u0259dir. Onlar aras\u0131nda m\u00fcxt\u0259lif m\u0259s\u0259l\u0259l\u0259r \u00fczr\u0259 qar\u015f\u0131l\u0131ql\u0131 anla\u015fma m\u00f6vcuddur, ona g\u00f6r\u0259 d\u0259 b\u0259yannam\u0259nin imzalanmas\u0131 yeni layih\u0259l\u0259rin inki\u015faf\u0131 \u00fc\u00e7\u00fcn t\u0259kan ver\u0259c\u0259k&#8221;, &#8211; dey\u0259 o bildirib.<\/p>\n<p>Politoloqun s\u00f6zl\u0259rin\u0259 g\u00f6r\u0259, Az\u0259rbaycan\u0131n Rusiya il\u0259 m\u00fctt\u0259fiqlik qar\u015f\u0131l\u0131ql\u0131 f\u0259aliyy\u0259ti bar\u0259d\u0259 raz\u0131la\u015fmas\u0131 oldu\u011fu vaxtda T\u00fcrkiy\u0259 il\u0259 m\u00fctt\u0259fiqlik m\u00fcnasib\u0259tl\u0259ri olmas\u0131 vacibdir.<\/p>\n<p>&#8220;Ona g\u00f6r\u0259 d\u0259 Az\u0259rbaycan Rusiya il\u0259 T\u00fcrkiy\u0259 aras\u0131nda k\u00f6rp\u00fc qismind\u0259 \u00e7\u0131x\u0131\u015f ed\u0259, Moskva-Bak\u0131-Ankara \u00fc\u00e7buca\u011f\u0131n\u0131 yarada bil\u0259r. Bu, h\u0259m siyasi, h\u0259m d\u0259 iqtisadi bax\u0131mdan s\u0259m\u0259r\u0259lidir. \u018fg\u0259r T\u00fcrkiy\u0259 d\u0259 daxil olmaqla \u00f6lk\u0259l\u0259rimiz aras\u0131nda bu c\u00fcr qar\u015f\u0131l\u0131ql\u0131 f\u0259aliyy\u0259t olarsa, iqtisadi v\u0259 siyasi layih\u0259l\u0259rin inki\u015faf\u0131 \u00fc\u00e7\u00fcn b\u00f6y\u00fck potensial meydana \u00e7\u0131xacaq&#8221;, &#8211; D.Qrevtsova deyib.<\/p>\n<p>B\u0259yannam\u0259 \u00e7\u0259r\u00e7iv\u0259sind\u0259 g\u00f6zl\u0259nil\u0259n konkret add\u0131mlar bar\u0259d\u0259 dan\u0131\u015fan politoloq bildirib ki, bunlar ilk n\u00f6vb\u0259d\u0259 Qaraba\u011f\u0131n b\u0259rpas\u0131na y\u00f6n\u0259lmi\u015f iqtisadi layih\u0259l\u0259r, el\u0259c\u0259 d\u0259 Rusiya \u015firk\u0259tl\u0259rinin kommunikasiyalar\u0131n a\u00e7\u0131lmas\u0131nda v\u0259 y\u0259qin ki, Z\u0259ng\u0259zur d\u0259hlizinin inki\u015faf\u0131nda i\u015ftirak\u0131 ola bil\u0259r.<\/p>\n","protected":false},"excerpt":{"rendered":"<p>Fevral\u0131n 22-d\u0259 Az\u0259rbaycanla Rusiya aras\u0131nda m\u00fctt\u0259fiqlik qar\u015f\u0131l\u0131ql\u0131 f\u0259aliyy\u0259ti haqq\u0131nda b\u0259yannam\u0259 imzalan\u0131b. Bu, iki \u00f6lk\u0259 aras\u0131nda m\u00fcnasib\u0259tl\u0259rin inki\u015faf\u0131nda yeni m\u0259rh\u0259l\u0259y\u0259 \u00e7evrilib. Rusiyal\u0131 polioloq, Etnik v\u0259 Beyn\u0259lxalq Ara\u015fd\u0131rmalar M\u0259rk\u0259zinin elmi r\u0259hb\u0259ri\u00a0Anton Bredixin\u00a0Trend-\u0259 bildirib ki, b\u0259yannam\u0259nin imzalanmas\u0131 il\u0259 iki \u00f6lk\u0259 aras\u0131nda t\u0259hl\u00fck\u0259sizlik, iqtisadiyyat, n\u0259qliyyat sah\u0259l\u0259rind\u0259 m\u00fcnasib\u0259tl\u0259r yeni s\u0259viyy\u0259y\u0259 \u00e7\u0131x\u0131r. &#8220;Az\u0259rbaycanla Rusiya aras\u0131nda m\u00fctt\u0259fiqlik qar\u015f\u0131l\u0131ql\u0131 f\u0259aliyy\u0259ti haqq\u0131nda b\u0259yannam\u0259 geni\u015f spektrli m\u0259s\u0259l\u0259l\u0259r\u0259, el\u0259c\u0259 d\u0259 qar\u015f\u0131l\u0131ql\u0131 f\u0259aliyy\u0259tin problemli n\u00f6qt\u0259l\u0259rin\u0259 d\u0259 toxunur. B\u0259yannam\u0259 Moskva il\u0259 Bak\u0131n\u0131n m\u00fcnasib\u0259tl\u0259rini Moskva il\u0259 \u0130r\u0259van\u0131n m\u00fcnasib\u0259tl\u0259ri il\u0259 tarazla\u015fd\u0131r\u0131r. Az\u0259rbaycan onsuz da Rusiyan\u0131n strateji m\u00fctt\u0259fiqidir, indi is\u0259 m\u00fcnasib\u0259tl\u0259r t\u0259hl\u00fck\u0259sizlik, iqtisadiyyat, n\u0259qliyyat sah\u0259l\u0259rind\u0259 yeni&hellip;<\/p>\n","protected":false},"author":2,"featured_media":442913,"comment_status":"closed","ping_status":"closed","sticky":false,"template":"","format":"standard","meta":{"om_disable_all_campaigns":false,"_monsterinsights_skip_tracking":false,"_monsterinsights_sitenote_active":false,"_monsterinsights_sitenote_note":"","_monsterinsights_sitenote_category":0},"categories":[4],"tags":[],"aioseo_notices":[],"gutentor_comment":0,"rttpg_featured_image_url":{"full":["https:\/\/arantv.az\/wp-content\/uploads\/2022\/02\/1021904.jpg",800,600,false],"landscape":["https:\/\/arantv.az\/wp-content\/uploads\/2022\/02\/1021904.jpg",800,600,false],"portraits":["https:\/\/arantv.az\/wp-content\/uploads\/2022\/02\/1021904.jpg",800,600,false],"thumbnail":["https:\/\/arantv.az\/wp-content\/uploads\/2022\/02\/1021904-500x280.jpg",500,280,true],"medium":["https:\/\/arantv.az\/wp-content\/uploads\/2022\/02\/1021904-487x365.jpg",487,365,true],"large":["https:\/\/arantv.az\/wp-content\/uploads\/2022\/02\/1021904.jpg",640,480,false],"1536x1536":["https:\/\/arantv.az\/wp-content\/uploads\/2022\/02\/1021904.jpg",800,600,false],"2048x2048":["https:\/\/arantv.az\/wp-content\/uploads\/2022\/02\/1021904.jpg",800,600,false],"post-thumbnail":["https:\/\/arantv.az\/wp-content\/uploads\/2022\/02\/1021904-240x172.jpg",240,172,true],"advps-thumb-one":["https:\/\/arantv.az\/wp-content\/uploads\/2022\/02\/1021904.jpg",800,600,false]},"rttpg_author":{"display_name":"V\u00fcsal Rafiqo\u011flu","author_link":"https:\/\/arantv.az\/?author=2"},"rttpg_comment":0,"rttpg_category":"<a href=\"https:\/\/arantv.az\/?cat=4\" rel=\"category\">Siyas\u0259t<\/a>","rttpg_excerpt":"Fevral\u0131n 22-d\u0259 Az\u0259rbaycanla Rusiya aras\u0131nda m\u00fctt\u0259fiqlik qar\u015f\u0131l\u0131ql\u0131 f\u0259aliyy\u0259ti haqq\u0131nda b\u0259yannam\u0259 imzalan\u0131b. Bu, iki \u00f6lk\u0259 aras\u0131nda m\u00fcnasib\u0259tl\u0259rin inki\u015faf\u0131nda yeni m\u0259rh\u0259l\u0259y\u0259 \u00e7evrilib. Rusiyal\u0131 polioloq, Etnik v\u0259 Beyn\u0259lxalq Ara\u015fd\u0131rmalar M\u0259rk\u0259zinin elmi r\u0259hb\u0259ri\u00a0Anton Bredixin\u00a0Trend-\u0259 bildirib ki, b\u0259yannam\u0259nin imzalanmas\u0131 il\u0259 iki \u00f6lk\u0259 aras\u0131nda t\u0259hl\u00fck\u0259sizlik, iqtisadiyyat, n\u0259qliyyat sah\u0259l\u0259rind\u0259 m\u00fcnasib\u0259tl\u0259r yeni s\u0259viyy\u0259y\u0259 \u00e7\u0131x\u0131r. &#8220;Az\u0259rbaycanla Rusiya aras\u0131nda m\u00fctt\u0259fiqlik qar\u015f\u0131l\u0131ql\u0131 f\u0259aliyy\u0259ti haqq\u0131nda b\u0259yannam\u0259 geni\u015f&hellip;","_links":{"self":[{"href":"https:\/\/arantv.az\/index.php?rest_route=\/wp\/v2\/posts\/442912"}],"collection":[{"href":"https:\/\/arantv.az\/index.php?rest_route=\/wp\/v2\/posts"}],"about":[{"href":"https:\/\/arantv.az\/index.php?rest_route=\/wp\/v2\/types\/post"}],"author":[{"embeddable":true,"href":"https:\/\/arantv.az\/index.php?rest_route=\/wp\/v2\/users\/2"}],"replies":[{"embeddable":true,"href":"https:\/\/arantv.az\/index.php?rest_route=%2Fwp%2Fv2%2Fcomments&post=442912"}],"version-history":[{"count":0,"href":"https:\/\/arantv.az\/index.php?rest_route=\/wp\/v2\/posts\/442912\/revisions"}],"wp:featuredmedia":[{"embeddable":true,"href":"https:\/\/arantv.az\/index.php?rest_route=\/wp\/v2\/media\/442913"}],"wp:attachment":[{"href":"https:\/\/arantv.az\/index.php?rest_route=%2Fwp%2Fv2%2Fmedia&parent=442912"}],"wp:term":[{"taxonomy":"category","embeddable":true,"href":"https:\/\/arantv.az\/index.php?rest_route=%2Fwp%2Fv2%2Fcategories&post=442912"},{"taxonomy":"post_tag","embeddable":true,"href":"https:\/\/arantv.az\/index.php?rest_route=%2Fwp%2Fv2%2Ftags&post=442912"}],"curies":[{"name":"wp","href":"https:\/\/api.w.org\/{rel}","templated":true}]}}