{"id":442918,"date":"2022-02-23T14:31:27","date_gmt":"2022-02-23T11:31:27","guid":{"rendered":"http:\/\/arantv.az\/?p=442918"},"modified":"2022-02-23T14:31:27","modified_gmt":"2022-02-23T11:31:27","slug":"rusiya-xocalini-az%c9%99rbaycana-t%c9%99hvil-ver%c9%99c%c9%99k-moskva-gorusunun-detallari","status":"publish","type":"post","link":"https:\/\/arantv.az\/?p=442918","title":{"rendered":"Rusiya Xocal\u0131n\u0131 Az\u0259rbaycana t\u0259hvil ver\u0259c\u0259k &#8211; Moskva g\u00f6r\u00fc\u015f\u00fcn\u00fcn DETALLARI"},"content":{"rendered":"<p><strong>Fevral\u0131n 22-d\u0259 Moskvada &#8220;Az\u0259rbaycan Respublikas\u0131 il\u0259 Rusiya Federasiyas\u0131 aras\u0131nda m\u00fctt\u0259fiqlik qar\u015f\u0131l\u0131ql\u0131 f\u0259aliyy\u0259ti haqq\u0131nda&#8221; \u0130lham \u018fliyev v\u0259\u00a0Vladimir Putinin i\u015ftirak\u0131 il\u0259 B\u0259yannam\u0259 imzaland\u0131.\u00a0<\/strong><\/p>\n<p>Az\u0259rbaycan Prezidentinin d\u0259 qeyd etdiyi kimi, bu g\u00fcn\u0259 kimi Rusiya il\u0259 aram\u0131zda 245 s\u0259n\u0259d imzalan\u0131b. Lakin \u00f6t\u0259n g\u00fcn imzalanm\u0131\u015f B\u0259yannam\u0259 onlar\u0131n aras\u0131nda x\u00fcsusi \u0259h\u0259miyy\u0259t k\u0259sb edir. Bu B\u0259yannam\u0259 bizim m\u00fcnasib\u0259tl\u0259rimizi m\u00fctt\u0259fiqlik s\u0259viyy\u0259sin\u0259 \u00e7\u0131xar\u0131r ki, bu, qar\u015f\u0131l\u0131ql\u0131 maraqlar\u0131n n\u0259z\u0259r\u0259 al\u0131nmas\u0131na \u0259saslanan m\u00fcnasib\u0259tl\u0259rin qurulmas\u0131 istiqam\u0259tind\u0259 iki \u00f6lk\u0259 aras\u0131nda \u00f6n\u0259mli m\u0259rh\u0259l\u0259nin ba\u015flan\u011f\u0131c\u0131 da adland\u0131r\u0131la bil\u0259r.<\/p>\n<p><img src=\"https:\/\/img.milli.az\/2022\/02\/23\/1021891_01.gif\" alt=\"\" \/><\/p>\n<p>Az\u0259rbaycan d\u00f6vl\u0259t ba\u015f\u00e7\u0131s\u0131 il\u0259 tarixi s\u0259n\u0259din imzalanmas\u0131ndan sonra mediaya &#8220;Biz, s\u00f6zs\u00fcz ki, m\u00f6hk\u0259m dostluq, mehriban qon\u015fuluq, qar\u015f\u0131l\u0131ql\u0131 h\u00f6rm\u0259t v\u0259 bir-birinin maraqlar\u0131n\u0131n n\u0259z\u0259r\u0259 al\u0131nmas\u0131 \u0259n\u0259n\u0259l\u0259rin\u0259 \u0259saslanmaqla \u0259sl s\u0131x qar\u015f\u0131l\u0131ql\u0131 m\u00fctt\u0259fiqlik m\u00fcnasib\u0259tl\u0259rini bundan sonra da h\u0259rt\u0259r\u0259fli inki\u015faf etdirm\u0259k \u0259zmind\u0259yik&#8221;, a\u00e7\u0131qlamas\u0131 ver\u0259n Putin bu s\u00f6zl\u0259ri\u00a0il\u0259\u00a0b\u0259yan etmi\u015f oldu\u00a0ki, r\u0259smi Moskva bu g\u00fcnd\u0259n t\u0259r\u0259fda\u015fdan m\u00fctt\u0259fiq\u0259 \u00e7evril\u0259n Az\u0259rbaycan\u0131n da maraqlar\u0131n\u0131 b\u00fct\u00fcn b\u00f6lg\u0259s\u0259l v\u0259 regional m\u0259s\u0259l\u0259l\u0259rd\u0259 n\u0259z\u0259r\u0259 alacaq.<\/p>\n<p>Rusiya anlay\u0131r ki, n\u0259 q\u0259d\u0259r \u00f6z iqtisadi v\u0259 h\u0259rbi potensial\u0131na g\u00fcv\u0259ns\u0259 d\u0259 bu gun m\u00fctt\u0259fiqlik etm\u0259yi bacaran, s\u00f6z\u00fc, \u0259m\u0259li bir olan, s\u00fcr\u0259tl\u0259 inki\u015faf ed\u0259n\u00a0etibarl\u0131 bir d\u00f6vl\u0259tl\u0259 b\u00fct\u00fcn sah\u0259l\u0259rd\u0259 \u0259m\u0259kda\u015fl\u0131\u011fa b\u00f6y\u00fck ehtiyac var. Rusiya t\u0259r\u0259find\u0259n bu d\u00f6vl\u0259tin Az\u0259rbaycan olaraq se\u00e7ilm\u0259si he\u00e7 d\u0259 t\u0259sad\u00fcfi deyil.<\/p>\n<p>Moskva t\u00fck\u00fc-t\u00fckd\u0259n se\u00e7\u0259n, kimin kim oldu\u011funu, g\u0259l\u0259c\u0259kd\u0259 kimin hans\u0131 yerd\u0259 olaca\u011f\u0131n\u0131 \u00e7ox yax\u015f\u0131 analiz etm\u0259yi bacaran beyin m\u0259rk\u0259zl\u0259rind\u0259n biridir. O s\u0259b\u0259bd\u0259n d\u0259 Moskva yax\u015f\u0131 anlay\u0131r ki, Az\u0259rbaycandan daha etibarl\u0131 d\u00f6vl\u0259t axtarmaq indiki d\u00fcnya d\u00fcz\u0259nind\u0259 \u00e7ox riskli\u00a0ola bil\u0259r.<\/p>\n<p><img src=\"https:\/\/img.milli.az\/2022\/02\/23\/xtq_bayraq_ordu.jpg\" alt=\"\" \/><\/p>\n<p>\u00c7\u00fcnk\u00fc r\u0259smi Bak\u0131 g\u00fcc\u00fcn\u00fc ist\u0259r m\u00fcharib\u0259 zaman\u0131 d\u00f6y\u00fc\u015f meydan\u0131nda, ist\u0259rs\u0259 d\u0259 diplomatik sferada yet\u0259ri q\u0259d\u0259r yax\u015f\u0131 t\u0259r\u0259fd\u0259n n\u00fcmayi\u015f etdirm\u0259yi bacard\u0131.<\/p>\n<p>H\u0259tta Rusiyadan Erm\u0259nistan\u0131n az\u0259rbaycana qar\u015f\u0131 istifad\u0259 etm\u0259si \u00fc\u00e7\u00fcn\u00a0ad\u0131 hallanan b\u0259zi qanunsuz silah sat\u0131\u015f\u0131, istifad\u0259si qada\u011fa edil\u0259n raket kompleksl\u0259rinin\u00a0\u00f6t\u00fcr\u00fclm\u0259si il\u0259 ba\u011fl\u0131 m\u0259s\u0259l\u0259l\u0259ri \u00e7ox da a\u00e7\u0131b-a\u011fartmamaqla d\u0259f\u0259l\u0259rl\u0259 \u00f6lk\u0259nin birinci adam\u0131n\u0131n dilind\u0259n Moskvaya &#8220;Biz h\u0259r \u015feyi, n\u0259yin n\u0259 oldu\u011funu \u00e7ox yax\u015f\u0131 bilirik. Amma bizim d\u00fc\u015fm\u0259nimiz, h\u0259d\u0259fimiz siz yox, Erm\u0259nistan\u0131n i\u015f\u011fal\u00e7\u0131, terror\u00e7u rejimidir&#8221; kimi laz\u0131mi mesajlar veril\u0259r\u0259k, Rusiyan\u0131n h\u0259rbi s\u0259nayesini daha \u00e7ox z\u0259rb\u0259 alt\u0131nda\u00a0qoymamaqla ona \u0259sl m\u0259rdlik d\u0259rsi ke\u00e7di.<\/p>\n<p>M\u0259hz bu amil d\u0259 Rusiyan\u0131n bel\u0259 q\u0259liz bir geosiyasi prosesl\u0259rin m\u0259rk\u0259zind\u0259 yer ald\u0131\u011f\u0131 bir vaxtda \u00f6z\u00fcn\u0259 etibarl\u0131 m\u00fctt\u0259fiq axtar\u0131\u015f\u0131 zaman\u0131 Bak\u0131n\u0131n \u00fcz\u0259rind\u0259 dayanmas\u0131nda olduqca b\u00f6y\u00fck t\u0259sir ed\u0259n m\u0259qamlardand\u0131r. D\u00fcz\u00fc, Az\u0259rbaycan d\u0259f\u0259l\u0259rl\u0259 bu c\u00fcr add\u0131mlar\u0131 il\u0259 s\u00f6z\u00fc, add\u0131m\u0131 bir oldu\u011funu h\u0259r k\u0259s\u0259 g\u00f6st\u0259rib.<\/p>\n<p>Az\u0259rbaycan\u0131n b\u00fct\u00fcn qon\u015fular\u0131na, region v\u0259 d\u00fcnya d\u00f6vl\u0259tl\u0259rin\u0259 m\u00fcnasib\u0259ti, \u0259razi b\u00fct\u00f6vl\u00fckl\u0259ri il\u0259 ba\u011fl\u0131 m\u00f6vqeyi b\u0259st-b\u0259llidir. Biz buna\u00a0\u0130lham \u018fliyevin yanvar\u0131n ortalar\u0131nda Ukrayna s\u0259f\u0259ri zaman\u0131 bir daha a\u00e7\u0131q-ayd\u0131n \u015fahid olduq.<\/p>\n<p><img src=\"https:\/\/img.milli.az\/2022\/02\/23\/1021891_02.jpg\" alt=\"\" \/><\/p>\n<p>R\u0259smi Bak\u0131 bu m\u0259s\u0259l\u0259d\u0259 h\u0259r zaman kartlar\u0131n\u0131 a\u00e7\u0131q oynay\u0131b. Bu n\u00f6qteyi n\u0259z\u0259rd\u0259n d\u00fcn\u0259nki s\u0259n\u0259din imzalanmas\u0131 m\u0259rasimind\u0259 \u0259sas\u0259n Rusiya d\u00f6vl\u0259t ba\u015f\u00e7\u0131s\u0131n\u0131n n\u0259 dey\u0259c\u0259yi, hans\u0131 a\u00e7\u0131qlamalarla diqq\u0259t m\u0259rk\u0259zin\u0259 d\u00fc\u015f\u0259c\u0259yi Az\u0259rbaycan ictimaiyy\u0259tind\u0259 daha diqq\u0259tl\u0259 izl\u0259nilirdi. Buna s\u0259b\u0259b yaradan m\u0259s\u0259l\u0259rd\u0259n biri d\u0259 m\u0259hz bir g\u00fcn \u0259vv\u0259l Kreml r\u0259hb\u0259rinin qondarma Donetsk v\u0259 Luqansk\u0131n &#8220;m\u00fcst\u0259qilliyini&#8221; tan\u0131masi il\u0259 ba\u011fl\u0131 q\u0259rar\u0131 oldu ki, b\u00fct\u00fcn d\u00fcnya bu hadis\u0259nin \u015fokundan h\u0259l\u0259 d\u0259 ay\u0131lmay\u0131b. M\u0259hz bel\u0259 bir m\u0259qamda Putinin \u0130lham \u018fliyevl\u0259 g\u00f6r\u00fc\u015f\u00fc zaman\u0131 Moskvada imzalanan m\u00fctt\u0259fiqlik s\u0259n\u0259di bar\u0259d\u0259 dan\u0131\u015fark\u0259n &#8220;bir-birinin maraqlar\u0131n\u0131n n\u0259z\u0259r\u0259 al\u0131nmas\u0131 \u0259n\u0259n\u0259l\u0259rin\u0259 \u0259saslanmaqla&#8230;&#8221; ifad\u0259l\u0259ri\u00a0Az\u0259rbaycan \u00fc\u00e7\u00fcn olduqca \u00f6n\u0259m k\u0259sb ed\u0259n bir a\u00e7\u0131qlamad\u0131r ki, biz bu c\u00fcr ifad\u0259l\u0259r\u0259 Moskva B\u0259yannam\u0259sinin b\u0259ndl\u0259rind\u0259 d\u0259 tez-tez rast g\u0259ldik.<\/p>\n<p>Rusiya lideri bu s\u00f6zl\u0259ri il\u0259 bir daha Az\u0259rbaycanla \u0259laq\u0259l\u0259rin daha y\u00fcks\u0259k, yeni bir m\u0259rh\u0259l\u0259y\u0259 ba\u015flad\u0131\u011f\u0131n\u0131, &#8220;Bak\u0131n\u0131n ist\u0259kl\u0259rini, maraqlar\u0131n\u0131\u00a0da n\u0259z\u0259r\u0259 alma\u011fa m\u0259cburuq&#8221;\u00a0mesaj\u0131n\u0131 vermi\u015f oldu.<\/p>\n<p><img src=\"https:\/\/img.milli.az\/2022\/02\/23\/1021891_)3.jpg\" alt=\"\" \/><\/p>\n<p>\u0130st\u0259nil\u0259n halda bu m\u00fctt\u0259fiqlikd\u0259n Az\u0259rbaycan\u0131n daha \u00e7ox qazanan t\u0259r\u0259f kimi \u00e7\u0131xmaq \u015fans\u0131 var. Bu g\u00fcn h\u0259l\u0259 d\u0259 Qaraba\u011fda Rusiya s\u00fclhm\u0259raml\u0131lar\u0131n\u0131n m\u00fcv\u0259qq\u0259ti n\u0259zar\u0259t zonalar\u0131nda h\u0259llini tapmayan, Az\u0259rbaycan\u0131 narahat ed\u0259n bir \u00e7ox m\u0259s\u0259l\u0259l\u0259r qalmaqdad\u0131r ki, h\u0259min probleml\u0259rin d\u0259 bu s\u0259n\u0259dd\u0259n sonra Bak\u0131n\u0131n maraqlar\u0131na uy\u011fun \u015f\u0259kild\u0259 h\u0259lli istiqam\u0259tind\u0259 m\u00fch\u00fcm ir\u0259lil\u0259yi\u015fl\u0259rin n\u0259z\u0259r\u0259 \u00e7arpaca\u011f\u0131 istisna edilmir.<\/p>\n<p>Bununla ba\u011fl\u0131 Moskva B\u0259yanat\u0131n\u0131n imzalanmas\u0131 m\u0259rasimind\u0259n sonra Putinl\u0259 birg\u0259 m\u0259tbuata b\u0259yanatla \u00e7\u0131x\u0131\u015f ed\u0259n \u0130lham \u018fliyev a\u00e7\u0131qlamas\u0131nda bu m\u0259s\u0259l\u0259ni m\u0259hz Kreml r\u0259hb\u0259rinin \u00fcz\u00fcn\u0259 qar\u015f\u0131 Moskvada &#8220;Bak\u0131 \u0130r\u0259vandan 9 noyabr 2020-ci il tarixli \u00fc\u00e7t\u0259r\u0259fli b\u0259yanat\u0131n b\u00fct\u00fcn b\u0259ndl\u0259rinin yerin\u0259 yetirilm\u0259sini, o c\u00fcml\u0259d\u0259n erm\u0259ni silahl\u0131 q\u00fcvv\u0259l\u0259rinin b\u00fct\u00fcn Qaraba\u011f \u0259razisind\u0259n \u00e7\u0131xar\u0131lmas\u0131n\u0131 g\u00f6zl\u0259yir&#8221; dem\u0259kl\u0259 bir n\u00f6v Rusiyan\u0131 g\u00f6t\u00fcrd\u00fcy\u00fc \u00f6hd\u0259liyi yerin\u0259 yetirm\u0259m\u0259kd\u0259 ittiham etdi. Yax\u015f\u0131 bilirik ki, Rusiyan\u0131n r\u0259smi i\u015ftirak\u0131 il\u0259 imzalanan \u00fc\u00e7t\u0259r\u0259fli b\u0259yanat\u0131n imzalanmas\u0131ndan 15 aydan \u00e7ox vaxt ke\u00e7m\u0259sin\u0259 baxmayaraq, 4-c\u00fc (Rusiya Federasiyas\u0131n\u0131n s\u00fclhm\u0259raml\u0131 kontingenti erm\u0259ni silahl\u0131 q\u00fcvv\u0259l\u0259rinin \u00e7\u0131xar\u0131lmas\u0131 il\u0259 paralel \u015f\u0259kild\u0259 yerl\u0259\u015fdirilir-red) v\u0259 9-c\u00fc b\u0259ndl\u0259rind\u0259 (B\u00f6lg\u0259d\u0259ki b\u00fct\u00fcn iqtisadi v\u0259 n\u0259qliyyat \u0259laq\u0259l\u0259ri b\u0259rpa edilir. Erm\u0259nistan Respublikas\u0131 v\u0259t\u0259nda\u015flar\u0131n, n\u0259qliyyat vasit\u0259l\u0259rinin v\u0259 y\u00fckl\u0259rin h\u0259r iki istiqam\u0259td\u0259 mane\u0259siz h\u0259r\u0259k\u0259tinin t\u0259\u015fkili m\u0259qs\u0259dil\u0259 Az\u0259rbaycan Respublikas\u0131n\u0131n q\u0259rb rayonlar\u0131 v\u0259 Nax\u00e7\u0131van Muxtar Respublikas\u0131 aras\u0131nda n\u0259qliyyat \u0259laq\u0259sinin t\u0259hl\u00fck\u0259sizliyin\u0259 z\u0259man\u0259t verir. N\u0259qliyyat \u0259laq\u0259si \u00fczr\u0259 n\u0259zar\u0259ti Rusiyan\u0131n Federal T\u0259hl\u00fck\u0259sizlik Xidm\u0259tinin s\u0259rh\u0259d xidm\u0259tinin orqanlar\u0131 h\u0259yata ke\u00e7irir. T\u0259r\u0259fl\u0259rin raz\u0131l\u0131\u011f\u0131 \u0259sas\u0131nda Nax\u00e7\u0131van Muxtar Respublikas\u0131 il\u0259 Az\u0259rbaycan\u0131n q\u0259rb rayonlar\u0131n\u0131 birl\u0259\u015fdir\u0259n yeni n\u0259qliyyat kommunikasiyalar\u0131n\u0131n in\u015fas\u0131 t\u0259min edil\u0259c\u0259k &#8211; red) n\u0259z\u0259rd\u0259 tutulan m\u00fcdd\u0259lar h\u0259l\u0259 d\u0259 \u00f6z h\u0259llini tapmay\u0131b.<\/p>\n<p><img src=\"https:\/\/img.milli.az\/2022\/02\/23\/1021891_)4.jpg\" alt=\"\" \/><\/p>\n<p>D\u00fcn\u0259n Az\u0259rbaycan d\u00f6vl\u0259t ba\u015f\u00e7\u0131s\u0131n\u0131n birg\u0259 m\u0259tbuat konfrans\u0131nda bu m\u0259qam\u0131 qeyd ed\u0259r\u0259k, Z\u0259ng\u0259zur d\u0259hlizinin a\u00e7\u0131lmas\u0131 istiqam\u0259tind\u0259 i\u015fl\u0259rin d\u0259 olduqca l\u0259ng getm\u0259sind\u0259n gileyl\u0259nm\u0259si Az\u0259rbaycan\u0131n haql\u0131 m\u00f6vqeyini sonad\u0259k m\u00fcdafi\u0259 ed\u0259c\u0259yini bir daha n\u00fcmayi\u015f etdirdi. N\u0259z\u0259r\u0259 alsaq ki, B\u0259yannam\u0259nin ilk b\u0259ndind\u0259 m\u0259hz &#8220;\u0259razi b\u00fct\u00f6vl\u00fcy\u00fcn\u0259 v\u0259 d\u00f6vl\u0259t s\u0259rh\u0259dl\u0259rinin toxunulmazl\u0131\u011f\u0131na qar\u015f\u0131l\u0131ql\u0131 h\u00f6rm\u0259t, el\u0259c\u0259 d\u0259 bir-birinin daxili i\u015fl\u0259rin\u0259 qar\u0131\u015fmamaq &#8230;&#8221; ifad\u0259sin\u0259 diqq\u0259t yetirs\u0259k, o zaman biz\u0259 bir \u00e7ox m\u0259qam ayd\u0131n ola bil\u0259r. \u018fg\u0259r Rusiyan\u0131n \u0259sas adam\u0131 Qaraba\u011f\u0131 ist\u0259r m\u00fcharib\u0259, ist\u0259rs\u0259 d\u0259 m\u00fcharib\u0259d\u0259n sonrak\u0131 m\u0259rh\u0259l\u0259d\u0259 etdiyi a\u00e7\u0131qlamalarda Az\u0259rbaycan\u0131n tarixi torpaqlar\u0131 kimi qeyd etdis\u0259, bu o dem\u0259kdir ki, B\u0259yannam\u0259d\u0259 yer alan bu ifad\u0259 il\u0259 Moskva yax\u0131n g\u0259l\u0259c\u0259kd\u0259 Qaraba\u011f\u0131n da\u011fl\u0131q hiss\u0259sind\u0259, Rusiya s\u00fclhm\u0259raml\u0131lar\u0131n\u0131n m\u00fcv\u0259qq\u0259ti n\u0259zar\u0259ti zonas\u0131nda olan \u0259razil\u0259rin tezlikl\u0259 Az\u0259rbaycan\u0131n ixtiyar\u0131na veril\u0259c\u0259yin\u0259 bir i\u015far\u0259 etmi\u015f oldu.<\/p>\n<p>Moskva B\u0259yannam\u0259sinin ilk b\u0259ndind\u0259 qeyd edil\u0259n &#8220;Rusiya Federasiyas\u0131 v\u0259 Az\u0259rbaycan Respublikas\u0131 \u00f6z m\u00fcnasib\u0259tl\u0259rini m\u00fctt\u0259fiqlik qar\u015f\u0131l\u0131ql\u0131 f\u0259aliyy\u0259ti, iki \u00f6lk\u0259nin m\u00fcst\u0259qilliyin\u0259, d\u00f6vl\u0259t suverenliyin\u0259, \u0259razi b\u00fct\u00f6vl\u00fcy\u00fcn\u0259 v\u0259 d\u00f6vl\u0259t s\u0259rh\u0259dl\u0259rinin toxunulmazl\u0131\u011f\u0131na qar\u015f\u0131l\u0131ql\u0131 h\u00f6rm\u0259t, el\u0259c\u0259 d\u0259 bir-birinin daxili i\u015fl\u0259rin\u0259 qar\u0131\u015fmamaq, h\u00fcquq b\u0259rab\u0259rliyi v\u0259 qar\u015f\u0131l\u0131ql\u0131 fayda, m\u00fcbahis\u0259l\u0259rin dinc yolla h\u0259lli v\u0259 g\u00fcc t\u0259tbiq etm\u0259m\u0259k v\u0259 ya g\u00fccl\u0259 h\u0259d\u0259l\u0259m\u0259m\u0259k prinsipl\u0259rin\u0259 sadiqlik \u0259sas\u0131nda qururlar&#8221; fikirl\u0259r bu g\u00fcn eyni zamanda r\u0259smi Moskva \u00fc\u00e7\u00fcn hava-su kimi \u0259h\u0259miyy\u0259t k\u0259sb edir.<\/p>\n<p><strong>S\u018fB\u018fB:<\/strong><\/p>\n<p>Haz\u0131rda Az\u0259rbaycan d\u00fcnyada yegan\u0259 d\u00f6vl\u0259tdir ki, h\u0259m NATO-nun \u0259sas g\u00fccl\u0259rind\u0259n hesab edil\u0259n T\u00fcrkiy\u0259 il\u0259 m\u00fctt\u0259fiqlik b\u0259yanat\u0131\u00a0imzalay\u0131b (\u015eu\u015fa b\u0259yannam\u0259si), h\u0259m d\u0259 NATO-nun bu g\u00fcn soyuq m\u00fcharib\u0259sinin pik h\u0259dd\u0259 \u00e7atd\u0131\u011f\u0131 Rusiya il\u0259 m\u00fctt\u0259fiqlik qar\u015f\u0131l\u0131ql\u0131 f\u0259aliyy\u0259ti haqq\u0131nda s\u0259n\u0259d\u0259 qol \u00e7\u0259kdi.<\/p>\n<p>Bununla da Az\u0259rbaycan dem\u0259k olar ki, d\u00fcnyan\u0131 aralar\u0131nda b\u00f6l\u0259n iki g\u00fcc m\u0259rk\u0259zi il\u0259 (Q\u0259rb &#8211; Rusiya) dil tapan, h\u0259r iki t\u0259r\u0259fin \u0259m\u0259kda\u015fl\u0131qda maraql\u0131 oldu\u011fu \u0259n yax\u0131n m\u00fctt\u0259fiq\u0259 \u00e7evrilir. Eyni zamanda d\u00fcn\u0259nki B\u0259yanat\u0131 imzalamaqla Az\u0259rbaycan ona ola bil\u0259c\u0259k t\u0259hdidl\u0259ri d\u0259 d\u0259f etm\u0259kl\u0259 yana\u015f\u0131, \u00f6z\u00fcn\u00fc d\u00fcnyadak\u0131 bu qar\u0131\u015f\u0131q,\u00a0m\u00fcr\u0259kk\u0259b prosesl\u0259rd\u0259n itkisiz, \u0259n az z\u0259r\u0259rl\u0259 \u00e7\u0131xarmaq \u00fc\u00e7\u00fcn g\u0259l\u0259c\u0259y\u0259 hesablanm\u0131\u015f n\u00f6vb\u0259ti u\u011furlu xarici siyasi \u0259laq\u0259l\u0259rin t\u0259milini qoydu.<\/p>\n<p><img src=\"https:\/\/img.milli.az\/2022\/02\/23\/susa_bey.jpg\" alt=\"\" \/><\/p>\n<p>Ayd\u0131nd\u0131r ki, Rusiya T\u00fcrkiy\u0259 il\u0259 Az\u0259rbaycan aras\u0131nda ke\u00e7\u0259n il imzalanan \u015eu\u015fa B\u0259yannam\u0259sind\u0259n narahat olmad\u0131\u011f\u0131n\u0131 gs\u00f6t\u0259rm\u0259y\u0259 \u00e7al\u0131\u015fsa da \u0259ndi\u015f\u0259si diqq\u0259td\u0259n qa\u00e7m\u0131rd\u0131. Biz bunu x\u00fcsusil\u0259 d\u0259 Rusiyan\u0131n ke\u00e7\u0259n ilin sonlar\u0131nda (17 dekabrda) NATO-ya \u00fcnvanlad\u0131\u011f\u0131 ultimatum xarakterli s\u0259n\u0259din 7-ci madd\u0259sind\u0259 a\u00e7\u0131q m\u00fc\u015fahid\u0259 ed\u0259 bildik. Bel\u0259 ki, r\u0259smi Moskva NATO-ya \u00fcnvanlad\u0131\u011f\u0131 s\u0259n\u0259din m\u0259lum b\u0259ndind\u0259 &#8220;NATO-ya \u00fczv d\u00f6vl\u0259tl\u0259r \u015e\u0259rqi Avropa, C\u0259nubi Qafqaz v\u0259 M\u0259rk\u0259zi Asiyada he\u00e7 bir h\u0259rbi f\u0259aliyy\u0259ti g\u00f6st\u0259rm\u0259y\u0259c\u0259kl\u0259r&#8221; ifad\u0259sin\u0259 yer verib ki, bu madd\u0259nin el\u0259 m\u0259hz C\u0259nubi Qafqazda NATO \u00fczv\u00fc T\u00fcrkiy\u0259 v\u0259 Az\u0259rbaycan aras\u0131ndak\u0131 h\u0259rbi inteqrasiyan\u0131 n\u0259z\u0259rd\u0259 tutdu\u011fu ayd\u0131nd\u0131r.<\/p>\n<p>Ultimatumdan sonrak\u0131 periodda \u015eu\u015fa B\u0259yannam\u0259sinin T\u00fcrkiy\u0259 v\u0259 Az\u0259rbaycan t\u0259r\u0259find\u0259n ratifikasiya edilib q\u00fcvv\u0259y\u0259 mindiyini g\u00f6rd\u00fck. Bununla da h\u0259r iki t\u0259r\u0259f Moskvan\u0131n narahatl\u0131\u011f\u0131n\u0131n daha i\u015fin\u0259 yaramayaca\u011f\u0131n\u0131 r\u0259smi \u015f\u0259kild\u0259 elan etdi. Bel\u0259c\u0259, he\u00e7 bir halda \u015eu\u015fa B\u0259yannam\u0259sinin d\u0259yi\u015fm\u0259y\u0259c\u0259yi, t\u0259hl\u00fck\u0259sizliyimizd\u0259 birinci \u00f6n\u0259m t\u0259\u015fkil ed\u0259c\u0259yi t\u0259min olundu.<\/p>\n<p><img src=\"https:\/\/img.milli.az\/2022\/02\/23\/1021891_07.jpg\" alt=\"\" \/><\/p>\n<p>Bel\u0259 ayd\u0131n olur ki, Ukrayna il\u0259 g\u0259rginlik fonunda Rusiya kollektiv NATO-dan ala bilm\u0259diyi toxunulmazl\u0131q t\u0259minat\u0131n\u0131 Az\u0259rbaycan vasit\u0259sil\u0259 realla\u015fd\u0131rmaq ist\u0259yir. Dolay\u0131s\u0131 il\u0259 Rusiya ist\u0259yir ki, Az\u0259rbaycan onun sabitliyinin, \u0259razi b\u00fct\u00f6vl\u00fcy\u00fcn\u00fcn C\u0259nubi Qafqazda t\u0259minat\u00e7\u0131s\u0131na \u00e7evrilsin. Ona g\u00f6r\u0259, b\u0259lk\u0259 d\u0259 Moskva \u015eu\u015fa B\u0259yannam\u0259sinin T\u00fcrkiy\u0259-Az\u0259rbaycan aras\u0131nda ikili \u00e7\u0259r\u00e7iv\u0259d\u0259 qalaca\u011f\u0131, NATO m\u00fcst\u0259visin\u0259 ke\u00e7m\u0259y\u0259c\u0259yi bar\u0259d\u0259 t\u0259minat ist\u0259yirdi,\u00a0Moskva B\u0259yannam\u0259si il\u0259 d\u0259\u00a0h\u0259min ist\u0259yin\u0259 nail oldu dey\u0259 bil\u0259rik.<\/p>\n<p>\u015e\u00fcbh\u0259siz ki, ist\u0259r\u00a044 g\u00fcnl\u00fck m\u00fcharib\u0259 zaman\u0131, ist\u0259rs\u0259 d\u0259 postkonlift d\u00f6vr\u00fcnd\u0259 regional v\u0259 qlobal prosesl\u0259rl\u0259 ba\u011fl\u0131 q\u0259rarlar\u0131nda Ankara il\u0259 daim t\u0259masda olan r\u0259smi Bak\u0131n\u0131n bu m\u0259s\u0259l\u0259yl\u0259 ba\u011fl\u0131 da T\u00fcrkiy\u0259nin m\u00f6vqeyini \u00f6yr\u0259ndiyi istisna edilmir. Rusiyan\u0131n strateji qay\u011f\u0131lar\u0131n\u0131 v\u0259 NATO-nu \u00f6z\u00fcn\u0259 t\u0259hdid kimi g\u00f6rm\u0259sini anlay\u0131r\u0131q. Buna g\u00f6r\u0259 d\u0259\u00a0h\u0259r iki t\u0259r\u0259fin \u00f6z\u00fcn\u00fc g\u00fcv\u0259nd\u0259 hiss ed\u0259c\u0259yi yeni qaydalar v\u0259 prinsipl\u0259r formala\u015fd\u0131rma\u011f\u0131m\u0131za ehtiyac var idi ki, Bak\u0131 da bu f\u00fcrs\u0259td\u0259n yararlanma\u011f\u0131 bacard\u0131.<\/p>\n","protected":false},"excerpt":{"rendered":"<p>Fevral\u0131n 22-d\u0259 Moskvada &#8220;Az\u0259rbaycan Respublikas\u0131 il\u0259 Rusiya Federasiyas\u0131 aras\u0131nda m\u00fctt\u0259fiqlik qar\u015f\u0131l\u0131ql\u0131 f\u0259aliyy\u0259ti haqq\u0131nda&#8221; \u0130lham \u018fliyev v\u0259\u00a0Vladimir Putinin i\u015ftirak\u0131 il\u0259 B\u0259yannam\u0259 imzaland\u0131.\u00a0 Az\u0259rbaycan Prezidentinin d\u0259 qeyd etdiyi kimi, bu g\u00fcn\u0259 kimi Rusiya il\u0259 aram\u0131zda 245 s\u0259n\u0259d imzalan\u0131b. Lakin \u00f6t\u0259n g\u00fcn imzalanm\u0131\u015f B\u0259yannam\u0259 onlar\u0131n aras\u0131nda x\u00fcsusi \u0259h\u0259miyy\u0259t k\u0259sb edir. Bu B\u0259yannam\u0259 bizim m\u00fcnasib\u0259tl\u0259rimizi m\u00fctt\u0259fiqlik s\u0259viyy\u0259sin\u0259 \u00e7\u0131xar\u0131r ki, bu, qar\u015f\u0131l\u0131ql\u0131 maraqlar\u0131n n\u0259z\u0259r\u0259 al\u0131nmas\u0131na \u0259saslanan m\u00fcnasib\u0259tl\u0259rin qurulmas\u0131 istiqam\u0259tind\u0259 iki \u00f6lk\u0259 aras\u0131nda \u00f6n\u0259mli m\u0259rh\u0259l\u0259nin ba\u015flan\u011f\u0131c\u0131 da adland\u0131r\u0131la bil\u0259r. Az\u0259rbaycan d\u00f6vl\u0259t ba\u015f\u00e7\u0131s\u0131 il\u0259 tarixi s\u0259n\u0259din imzalanmas\u0131ndan sonra mediaya &#8220;Biz, s\u00f6zs\u00fcz ki, m\u00f6hk\u0259m dostluq, mehriban qon\u015fuluq, qar\u015f\u0131l\u0131ql\u0131&hellip;<\/p>\n","protected":false},"author":2,"featured_media":442919,"comment_status":"closed","ping_status":"closed","sticky":false,"template":"","format":"standard","meta":{"om_disable_all_campaigns":false,"_monsterinsights_skip_tracking":false,"_monsterinsights_sitenote_active":false,"_monsterinsights_sitenote_note":"","_monsterinsights_sitenote_category":0},"categories":[4],"tags":[],"aioseo_notices":[],"gutentor_comment":0,"rttpg_featured_image_url":{"full":["https:\/\/arantv.az\/wp-content\/uploads\/2022\/02\/1021891.jpg",800,600,false],"landscape":["https:\/\/arantv.az\/wp-content\/uploads\/2022\/02\/1021891.jpg",800,600,false],"portraits":["https:\/\/arantv.az\/wp-content\/uploads\/2022\/02\/1021891.jpg",800,600,false],"thumbnail":["https:\/\/arantv.az\/wp-content\/uploads\/2022\/02\/1021891-500x280.jpg",500,280,true],"medium":["https:\/\/arantv.az\/wp-content\/uploads\/2022\/02\/1021891-487x365.jpg",487,365,true],"large":["https:\/\/arantv.az\/wp-content\/uploads\/2022\/02\/1021891.jpg",640,480,false],"1536x1536":["https:\/\/arantv.az\/wp-content\/uploads\/2022\/02\/1021891.jpg",800,600,false],"2048x2048":["https:\/\/arantv.az\/wp-content\/uploads\/2022\/02\/1021891.jpg",800,600,false],"post-thumbnail":["https:\/\/arantv.az\/wp-content\/uploads\/2022\/02\/1021891-240x172.jpg",240,172,true],"advps-thumb-one":["https:\/\/arantv.az\/wp-content\/uploads\/2022\/02\/1021891.jpg",800,600,false]},"rttpg_author":{"display_name":"V\u00fcsal Rafiqo\u011flu","author_link":"https:\/\/arantv.az\/?author=2"},"rttpg_comment":0,"rttpg_category":"<a href=\"https:\/\/arantv.az\/?cat=4\" rel=\"category\">Siyas\u0259t<\/a>","rttpg_excerpt":"Fevral\u0131n 22-d\u0259 Moskvada &#8220;Az\u0259rbaycan Respublikas\u0131 il\u0259 Rusiya Federasiyas\u0131 aras\u0131nda m\u00fctt\u0259fiqlik qar\u015f\u0131l\u0131ql\u0131 f\u0259aliyy\u0259ti haqq\u0131nda&#8221; \u0130lham \u018fliyev v\u0259\u00a0Vladimir Putinin i\u015ftirak\u0131 il\u0259 B\u0259yannam\u0259 imzaland\u0131.\u00a0 Az\u0259rbaycan Prezidentinin d\u0259 qeyd etdiyi kimi, bu g\u00fcn\u0259 kimi Rusiya il\u0259 aram\u0131zda 245 s\u0259n\u0259d imzalan\u0131b. Lakin \u00f6t\u0259n g\u00fcn imzalanm\u0131\u015f B\u0259yannam\u0259 onlar\u0131n aras\u0131nda x\u00fcsusi \u0259h\u0259miyy\u0259t k\u0259sb edir. Bu B\u0259yannam\u0259 bizim m\u00fcnasib\u0259tl\u0259rimizi m\u00fctt\u0259fiqlik s\u0259viyy\u0259sin\u0259 \u00e7\u0131xar\u0131r ki,&hellip;","_links":{"self":[{"href":"https:\/\/arantv.az\/index.php?rest_route=\/wp\/v2\/posts\/442918"}],"collection":[{"href":"https:\/\/arantv.az\/index.php?rest_route=\/wp\/v2\/posts"}],"about":[{"href":"https:\/\/arantv.az\/index.php?rest_route=\/wp\/v2\/types\/post"}],"author":[{"embeddable":true,"href":"https:\/\/arantv.az\/index.php?rest_route=\/wp\/v2\/users\/2"}],"replies":[{"embeddable":true,"href":"https:\/\/arantv.az\/index.php?rest_route=%2Fwp%2Fv2%2Fcomments&post=442918"}],"version-history":[{"count":0,"href":"https:\/\/arantv.az\/index.php?rest_route=\/wp\/v2\/posts\/442918\/revisions"}],"wp:featuredmedia":[{"embeddable":true,"href":"https:\/\/arantv.az\/index.php?rest_route=\/wp\/v2\/media\/442919"}],"wp:attachment":[{"href":"https:\/\/arantv.az\/index.php?rest_route=%2Fwp%2Fv2%2Fmedia&parent=442918"}],"wp:term":[{"taxonomy":"category","embeddable":true,"href":"https:\/\/arantv.az\/index.php?rest_route=%2Fwp%2Fv2%2Fcategories&post=442918"},{"taxonomy":"post_tag","embeddable":true,"href":"https:\/\/arantv.az\/index.php?rest_route=%2Fwp%2Fv2%2Ftags&post=442918"}],"curies":[{"name":"wp","href":"https:\/\/api.w.org\/{rel}","templated":true}]}}