{"id":442921,"date":"2022-02-23T14:34:46","date_gmt":"2022-02-23T11:34:46","guid":{"rendered":"http:\/\/arantv.az\/?p=442921"},"modified":"2022-02-23T14:34:46","modified_gmt":"2022-02-23T11:34:46","slug":"g%c9%99nc%c9%99d%c9%99-avtomobil-zavodunun-muhafiz%c9%99cisi-q%c9%99fil-oldu","status":"publish","type":"post","link":"https:\/\/arantv.az\/?p=442921","title":{"rendered":"G\u0259nc\u0259d\u0259 avtomobil zavodunun m\u00fchafiz\u0259\u00e7isi q\u0259fil \u00f6ld\u00fc"},"content":{"rendered":"<p>G\u0259nc\u0259 \u015f\u0259h\u0259ri \u0259razisind\u0259 yerl\u0259\u015f\u0259n avtomobil zavodunda m\u00fchafiz\u0259 xidm\u0259tind\u0259 \u00e7al\u0131\u015fan E.Yusibovun z\u0259d\u0259 almas\u0131 n\u0259tic\u0259sind\u0259 v\u0259fat etm\u0259si il\u0259 ba\u011fl\u0131 informasiyalar ictimail\u0259\u015fdirilib.<\/p>\n<div class=\"AdviadNativeVideo\"><\/div>\n<p>Ba\u015f Prokurorlu\u011fun M\u0259tbuat Xidm\u0259tind\u0259n veril\u0259n m\u0259lumata g\u00f6r\u0259, yay\u0131lm\u0131\u015f h\u0259min informasiyalarla ba\u011fl\u0131 bildiririk ki, fevral\u0131n 23-d\u0259 gec\u0259 saat 3 rad\u0259l\u0259rind\u0259 1982-ci il t\u0259v\u0259ll\u00fcdl\u00fc El\u00e7in Yusibov i\u015f yerind\u0259 s\u0259hh\u0259tinin pisl\u0259\u015fm\u0259si s\u0259b\u0259bind\u0259n x\u0259st\u0259xanaya apar\u0131l\u0131b, g\u00f6st\u0259rilmi\u015f tibbi yard\u0131mlara baxmayaraq, \u201cq\u0259fl\u0259ti koronal \u00f6l\u00fcm\u201d diaqnozu il\u0259 v\u0259fat edib.<\/p>\n<p>Prokurorluq \u0259m\u0259kda\u015flar\u0131 t\u0259r\u0259find\u0259n m\u0259hk\u0259m\u0259-tibb ekspertinin i\u015ftirak\u0131 il\u0259 hadis\u0259 yerin\u0259 v\u0259 meyit\u0259 bax\u0131\u015f ke\u00e7irilib, \u0259razid\u0259 olan t\u0259hl\u00fck\u0259sizlik kameralar\u0131n\u0131n qeyd\u0259 ald\u0131\u011f\u0131 g\u00f6r\u00fcnt\u00fcl\u0259r\u0259 bax\u0131\u015f ke\u00e7irilib.<\/p>\n<p>Haz\u0131rda \u015f\u0259h\u0259r prokurorlu\u011funda ara\u015fd\u0131rma davam etdirilir.<\/p>\n","protected":false},"excerpt":{"rendered":"<p>G\u0259nc\u0259 \u015f\u0259h\u0259ri \u0259razisind\u0259 yerl\u0259\u015f\u0259n avtomobil zavodunda m\u00fchafiz\u0259 xidm\u0259tind\u0259 \u00e7al\u0131\u015fan E.Yusibovun z\u0259d\u0259 almas\u0131 n\u0259tic\u0259sind\u0259 v\u0259fat etm\u0259si il\u0259 ba\u011fl\u0131 informasiyalar ictimail\u0259\u015fdirilib. Ba\u015f Prokurorlu\u011fun M\u0259tbuat Xidm\u0259tind\u0259n veril\u0259n m\u0259lumata g\u00f6r\u0259, yay\u0131lm\u0131\u015f h\u0259min informasiyalarla ba\u011fl\u0131 bildiririk ki, fevral\u0131n 23-d\u0259 gec\u0259 saat 3 rad\u0259l\u0259rind\u0259 1982-ci il t\u0259v\u0259ll\u00fcdl\u00fc El\u00e7in Yusibov i\u015f yerind\u0259 s\u0259hh\u0259tinin pisl\u0259\u015fm\u0259si s\u0259b\u0259bind\u0259n x\u0259st\u0259xanaya apar\u0131l\u0131b, g\u00f6st\u0259rilmi\u015f tibbi yard\u0131mlara baxmayaraq, \u201cq\u0259fl\u0259ti koronal \u00f6l\u00fcm\u201d diaqnozu il\u0259 v\u0259fat edib. Prokurorluq \u0259m\u0259kda\u015flar\u0131 t\u0259r\u0259find\u0259n m\u0259hk\u0259m\u0259-tibb ekspertinin i\u015ftirak\u0131 il\u0259 hadis\u0259 yerin\u0259 v\u0259 meyit\u0259 bax\u0131\u015f ke\u00e7irilib, \u0259razid\u0259 olan t\u0259hl\u00fck\u0259sizlik kameralar\u0131n\u0131n qeyd\u0259 ald\u0131\u011f\u0131 g\u00f6r\u00fcnt\u00fcl\u0259r\u0259 bax\u0131\u015f ke\u00e7irilib. Haz\u0131rda \u015f\u0259h\u0259r prokurorlu\u011funda ara\u015fd\u0131rma davam etdirilir.<\/p>\n","protected":false},"author":2,"featured_media":436693,"comment_status":"closed","ping_status":"closed","sticky":false,"template":"","format":"standard","meta":{"om_disable_all_campaigns":false,"_monsterinsights_skip_tracking":false,"_monsterinsights_sitenote_active":false,"_monsterinsights_sitenote_note":"","_monsterinsights_sitenote_category":0},"categories":[5],"tags":[],"aioseo_notices":[],"gutentor_comment":0,"rttpg_featured_image_url":{"full":["https:\/\/arantv.az\/wp-content\/uploads\/2022\/02\/1643015749_bas-prokurorluq-modern.az_.jpg",620,383,false],"landscape":["https:\/\/arantv.az\/wp-content\/uploads\/2022\/02\/1643015749_bas-prokurorluq-modern.az_.jpg",620,383,false],"portraits":["https:\/\/arantv.az\/wp-content\/uploads\/2022\/02\/1643015749_bas-prokurorluq-modern.az_.jpg",620,383,false],"thumbnail":["https:\/\/arantv.az\/wp-content\/uploads\/2022\/02\/1643015749_bas-prokurorluq-modern.az_-500x280.jpg",500,280,true],"medium":["https:\/\/arantv.az\/wp-content\/uploads\/2022\/02\/1643015749_bas-prokurorluq-modern.az_-591x365.jpg",591,365,true],"large":["https:\/\/arantv.az\/wp-content\/uploads\/2022\/02\/1643015749_bas-prokurorluq-modern.az_.jpg",620,383,false],"1536x1536":["https:\/\/arantv.az\/wp-content\/uploads\/2022\/02\/1643015749_bas-prokurorluq-modern.az_.jpg",620,383,false],"2048x2048":["https:\/\/arantv.az\/wp-content\/uploads\/2022\/02\/1643015749_bas-prokurorluq-modern.az_.jpg",620,383,false],"post-thumbnail":["https:\/\/arantv.az\/wp-content\/uploads\/2022\/02\/1643015749_bas-prokurorluq-modern.az_-240x172.jpg",240,172,true],"advps-thumb-one":["https:\/\/arantv.az\/wp-content\/uploads\/2022\/02\/1643015749_bas-prokurorluq-modern.az_.jpg",620,383,false]},"rttpg_author":{"display_name":"V\u00fcsal Rafiqo\u011flu","author_link":"https:\/\/arantv.az\/?author=2"},"rttpg_comment":0,"rttpg_category":"<a href=\"https:\/\/arantv.az\/?cat=5\" rel=\"category\">Hadis\u0259<\/a>","rttpg_excerpt":"G\u0259nc\u0259 \u015f\u0259h\u0259ri \u0259razisind\u0259 yerl\u0259\u015f\u0259n avtomobil zavodunda m\u00fchafiz\u0259 xidm\u0259tind\u0259 \u00e7al\u0131\u015fan E.Yusibovun z\u0259d\u0259 almas\u0131 n\u0259tic\u0259sind\u0259 v\u0259fat etm\u0259si il\u0259 ba\u011fl\u0131 informasiyalar ictimail\u0259\u015fdirilib. Ba\u015f Prokurorlu\u011fun M\u0259tbuat Xidm\u0259tind\u0259n veril\u0259n m\u0259lumata g\u00f6r\u0259, yay\u0131lm\u0131\u015f h\u0259min informasiyalarla ba\u011fl\u0131 bildiririk ki, fevral\u0131n 23-d\u0259 gec\u0259 saat 3 rad\u0259l\u0259rind\u0259 1982-ci il t\u0259v\u0259ll\u00fcdl\u00fc El\u00e7in Yusibov i\u015f yerind\u0259 s\u0259hh\u0259tinin pisl\u0259\u015fm\u0259si s\u0259b\u0259bind\u0259n x\u0259st\u0259xanaya apar\u0131l\u0131b, g\u00f6st\u0259rilmi\u015f tibbi yard\u0131mlara baxmayaraq, \u201cq\u0259fl\u0259ti&hellip;","_links":{"self":[{"href":"https:\/\/arantv.az\/index.php?rest_route=\/wp\/v2\/posts\/442921"}],"collection":[{"href":"https:\/\/arantv.az\/index.php?rest_route=\/wp\/v2\/posts"}],"about":[{"href":"https:\/\/arantv.az\/index.php?rest_route=\/wp\/v2\/types\/post"}],"author":[{"embeddable":true,"href":"https:\/\/arantv.az\/index.php?rest_route=\/wp\/v2\/users\/2"}],"replies":[{"embeddable":true,"href":"https:\/\/arantv.az\/index.php?rest_route=%2Fwp%2Fv2%2Fcomments&post=442921"}],"version-history":[{"count":0,"href":"https:\/\/arantv.az\/index.php?rest_route=\/wp\/v2\/posts\/442921\/revisions"}],"wp:featuredmedia":[{"embeddable":true,"href":"https:\/\/arantv.az\/index.php?rest_route=\/wp\/v2\/media\/436693"}],"wp:attachment":[{"href":"https:\/\/arantv.az\/index.php?rest_route=%2Fwp%2Fv2%2Fmedia&parent=442921"}],"wp:term":[{"taxonomy":"category","embeddable":true,"href":"https:\/\/arantv.az\/index.php?rest_route=%2Fwp%2Fv2%2Fcategories&post=442921"},{"taxonomy":"post_tag","embeddable":true,"href":"https:\/\/arantv.az\/index.php?rest_route=%2Fwp%2Fv2%2Ftags&post=442921"}],"curies":[{"name":"wp","href":"https:\/\/api.w.org\/{rel}","templated":true}]}}