{"id":442924,"date":"2022-02-23T14:37:27","date_gmt":"2022-02-23T11:37:27","guid":{"rendered":"http:\/\/arantv.az\/?p=442924"},"modified":"2022-02-23T14:37:27","modified_gmt":"2022-02-23T11:37:27","slug":"erm%c9%99nistandan-rusiya-az%c9%99rbaycan-b%c9%99yannam%c9%99sin%c9%99-reaksiya","status":"publish","type":"post","link":"https:\/\/arantv.az\/?p=442924","title":{"rendered":"Erm\u0259nistandan Rusiya-Az\u0259rbaycan b\u0259yannam\u0259sin\u0259 reaksiya"},"content":{"rendered":"<p>Az\u0259rbaycanla m\u00fctt\u0259fiqlik \u0259m\u0259kda\u015fl\u0131\u011f\u0131 haqq\u0131nda b\u0259yannam\u0259nin imzalanmas\u0131 Rusiyan\u0131n suveren h\u00fcququdur.<\/p>\n<div class=\"AdviadNativeVideo\"><\/div>\n<p>Bu bar\u0259d\u0259 jurnalistl\u0259r\u0259 a\u00e7\u0131qlamas\u0131nda Erm\u0259nistan parlamentinin spikeri Akop Ar\u015fakyan bildirib.<\/p>\n<p>\u201cH\u0259r bir \u00f6lk\u0259nin beyn\u0259lxalq m\u00fcnasib\u0259tl\u0259ri ist\u0259diyi kimi inki\u015faf etdirm\u0259k kimi suveren h\u00fcququ var. Bizim Rusiya il\u0259 strateji sazi\u015fimiz var v\u0259 bu sazi\u015f \u0259n y\u00fcks\u0259k s\u0259viyy\u0259d\u0259 h\u0259yata ke\u00e7irilir. Biz \u00f6lk\u0259l\u0259rin \u00f6z xarici siyas\u0259tini h\u0259yata ke\u00e7irm\u0259k \u00fc\u00e7\u00fcn suveren h\u00fcququna h\u00f6rm\u0259tl\u0259 yana\u015fmal\u0131y\u0131q\u201d, &#8211; dey\u0259 o bildirib.<\/p>\n<p>Xat\u0131rladaq ki, fevral\u0131n 22-d\u0259 Moskvada Az\u0259rbaycan Respublikas\u0131n\u0131n Prezidenti \u0130lham \u018fliyev v\u0259 Rusiya Federasiyas\u0131n\u0131n Prezidenti Vladimir Putin t\u0259r\u0259find\u0259n \u201cAz\u0259rbaycan Respublikas\u0131 il\u0259 Rusiya Federasiyas\u0131 aras\u0131nda m\u00fctt\u0259fiqlik qar\u015f\u0131l\u0131ql\u0131 f\u0259aliyy\u0259ti haqq\u0131nda B\u0259yannam\u0259\u201d\u00a0<a href=\"https:\/\/oxu.az\/politics\/575810\" target=\"_blank\" rel=\"noopener\"><strong>imzalan\u0131b<\/strong><\/a>.<\/p>\n<p>M\u0259nb\u0259: TASS<\/p>\n","protected":false},"excerpt":{"rendered":"<p>Az\u0259rbaycanla m\u00fctt\u0259fiqlik \u0259m\u0259kda\u015fl\u0131\u011f\u0131 haqq\u0131nda b\u0259yannam\u0259nin imzalanmas\u0131 Rusiyan\u0131n suveren h\u00fcququdur. Bu bar\u0259d\u0259 jurnalistl\u0259r\u0259 a\u00e7\u0131qlamas\u0131nda Erm\u0259nistan parlamentinin spikeri Akop Ar\u015fakyan bildirib. \u201cH\u0259r bir \u00f6lk\u0259nin beyn\u0259lxalq m\u00fcnasib\u0259tl\u0259ri ist\u0259diyi kimi inki\u015faf etdirm\u0259k kimi suveren h\u00fcququ var. Bizim Rusiya il\u0259 strateji sazi\u015fimiz var v\u0259 bu sazi\u015f \u0259n y\u00fcks\u0259k s\u0259viyy\u0259d\u0259 h\u0259yata ke\u00e7irilir. Biz \u00f6lk\u0259l\u0259rin \u00f6z xarici siyas\u0259tini h\u0259yata ke\u00e7irm\u0259k \u00fc\u00e7\u00fcn suveren h\u00fcququna h\u00f6rm\u0259tl\u0259 yana\u015fmal\u0131y\u0131q\u201d, &#8211; dey\u0259 o bildirib. Xat\u0131rladaq ki, fevral\u0131n 22-d\u0259 Moskvada Az\u0259rbaycan Respublikas\u0131n\u0131n Prezidenti \u0130lham \u018fliyev v\u0259 Rusiya Federasiyas\u0131n\u0131n Prezidenti Vladimir Putin t\u0259r\u0259find\u0259n \u201cAz\u0259rbaycan Respublikas\u0131 il\u0259 Rusiya Federasiyas\u0131 aras\u0131nda m\u00fctt\u0259fiqlik qar\u015f\u0131l\u0131ql\u0131 f\u0259aliyy\u0259ti haqq\u0131nda B\u0259yannam\u0259\u201d\u00a0imzalan\u0131b.&hellip;<\/p>\n","protected":false},"author":2,"featured_media":442925,"comment_status":"closed","ping_status":"closed","sticky":false,"template":"","format":"standard","meta":{"om_disable_all_campaigns":false,"_monsterinsights_skip_tracking":false,"_monsterinsights_sitenote_active":false,"_monsterinsights_sitenote_note":"","_monsterinsights_sitenote_category":0},"categories":[4],"tags":[],"aioseo_notices":[],"gutentor_comment":0,"rttpg_featured_image_url":{"full":["https:\/\/arantv.az\/wp-content\/uploads\/2022\/02\/1613502612_422685.jpg",620,413,false],"landscape":["https:\/\/arantv.az\/wp-content\/uploads\/2022\/02\/1613502612_422685.jpg",620,413,false],"portraits":["https:\/\/arantv.az\/wp-content\/uploads\/2022\/02\/1613502612_422685.jpg",620,413,false],"thumbnail":["https:\/\/arantv.az\/wp-content\/uploads\/2022\/02\/1613502612_422685-500x280.jpg",500,280,true],"medium":["https:\/\/arantv.az\/wp-content\/uploads\/2022\/02\/1613502612_422685-548x365.jpg",548,365,true],"large":["https:\/\/arantv.az\/wp-content\/uploads\/2022\/02\/1613502612_422685.jpg",620,413,false],"1536x1536":["https:\/\/arantv.az\/wp-content\/uploads\/2022\/02\/1613502612_422685.jpg",620,413,false],"2048x2048":["https:\/\/arantv.az\/wp-content\/uploads\/2022\/02\/1613502612_422685.jpg",620,413,false],"post-thumbnail":["https:\/\/arantv.az\/wp-content\/uploads\/2022\/02\/1613502612_422685-240x172.jpg",240,172,true],"advps-thumb-one":["https:\/\/arantv.az\/wp-content\/uploads\/2022\/02\/1613502612_422685.jpg",620,413,false]},"rttpg_author":{"display_name":"V\u00fcsal Rafiqo\u011flu","author_link":"https:\/\/arantv.az\/?author=2"},"rttpg_comment":0,"rttpg_category":"<a href=\"https:\/\/arantv.az\/?cat=4\" rel=\"category\">Siyas\u0259t<\/a>","rttpg_excerpt":"Az\u0259rbaycanla m\u00fctt\u0259fiqlik \u0259m\u0259kda\u015fl\u0131\u011f\u0131 haqq\u0131nda b\u0259yannam\u0259nin imzalanmas\u0131 Rusiyan\u0131n suveren h\u00fcququdur. Bu bar\u0259d\u0259 jurnalistl\u0259r\u0259 a\u00e7\u0131qlamas\u0131nda Erm\u0259nistan parlamentinin spikeri Akop Ar\u015fakyan bildirib. \u201cH\u0259r bir \u00f6lk\u0259nin beyn\u0259lxalq m\u00fcnasib\u0259tl\u0259ri ist\u0259diyi kimi inki\u015faf etdirm\u0259k kimi suveren h\u00fcququ var. Bizim Rusiya il\u0259 strateji sazi\u015fimiz var v\u0259 bu sazi\u015f \u0259n y\u00fcks\u0259k s\u0259viyy\u0259d\u0259 h\u0259yata ke\u00e7irilir. Biz \u00f6lk\u0259l\u0259rin \u00f6z xarici siyas\u0259tini h\u0259yata ke\u00e7irm\u0259k \u00fc\u00e7\u00fcn suveren&hellip;","_links":{"self":[{"href":"https:\/\/arantv.az\/index.php?rest_route=\/wp\/v2\/posts\/442924"}],"collection":[{"href":"https:\/\/arantv.az\/index.php?rest_route=\/wp\/v2\/posts"}],"about":[{"href":"https:\/\/arantv.az\/index.php?rest_route=\/wp\/v2\/types\/post"}],"author":[{"embeddable":true,"href":"https:\/\/arantv.az\/index.php?rest_route=\/wp\/v2\/users\/2"}],"replies":[{"embeddable":true,"href":"https:\/\/arantv.az\/index.php?rest_route=%2Fwp%2Fv2%2Fcomments&post=442924"}],"version-history":[{"count":0,"href":"https:\/\/arantv.az\/index.php?rest_route=\/wp\/v2\/posts\/442924\/revisions"}],"wp:featuredmedia":[{"embeddable":true,"href":"https:\/\/arantv.az\/index.php?rest_route=\/wp\/v2\/media\/442925"}],"wp:attachment":[{"href":"https:\/\/arantv.az\/index.php?rest_route=%2Fwp%2Fv2%2Fmedia&parent=442924"}],"wp:term":[{"taxonomy":"category","embeddable":true,"href":"https:\/\/arantv.az\/index.php?rest_route=%2Fwp%2Fv2%2Fcategories&post=442924"},{"taxonomy":"post_tag","embeddable":true,"href":"https:\/\/arantv.az\/index.php?rest_route=%2Fwp%2Fv2%2Ftags&post=442924"}],"curies":[{"name":"wp","href":"https:\/\/api.w.org\/{rel}","templated":true}]}}